{"id":18916,"date":"2021-09-16T22:37:58","date_gmt":"2021-09-16T22:37:58","guid":{"rendered":"https:\/\/www.cordoba.gob.ar\/?p=13417"},"modified":"2021-09-16T22:37:58","modified_gmt":"2021-09-16T22:37:58","slug":"el-paseo-de-las-artes-cumple-40-anos-y-lo-celebra-a-lo-grande","status":"publish","type":"post","link":"http:\/\/cordobadirecto.com\/index.php\/2021\/09\/16\/el-paseo-de-las-artes-cumple-40-anos-y-lo-celebra-a-lo-grande\/","title":{"rendered":"El Paseo de las Artes cumple 40 a\u00f1os y lo celebra a lo grande"},"content":{"rendered":"<div><img src=\"http:\/\/cordobadirecto.com\/wp-content\/uploads\/2021\/09\/el-paseo-de-las-artes-cumple-40-anos-y-lo-celebra-a-lo-grande.jpg\" class=\"ff-og-image-inserted\"><\/div>\n<ul>\n<li><strong>La Municipalidad de C\u00f3rdoba impulsa numerosas actividades para festejar las cuatro d\u00e9cadas de vida del emblem\u00e1tico espacio cultural de la ciudad.<\/strong><\/li>\n<li><strong>Durante cuatro fines de semana, habr\u00e1 m\u00fasica en vivo, teatro, performances, entrega de distinciones a referentes, entre otras acciones.<\/strong><\/li>\n<\/ul>\n<hr>\n<p>Este domingo 19 el Paseo de las Artes de barrio G\u00fcemes cumplir\u00e1 40 a\u00f1os. Por tal motivo, la Municipalidad de C\u00f3rdoba organiz\u00f3 una amplia grilla de actividades que se llevar\u00e1n a cabo todos los fines de semana hasta el 10 de octubre pr\u00f3ximo.<\/p>\n<p>Este tradicional paseo, que es visitado por m\u00e1s de 6.000 personas por semana, ofrecer\u00e1 actividades culturales, recreativas y de entretenimiento en el hist\u00f3rico espacio donde funcionan ferias de artesan\u00edas.<\/p>\n<p>Habr\u00e1 espect\u00e1culos de circo, regalos sorpresa, actividades literarias, Djs, la animaci\u00f3n de Fernando Belzagui y un espect\u00e1culo itinerante del \u201cCuarteto del Amor\u201d.<\/p>\n<p>Tambi\u00e9n se realizar\u00e1n reconocimientos a referentes de las artesan\u00edas y a feriantes fundadores; se colocar\u00e1 una placa conmemorativa y se llevar\u00e1n a cabo conversatorios que repasar\u00e1n su historia. Habr\u00e1 tambi\u00e9n presencia de reconocidos Djs de nuestra ciudad y personalidades del mundo del arte.<\/p>\n<p><em>\u201cEst\u00e1 cumpliendo 40 a\u00f1os esta feria que da vida a unos de los barrios caracter\u00edsticos de C\u00f3rdoba, de los j\u00f3venes, de los artesanos y lo celebramos desde el domingo, con m\u00fasica, premios y sorpresas\u201d<\/em> comenta el secretario de Gobierno, Miguel Siciliano.<\/p>\n<p>En el mismo sentido, el subsecretario de Cultura Federico Racca destac\u00f3: <em>\u201cestamos poniendo a punto el lugar porque queremos que todos los vecinos vengan a visitar el Paseo de las Artes, que est\u00e1 tan hermoso, con actividades especiales para celebrar\u201d.<\/em><\/p>\n<p>Desde comienzo de la gesti\u00f3n, la Secretar\u00eda de Gobierno, a trav\u00e9s de la Subsecretar\u00eda de Cultura, lleva adelante un plan integral de recuperaci\u00f3n y puesta en valor del Paseo de las Artes, distintas \u00e1reas operativas del municipio han realizado obras de parquizaci\u00f3n, colocaci\u00f3n de luminarias, refuncionalizaci\u00f3n del sistema el\u00e9ctrico, pintura, remodelaci\u00f3n de sanitarios, murales art\u00edsticos, arreglos de veredas, remoci\u00f3n de micro basurales, renovaci\u00f3n de se\u00f1al\u00e9tica, redise\u00f1o de ordenamiento urbano, entre otras.<\/p>\n<p><em>\u201cEstamos trabajando para dejarlo impecable, pintando, cambiando luminarias, arreglando sanitarios, limpiando, poni\u00e9ndolo como nuevo para devolverle a la comunidad la mejor versi\u00f3n de este espacio cultural que es un icono de C\u00f3rdoba\u201d<\/em>, sostuvo el subdirector de Emprendimientos Creativos, Jos\u00e9 Lezcano.<\/p>\n<p><em>\u201cLo planteamos como un agasajo a los artesanos y artesanas, tanto a los fundadores como a los que estamos actualmente siendo parte de esta feria y a toda la ciudadan\u00eda que ha sido parte integrante de este espacio que siempre ha sido de encuentro de la diversidad plural que hay en esta ciudad\u201d<\/em>, expres\u00f3 por su parte Romina Primo, integrantes de la Comisi\u00f3n del Paseo de las Artes.<\/p>\n<p>En los fines de semana sucesivos hasta el 10 de octubre, quienes visiten el Paseo de las Artes podr\u00e1n encontrar teatro de t\u00edteres, cuentacuentos, actividades circenses, Djs, espect\u00e1culos de tango, m\u00fasica en vivo, entrega de distinciones a vecinos y ex feriantes, entrega de certificados a personas seleccionadas en los Fondos Est\u00edmulo a la Actividad Artesanal y mucho m\u00e1s.<\/p>\n<p>El Paseo de las Artes abre s\u00e1bados y domingos de 16 a 22 horas. Todas las actividades son de acceso libre y gratuito.<\/p>\n","protected":false},"excerpt":{"rendered":"<p>La Municipalidad de C\u00f3rdoba impulsa numerosas actividades para festejar las cuatro d\u00e9cadas de vida del emblem\u00e1tico espacio cultural de la ciudad. Durante cuatro fines de semana, habr\u00e1 m\u00fasica en vivo, teatro, performances, entrega de distinciones a referentes, entre otras acciones. Este domingo 19 el Paseo de las Artes de barrio G\u00fcemes cumplir\u00e1 40 a\u00f1os. Por [&hellip;]<\/p>\n","protected":false},"author":1,"featured_media":18917,"comment_status":"closed","ping_status":"closed","sticky":false,"template":"","format":"standard","meta":[],"categories":[44],"tags":[],"_links":{"self":[{"href":"http:\/\/cordobadirecto.com\/index.php\/wp-json\/wp\/v2\/posts\/18916"}],"collection":[{"href":"http:\/\/cordobadirecto.com\/index.php\/wp-json\/wp\/v2\/posts"}],"about":[{"href":"http:\/\/cordobadirecto.com\/index.php\/wp-json\/wp\/v2\/types\/post"}],"author":[{"embeddable":true,"href":"http:\/\/cordobadirecto.com\/index.php\/wp-json\/wp\/v2\/users\/1"}],"replies":[{"embeddable":true,"href":"http:\/\/cordobadirecto.com\/index.php\/wp-json\/wp\/v2\/comments?post=18916"}],"version-history":[{"count":0,"href":"http:\/\/cordobadirecto.com\/index.php\/wp-json\/wp\/v2\/posts\/18916\/revisions"}],"wp:featuredmedia":[{"embeddable":true,"href":"http:\/\/cordobadirecto.com\/index.php\/wp-json\/wp\/v2\/media\/18917"}],"wp:attachment":[{"href":"http:\/\/cordobadirecto.com\/index.php\/wp-json\/wp\/v2\/media?parent=18916"}],"wp:term":[{"taxonomy":"category","embeddable":true,"href":"http:\/\/cordobadirecto.com\/index.php\/wp-json\/wp\/v2\/categories?post=18916"},{"taxonomy":"post_tag","embeddable":true,"href":"http:\/\/cordobadirecto.com\/index.php\/wp-json\/wp\/v2\/tags?post=18916"}],"curies":[{"name":"wp","href":"https:\/\/api.w.org\/{rel}","templated":true}]}}