{"id":18920,"date":"2021-09-17T02:26:10","date_gmt":"2021-09-17T02:26:10","guid":{"rendered":"https:\/\/puntoapunto.com.ar\/?p=316441"},"modified":"2021-09-17T02:26:10","modified_gmt":"2021-09-17T02:26:10","slug":"tagle-guzman-cumplio-un-rol-triste-dentro-del-gobierno-lo-veo-en-una-situacion-vulnerable","status":"publish","type":"post","link":"http:\/\/cordobadirecto.com\/index.php\/2021\/09\/17\/tagle-guzman-cumplio-un-rol-triste-dentro-del-gobierno-lo-veo-en-una-situacion-vulnerable\/","title":{"rendered":"Tagle: \u201cGuzm\u00e1n cumpli\u00f3 un rol triste dentro del Gobierno, lo veo en una situaci\u00f3n vulnerable\u201d"},"content":{"rendered":"<p>En declaraciones al programa&nbsp;<strong>Aunque Parezca Tarde<\/strong>, que se emite por&nbsp;Punto a Punto&nbsp;<strong>Radio 90.7&nbsp;<\/strong>y que conduce<b> Gabriel Silva, <\/b>el presidente&nbsp;de la Bolsa de Comercio de C\u00f3rdoba, <strong>Manuel Tagle<\/strong> realiz\u00f3 un an\u00e1lisis sobre lo que est\u00e1 sucediendo dentro del \u00e1mbito pol\u00edtico tras la presentaci\u00f3n de renuncias por parte de los ministros&nbsp;que responden a la vicepresidenta Cristina Fern\u00e1ndez de Kirchner.<\/p>\n<p>\u201c<strong>Realmente hay una convulsi\u00f3n muy fuerte, una crisis institucional<\/strong>. La<a href=\"https:\/\/puntoapunto.com.ar\/crisis-en-el-frente-de-todos-cristina-le-vacia-el-gabinete-a-alberto-fernandez\/\" target=\"_blank\" rel=\"noopener\"> renuncia por parte del gabinete que responde a la vicepresidenta<\/a> es muy preocupante. Es un s\u00edntoma m\u00e1s del impacto que gener\u00f3 el resultado de la PASO\u201d, plante\u00f3 el empresario.<\/p>\n<p>\u201cEl pa\u00eds necesita un cambio de rumbo sino nos vamos es estrellar. La econom\u00eda no aguanta mas los derroches, los desequilibrios fiscales y la emisi\u00f3n de moneda, es insostenible. El gobierno no se da cuenta del grado de profundidad que tiene esta crisis, ellos creen que pueden seguir postergando lo que sucede con regulaciones, intervenciones, controles, prohibiciones del Estado en la econom\u00eda, y ya la econom\u00eda dijo basta. Ahora dijo basta la pol\u00edtica y la sociedad. <strong>Tenemos que esperar y ver c\u00f3mo el Gobierno resuelve su crisis.<\/strong> Ojal\u00e1 tome medidas de correcci\u00f3n y que no sigan despilfarrando recursos p\u00fablicos para prender captar la buena voluntad de un electorado que le dio la espalda\u201d.<\/p>\n<p>Sobre la situaci\u00f3n que envuelve al ministro <strong>Mart\u00edn Guzm\u00e1n<\/strong>, Tagle plante\u00f3: \u201clo veo un una situaci\u00f3n vulnerable. <strong>Guzm\u00e1n es una persona que cumpli\u00f3 un rol triste en el gobierno.<\/strong> Tiene ideas razonables sobre el capitalismo liberal pero ha tenido permanentes contradicciones con el poder pol\u00edtico del cual forma parte. Sus posiciones no han sido convalidadas por el poder ejecutivo y pol\u00edtico, debi\u00f3 ser mas firme y tomar medidas.<strong> Hoy no se que va a pasar con Guzm\u00e1n<\/strong>\u201c.<\/p>\n<p>Sobre la figura del ex presidente Mauricio Macri, Tagle describi\u00f3 que tiene un gran liderazgo: \u201ctuvo decisiones acertadas en materia del rumbo econ\u00f3mico, en la integraci\u00f3n al mundo, de lograr casi el equilibrio fiscal y el autoabastecimiento energ\u00e9tico. <strong>Hizo una transformaci\u00f3n importante pero lamentablemente no le alcanz\u00f3 el tiempo para completar un proceso de estabilizaci\u00f3n y de orden en la econom\u00eda<\/strong>, eso le gener\u00f3 una situaci\u00f3n adversa en las elecciones\u201d.<\/p>\n<h5><strong>-\u00bfQu\u00e9 pasa con el empresariado cordob\u00e9s?<\/strong><\/h5>\n<p>-\u201cPara los empresarios, el resultado de las elecciones ha sido un b\u00e1lsamo de esperanza de que el rumbo del pa\u00eds se puede empezar a cambiar, o por lo menos es una se\u00f1al de que estamos mal y de que hay que pensar en otra pol\u00edtica econ\u00f3mica, una pol\u00edtica integrada al mundo\u201d.<\/p>\n<div class=\"saboxplugin-wrap\" itemtype=\"http:\/\/schema.org\/Person\" itemscope itemprop=\"author\">\n<div class=\"saboxplugin-tab\">\n<div class=\"saboxplugin-gravatar\"><img alt src=\"http:\/\/cordobadirecto.com\/wp-content\/uploads\/2021\/09\/tagle-guzman-cumplio-un-rol-triste-dentro-del-gobierno-lo-veo-en-una-situacion-vulnerable.jpg\" srcset=\"http:\/\/cordobadirecto.com\/wp-content\/uploads\/2021\/09\/tagle-guzman-cumplio-un-rol-triste-dentro-del-gobierno-lo-veo-en-una-situacion-vulnerable-1.jpg 2x\" class=\"avatar avatar-100 photo\" height=\"100\" width=\"100\" itemprop=\"image\" loading=\"lazy\"><\/div>\n<div class=\"saboxplugin-desc\" readability=\"6.5\">\n<div itemprop=\"description\" readability=\"8\">\n<p>Este articulo fue escrito por la redacci\u00f3n de Punto a Punto. Seguinos en todas nuestras redes sociales<\/p>\n<\/div>\n<\/div>\n<\/div>\n<\/div>\n","protected":false},"excerpt":{"rendered":"<p>En declaraciones al programa&nbsp;Aunque Parezca Tarde, que se emite por&nbsp;Punto a Punto&nbsp;Radio 90.7&nbsp;y que conduce Gabriel Silva, el presidente&nbsp;de la Bolsa de Comercio de C\u00f3rdoba, Manuel Tagle realiz\u00f3 un an\u00e1lisis sobre lo que est\u00e1 sucediendo dentro del \u00e1mbito pol\u00edtico tras la presentaci\u00f3n de renuncias por parte de los ministros&nbsp;que responden a la vicepresidenta Cristina Fern\u00e1ndez [&hellip;]<\/p>\n","protected":false},"author":1,"featured_media":18921,"comment_status":"closed","ping_status":"closed","sticky":false,"template":"","format":"standard","meta":[],"categories":[23,25],"tags":[],"_links":{"self":[{"href":"http:\/\/cordobadirecto.com\/index.php\/wp-json\/wp\/v2\/posts\/18920"}],"collection":[{"href":"http:\/\/cordobadirecto.com\/index.php\/wp-json\/wp\/v2\/posts"}],"about":[{"href":"http:\/\/cordobadirecto.com\/index.php\/wp-json\/wp\/v2\/types\/post"}],"author":[{"embeddable":true,"href":"http:\/\/cordobadirecto.com\/index.php\/wp-json\/wp\/v2\/users\/1"}],"replies":[{"embeddable":true,"href":"http:\/\/cordobadirecto.com\/index.php\/wp-json\/wp\/v2\/comments?post=18920"}],"version-history":[{"count":0,"href":"http:\/\/cordobadirecto.com\/index.php\/wp-json\/wp\/v2\/posts\/18920\/revisions"}],"wp:featuredmedia":[{"embeddable":true,"href":"http:\/\/cordobadirecto.com\/index.php\/wp-json\/wp\/v2\/media\/18921"}],"wp:attachment":[{"href":"http:\/\/cordobadirecto.com\/index.php\/wp-json\/wp\/v2\/media?parent=18920"}],"wp:term":[{"taxonomy":"category","embeddable":true,"href":"http:\/\/cordobadirecto.com\/index.php\/wp-json\/wp\/v2\/categories?post=18920"},{"taxonomy":"post_tag","embeddable":true,"href":"http:\/\/cordobadirecto.com\/index.php\/wp-json\/wp\/v2\/tags?post=18920"}],"curies":[{"name":"wp","href":"https:\/\/api.w.org\/{rel}","templated":true}]}}