{"id":18927,"date":"2021-09-17T13:44:05","date_gmt":"2021-09-17T13:44:05","guid":{"rendered":"https:\/\/www.cordoba.gob.ar\/?p=13430"},"modified":"2021-09-17T13:44:05","modified_gmt":"2021-09-17T13:44:05","slug":"primer-vivero-agroforestal-en-parques-educativos","status":"publish","type":"post","link":"http:\/\/cordobadirecto.com\/index.php\/2021\/09\/17\/primer-vivero-agroforestal-en-parques-educativos\/","title":{"rendered":"Primer Vivero Agroforestal en Parques Educativos"},"content":{"rendered":"<div><img src=\"http:\/\/cordobadirecto.com\/wp-content\/uploads\/2021\/09\/primer-vivero-agroforestal-en-parques-educativos.jpg\" class=\"ff-og-image-inserted\"><\/div>\n<ul>\n<li><strong>Inaugurado en el Parque Sur, es el segundo en la ciudad e integra la Red Provincial de Viveros Agroforestales.<\/strong><\/li>\n<\/ul>\n<hr>\n<p>El objetivo del Vivero Urbano Agroforestal es promover instancias de formaci\u00f3n, dictado de cursos y capacitaciones en coorganizaci\u00f3n con actores de la sociedad civil como Grupos Scouts, organizaciones comunitarias, Asociaciones Civiles y Fundaciones, Centros Vecinales. Adem\u00e1s, es un proyecto de triple impacto y econom\u00eda circular para la educaci\u00f3n e intervenci\u00f3n ambiental al que podr\u00e1n asistir escuelas de la zona y aportar\u00e1 a la formaci\u00f3n de ni\u00f1os, ni\u00f1as y j\u00f3venes, adolescentes y adultos.<\/p>\n<p>El espacio fue construido con elementos recuperados, c\u00f3mo lo son los postes de alumbrado p\u00fablico en desuso que sostienen la estructura. La ejecuci\u00f3n de la obra estuvo en manos de trabajadores y trabajadoras del Programa Servidores Urbanos que desempe\u00f1an sus tareas en el parque. Tambi\u00e9n la empresa Blangino colabor\u00f3 con materiales para el sendero que unifica la huerta con el vivero.<\/p>\n<p>Gran parte del proceso utilizar\u00e1 residuos que normalmente se descartan, como envases para hacer el transplante de los \u00e1rboles en edad temprana (repique). Por otra parte, se acopiar\u00e1n envases pl\u00e1sticos para el proyecto conjunto entre 3C y la Parroquia de B\u00b0 Comercial.<\/p>\n<p>Este proyecto se realiz\u00f3 gracias al trabajo conjunto de la Direcci\u00f3n de Parques Educativos de la Secretar\u00eda de Educaci\u00f3n, la Secretar\u00eda de Gesti\u00f3n Ambiental y Desarrollo Sostenible, el Ente BioCba, el Ente C\u00f3rdoba Obras y Servicios, el Ministerio de Agricultura de la Provincia de C\u00f3rdoba y actores del tercer sector.<\/p>\n<p>Marcos Blanda, Secretario de Agricultura de la Provincia, destac\u00f3 la importancia de la creaci\u00f3n de \u00e9ste vivero, el n\u00famero 71, que se integra a la Red Provincial de Viveros Agroforestales y que ser\u00eda el 2\u00b0 existente en la ciudad. \u201cEs un gran aporte no solamente para la satisfacci\u00f3n de los objetivos trazados por la ley de bosques junto a los productores agropecuarios de nuestra provincia sino tambi\u00e9n para el aporte ante los desastres naturales y delitos ambientales\u201d.<\/p>\n<p><em>\u201cLas y los vecinos del Parque son verdaderos protagonista del cambio, para seguir haciendo de C\u00f3rdoba, una ciudad educadora comprometida con el ambiente, haciendo foco en el desarrollo sostenible como lo propone el Intendente Mart\u00edn Llaryora\u201d<\/em> afirm\u00f3 el Secretario de Educaci\u00f3n, Horacio Ferreyra.&nbsp; Adem\u00e1s, valoro los aportes de todas las instituciones del Estados provincial, municipal y de la sociedad civil que hicieron posible la apertura de este vivero y proyecta en comunidad el desarrollo de actividades socioeducativas.<\/p>\n<p>Por \u00faltimo, el Subdirector del Parque Educativo, Mart\u00edn Giesenow agradeci\u00f3 a las autoridades presentes y enumer\u00f3 distintos aportes al momento inicial del proyecto. Especialmente destac\u00f3 la cantidad de propuestas y oportunidades pedag\u00f3gicas y de articulaci\u00f3n que surgen a futuro con esta nueva capacidad que sum\u00f3 el parque como instituci\u00f3n socioeducativa.<\/p>\n<p>Estuvieron presentes en la actividad Horacio Ferreyra Secretario de Educaci\u00f3n, Marcos Blanda Secretario de Agricultura de la Provincia, Maria Jos\u00e9 Viola Subsecretaria de Educaci\u00f3n, Victoria Flores Presidenta del COyS, Enzo Cravero Presidente del ente BioCba, Mariana Vigo Subsecretaria de Agricultura Familiar de la Provincia, Eugenia Rotondi Directora de Parques Educativos, Jorge Lorenzo Subdirector de CPC Villa Libertador, Nadir Nifuri Director de Cooperativas y Mutuales, Agust\u00edn Cohen Secretario de Graduados UNC. Adem\u00e1s, participaron organizaciones, vecinas y vecinos de la zona.<\/p>\n","protected":false},"excerpt":{"rendered":"<p>Inaugurado en el Parque Sur, es el segundo en la ciudad e integra la Red Provincial de Viveros Agroforestales. El objetivo del Vivero Urbano Agroforestal es promover instancias de formaci\u00f3n, dictado de cursos y capacitaciones en coorganizaci\u00f3n con actores de la sociedad civil como Grupos Scouts, organizaciones comunitarias, Asociaciones Civiles y Fundaciones, Centros Vecinales. Adem\u00e1s, [&hellip;]<\/p>\n","protected":false},"author":1,"featured_media":18928,"comment_status":"closed","ping_status":"closed","sticky":false,"template":"","format":"standard","meta":[],"categories":[44],"tags":[],"_links":{"self":[{"href":"http:\/\/cordobadirecto.com\/index.php\/wp-json\/wp\/v2\/posts\/18927"}],"collection":[{"href":"http:\/\/cordobadirecto.com\/index.php\/wp-json\/wp\/v2\/posts"}],"about":[{"href":"http:\/\/cordobadirecto.com\/index.php\/wp-json\/wp\/v2\/types\/post"}],"author":[{"embeddable":true,"href":"http:\/\/cordobadirecto.com\/index.php\/wp-json\/wp\/v2\/users\/1"}],"replies":[{"embeddable":true,"href":"http:\/\/cordobadirecto.com\/index.php\/wp-json\/wp\/v2\/comments?post=18927"}],"version-history":[{"count":0,"href":"http:\/\/cordobadirecto.com\/index.php\/wp-json\/wp\/v2\/posts\/18927\/revisions"}],"wp:featuredmedia":[{"embeddable":true,"href":"http:\/\/cordobadirecto.com\/index.php\/wp-json\/wp\/v2\/media\/18928"}],"wp:attachment":[{"href":"http:\/\/cordobadirecto.com\/index.php\/wp-json\/wp\/v2\/media?parent=18927"}],"wp:term":[{"taxonomy":"category","embeddable":true,"href":"http:\/\/cordobadirecto.com\/index.php\/wp-json\/wp\/v2\/categories?post=18927"},{"taxonomy":"post_tag","embeddable":true,"href":"http:\/\/cordobadirecto.com\/index.php\/wp-json\/wp\/v2\/tags?post=18927"}],"curies":[{"name":"wp","href":"https:\/\/api.w.org\/{rel}","templated":true}]}}