{"id":189372,"date":"2026-03-04T00:33:37","date_gmt":"2026-03-04T00:33:37","guid":{"rendered":"https:\/\/puntoapunto.com.ar\/?p=382502"},"modified":"2026-03-04T00:33:37","modified_gmt":"2026-03-04T00:33:37","slug":"caputo-en-cordoba-el-kirchnerismo-va-a-pasar-a-ser-una-fuerza-politica-irrelevante","status":"publish","type":"post","link":"http:\/\/cordobadirecto.com\/index.php\/2026\/03\/04\/caputo-en-cordoba-el-kirchnerismo-va-a-pasar-a-ser-una-fuerza-politica-irrelevante\/","title":{"rendered":"Caputo en C\u00f3rdoba: \u00abel kirchnerismo va a pasar a ser una fuerza pol\u00edtica irrelevante\u00bb"},"content":{"rendered":"<p>&nbsp;<!-- \u00a1O bien no hay banners, estan desactivados o no estan programados para esta ubicaci\u00f3n! -->\n<\/p>\n<p>En un auditorio colmado en C\u00f3rdoba, el ministro de Econom\u00eda<strong>, Luis \u00abToto\u00bb Caputo,<\/strong> destac\u00f3 el rol de la provincia como uno de los motores productivos del pa\u00eds y subray\u00f3 la sinton\u00eda entre el Gobierno nacional y el sector privado.\n<\/p>\n<p>\u201cC\u00f3rdoba es una provincia que siempre me recibe bien. Tiene un potencial enorme y es uno de los motores de nuestra econom\u00eda\u201d, afirm\u00f3 al inicio de su discurso ante empresarios y referentes econ\u00f3micos.\n<\/p>\n<p>Caputo plante\u00f3 que el actual proceso econ\u00f3mico marca una diferencia respecto de experiencias anteriores. Seg\u00fan explic\u00f3, en la Argentina el orden macroecon\u00f3mico hist\u00f3ricamente fue el resultado forzado de crisis profundas.\n<\/p>\n<p>\u201cSiempre que tuvimos orden macro fue porque ven\u00edamos de atravesar una crisis. La crisis hac\u00eda el ajuste y pon\u00eda las cuentas fiscales en orden, algo que ning\u00fan pol\u00edtico se animaba a hacer\u201d, se\u00f1al\u00f3.<!-- \u00a1O bien no hay banners, estan desactivados o no estan programados para esta ubicaci\u00f3n! -->\n<\/p>\n<p>En esa l\u00ednea, sostuvo que las crisis recurrentes tuvieron como causa la falta de compromiso para sostener el equilibrio fiscal en el tiempo. \u201cSe creaban espejismos que tarde o temprano terminaban mal\u201d, resumi\u00f3.<\/p>\n<p>Para el ministro, la gesti\u00f3n encabezada por el presidente <strong>Javier Milei<\/strong> se diferencia por la \u201cdeterminaci\u00f3n y el coraje\u201d para encarar reformas estructurales. \u201cEs la primera vez que tenemos un presidente con la vocaci\u00f3n real de mantener el orden macroecon\u00f3mico\u201d, enfatiz\u00f3.\n<\/p>\n<p><img decoding=\"async\" class=\"aligncenter size-full wp-image-382504\" src=\"http:\/\/cordobadirecto.com\/wp-content\/uploads\/2026\/03\/caputo-en-cordoba-el-kirchnerismo-va-a-pasar-a-ser-una-fuerza-politica-irrelevante.jpg\" alt width=\"1600\" height=\"1200\" srcset=\"http:\/\/cordobadirecto.com\/wp-content\/uploads\/2026\/03\/caputo-en-cordoba-el-kirchnerismo-va-a-pasar-a-ser-una-fuerza-politica-irrelevante.jpg 1600w, http:\/\/cordobadirecto.com\/wp-content\/uploads\/2026\/03\/caputo-en-cordoba-el-kirchnerismo-va-a-pasar-a-ser-una-fuerza-politica-irrelevante-3.jpg 300w, http:\/\/cordobadirecto.com\/wp-content\/uploads\/2026\/03\/caputo-en-cordoba-el-kirchnerismo-va-a-pasar-a-ser-una-fuerza-politica-irrelevante-4.jpg 1024w, http:\/\/cordobadirecto.com\/wp-content\/uploads\/2026\/03\/caputo-en-cordoba-el-kirchnerismo-va-a-pasar-a-ser-una-fuerza-politica-irrelevante-5.jpg 768w, http:\/\/cordobadirecto.com\/wp-content\/uploads\/2026\/03\/caputo-en-cordoba-el-kirchnerismo-va-a-pasar-a-ser-una-fuerza-politica-irrelevante-6.jpg 1536w, http:\/\/cordobadirecto.com\/wp-content\/uploads\/2026\/03\/caputo-en-cordoba-el-kirchnerismo-va-a-pasar-a-ser-una-fuerza-politica-irrelevante-7.jpg 750w, http:\/\/cordobadirecto.com\/wp-content\/uploads\/2026\/03\/caputo-en-cordoba-el-kirchnerismo-va-a-pasar-a-ser-una-fuerza-politica-irrelevante-8.jpg 1140w\" sizes=\"(max-width: 1600px) 100vw, 1600px\" loading=\"lazy\">\n<\/p>\n<p><strong>Resultados tras dos a\u00f1os de gesti\u00f3n<\/strong>\n<\/p>\n<p>Caputo afirm\u00f3 que, adem\u00e1s de la voluntad pol\u00edtica, el Gobierno ya puede exhibir resultados concretos.\n<\/p>\n<p>\u201cHoy, despu\u00e9s de dos a\u00f1os, podemos mostrar resultados -a\u00f1adi\u00f3-. Terminamos con el d\u00e9ficit fiscal y el cuasifiscal; consolidamos un proceso de desinflaci\u00f3n; estamos en el pico del Estimador Mensual Econ\u00f3mico (EMAE). <strong>Se logr\u00f3 hacer todo esto con la econom\u00eda creciendo,<\/strong>&nbsp;logrando sacar 11 millones de argentinos de la pobreza\u00bb.\n<\/p>\n<p>Sum\u00f3 que, adem\u00e1s, terminaron con los piquetes, con regulaciones que \u201ccomplicaban la vida\u201d y \u201cbajando impuestos\u201d (estim\u00f3 en $16.000 millones por a\u00f1o lo que se le devuelve al sector privado).\n<\/p>\n<p>El ministro destac\u00f3 adem\u00e1s que el ajuste se realiz\u00f3 \u201csin default, sin planes Bonex y sin afectar ni violar la propiedad privada\u201d, y asegur\u00f3 que el proceso se dio en un contexto de recuperaci\u00f3n de la actividad econ\u00f3mica. \u201cTodav\u00eda hay un largo camino por recorrer\u201d, dijo.\n<\/p>\n<p><strong>Competitividad e inversi\u00f3n<\/strong>\n<\/p>\n<p>En el tramo final, el ministro remarc\u00f3 que la estrategia oficial combina disciplina fiscal con reducci\u00f3n de impuestos y regulaciones.\n<\/p>\n<p>\u201cLa competitividad se gana bajando impuestos y regulaciones desde el sector p\u00fablico, y desde el sector privado invirtiendo\u201d, afirm\u00f3 ante los empresarios cordobeses.\n<\/p>\n<p>En ese sentido, asegur\u00f3 que el Gobierno avanzar\u00e1 con \u201ctodas las reformas que sean necesarias\u201d para que la Argentina alcance los niveles de competitividad que \u2014seg\u00fan expres\u00f3\u2014 el pa\u00eds merece.\n<\/p>\n<p><img loading=\"lazy\" decoding=\"async\" class=\"aligncenter size-full wp-image-382513\" src=\"http:\/\/cordobadirecto.com\/wp-content\/uploads\/2026\/03\/caputo-en-cordoba-el-kirchnerismo-va-a-pasar-a-ser-una-fuerza-politica-irrelevante-1.jpg\" alt width=\"1600\" height=\"1069\" srcset=\"http:\/\/cordobadirecto.com\/wp-content\/uploads\/2026\/03\/caputo-en-cordoba-el-kirchnerismo-va-a-pasar-a-ser-una-fuerza-politica-irrelevante-1.jpg 1600w, http:\/\/cordobadirecto.com\/wp-content\/uploads\/2026\/03\/caputo-en-cordoba-el-kirchnerismo-va-a-pasar-a-ser-una-fuerza-politica-irrelevante-9.jpg 300w, http:\/\/cordobadirecto.com\/wp-content\/uploads\/2026\/03\/caputo-en-cordoba-el-kirchnerismo-va-a-pasar-a-ser-una-fuerza-politica-irrelevante-10.jpg 1024w, http:\/\/cordobadirecto.com\/wp-content\/uploads\/2026\/03\/caputo-en-cordoba-el-kirchnerismo-va-a-pasar-a-ser-una-fuerza-politica-irrelevante-11.jpg 768w, http:\/\/cordobadirecto.com\/wp-content\/uploads\/2026\/03\/caputo-en-cordoba-el-kirchnerismo-va-a-pasar-a-ser-una-fuerza-politica-irrelevante-12.jpg 1536w, http:\/\/cordobadirecto.com\/wp-content\/uploads\/2026\/03\/caputo-en-cordoba-el-kirchnerismo-va-a-pasar-a-ser-una-fuerza-politica-irrelevante-13.jpg 750w, http:\/\/cordobadirecto.com\/wp-content\/uploads\/2026\/03\/caputo-en-cordoba-el-kirchnerismo-va-a-pasar-a-ser-una-fuerza-politica-irrelevante-14.jpg 1140w\" sizes=\"auto, (max-width: 1600px) 100vw, 1600px\">\n<\/p>\n<p><strong>Conflicto en Medio Oriente<\/strong>\n<\/p>\n<p data-start=\"0\" data-end=\"476\">Cuando hay un evento global como el que estamos viviendo, afirm\u00f3 el ministro de Econom\u00eda <strong data-start=\"89\" data-end=\"130\"><span class=\"hover:entity-accent entity-underline inline cursor-pointer align-baseline\"><span class=\"whitespace-normal\">Luis Caputo<\/span><\/span><\/strong>, \u201chay que estar del lado correcto\u201d. En relaci\u00f3n con la reciente escalada del conflicto en Medio Oriente, destac\u00f3 la decisi\u00f3n del presidente de <strong data-start=\"274\" data-end=\"328\">alinear a la Argentina con Estados Unidos e Israel<\/strong>, postura que seg\u00fan Caputo coloca al pa\u00eds \u201cen el grupo correcto\u201d frente a las tensiones geopol\u00edticas actuales.\n<\/p>\n<p data-start=\"478\" data-end=\"831\">El ministro subray\u00f3 que a\u00f1os atr\u00e1s la orientaci\u00f3n internacional de la Argentina hab\u00eda sido distinta y cit\u00f3 como ejemplo gobiernos que, a su juicio, privilegiaron otros alineamientos. En contraste con aquellos tiempos, hoy \u2014afirm\u00f3\u2014 <strong data-start=\"709\" data-end=\"767\">\u201cme deja c\u00f3modo como ministro estar del lado correcto\u201d<\/strong> en t\u00e9rminos geopol\u00edticos.\n<\/p>\n<p data-start=\"833\" data-end=\"1253\">Caputo asegur\u00f3 adem\u00e1s que <strong data-start=\"859\" data-end=\"902\">Argentina captur\u00f3 la atenci\u00f3n del mundo<\/strong> como destino de inversiones, impulsada en parte por el R\u00e9gimen de Incentivos para Grandes Inversiones (RIGI). Seg\u00fan datos oficiales, hay proyectos presentados por casi 70 mil millones de d\u00f3lares y ya se aprobaron inversiones por m\u00e1s de 26 mil millones, que \u2014indic\u00f3\u2014 generar\u00e1n \u201ccientos de puestos de trabajo\u201d.\n<\/p>\n<p data-start=\"1255\" data-end=\"1529\">En ese contexto, sostuvo que las pol\u00edticas impulsadas no solo fortalecen la posici\u00f3n internacional del pa\u00eds, sino que \u201clo que estamos haciendo inevitablemente nos va a llevar a una Argentina mejor\u201d.\n<\/p>\n<p class=\"com-paragraph --s\">A lo largo de su disertaci\u00f3n, insisti\u00f3 en que la forma de ganar competitividad es bajando impuestos y regulaciones y fomentando la competitividad. En esa l\u00ednea, dijo que el hecho de que la recaudaci\u00f3n crezca se hace \u201clogrando&nbsp;<strong>mayor formalizaci\u00f3n de empleo y de ahorros<\/strong>\u201d por lo que \u201cno fue una casualidad\u201d que se enviaran al Congreso casi juntas las leyes de reforma laboral y de Inocencia Fiscal.\n<\/p>\n<p class=\"com-paragraph --s\">En la \u00faltima parte de su disertaci\u00f3n, el ministro abord\u00f3 el debate en torno a qu\u00e9 pasa con la&nbsp;<strong>industria<\/strong>&nbsp;en el pa\u00eds. Plante\u00f3 que el modelo del que viene la Argentina es \u201c<strong>inmoral, injusto, regresivo e ineficiente<\/strong>\u201d. En ese segmento volvi\u00f3 sobre los argentinos que compraban neum\u00e1ticos en pa\u00edses lim\u00edtrofes o ropa cuando viajaban porque eran m\u00e1s baratos, mientras que el que no pod\u00eda viajar, \u201cpagaba m\u00e1s\u201d. Toda esa situaci\u00f3n, se\u00f1al\u00f3, no gener\u00f3 m\u00e1s inversiones.\n<\/p>\n<p class=\"com-paragraph --s\">\u201cEl esquema al que buscamos ir es al que beneficie al que menos tiene, a todos los argentinos -continu\u00f3-. Que todos puedan comprar a mejor precio.&nbsp;<strong>No hay un boom de importaciones<\/strong>, estamos 35% por debajo del pico de 2011, en el supuesto modelo industrial, y 11% por debajo de 2022. Todav\u00eda nos falta recorrer un camino importante en materia de competencia\u00bb.\n<\/p>\n<p data-start=\"1255\" data-end=\"1529\"><strong>La palabra de P\u00eda Astori<\/strong>\n<\/p>\n<p>\u00abSin producci\u00f3n no hay desarrollo. Sin empresas no hay empleo. Y sin industria ni trabajo, no hay pa\u00eds posible. El Estado necesita un sector privado fuerte y competitivo. Y el sector privado necesita reglas claras y previsibilidad para invertir, producir y generar empleo de calidad\u00bb, dijo la presidenta de Fundaci\u00f3n Mediterr\u00e1nea.\n<\/p>\n<p><img loading=\"lazy\" decoding=\"async\" class=\"aligncenter size-full wp-image-382512\" src=\"http:\/\/cordobadirecto.com\/wp-content\/uploads\/2026\/03\/caputo-en-cordoba-el-kirchnerismo-va-a-pasar-a-ser-una-fuerza-politica-irrelevante-2.jpg\" alt width=\"1600\" height=\"1069\" srcset=\"http:\/\/cordobadirecto.com\/wp-content\/uploads\/2026\/03\/caputo-en-cordoba-el-kirchnerismo-va-a-pasar-a-ser-una-fuerza-politica-irrelevante-2.jpg 1600w, http:\/\/cordobadirecto.com\/wp-content\/uploads\/2026\/03\/caputo-en-cordoba-el-kirchnerismo-va-a-pasar-a-ser-una-fuerza-politica-irrelevante-15.jpg 300w, http:\/\/cordobadirecto.com\/wp-content\/uploads\/2026\/03\/caputo-en-cordoba-el-kirchnerismo-va-a-pasar-a-ser-una-fuerza-politica-irrelevante-16.jpg 1024w, http:\/\/cordobadirecto.com\/wp-content\/uploads\/2026\/03\/caputo-en-cordoba-el-kirchnerismo-va-a-pasar-a-ser-una-fuerza-politica-irrelevante-17.jpg 768w, http:\/\/cordobadirecto.com\/wp-content\/uploads\/2026\/03\/caputo-en-cordoba-el-kirchnerismo-va-a-pasar-a-ser-una-fuerza-politica-irrelevante-18.jpg 1536w, http:\/\/cordobadirecto.com\/wp-content\/uploads\/2026\/03\/caputo-en-cordoba-el-kirchnerismo-va-a-pasar-a-ser-una-fuerza-politica-irrelevante-19.jpg 750w, http:\/\/cordobadirecto.com\/wp-content\/uploads\/2026\/03\/caputo-en-cordoba-el-kirchnerismo-va-a-pasar-a-ser-una-fuerza-politica-irrelevante-20.jpg 1140w\" sizes=\"auto, (max-width: 1600px) 100vw, 1600px\">\n<\/p>\n<p>\u00abCreemos en la sana competencia, pero con inteligencia estrat\u00e9gica, como lo hacen pa\u00edses como Estados Unidos, que cuidan el ingreso de productos desde China para evitar distorsiones y proteger su entramado productivo. Competir s\u00ed, pero en igualdad de condiciones\u00bb, plante\u00f3.\n<\/p>\n<p>\u00abCreemos firmemente que debemos ser socios del Gobierno: socios en el dise\u00f1o de pol\u00edticas p\u00fablicas, socios en la construcci\u00f3n de soluciones concretas. Estamos a disposici\u00f3n del Gobierno nacional para contribuir desde el conocimiento, la experiencia y el compromiso con el desarrollo productivo.\n<\/p>\n<p>\u00abArgentina lo tiene todo: recursos naturales, capital humano de excelencia y empresarios con capacidad y vocaci\u00f3n de inversi\u00f3n. El pa\u00eds logr\u00f3 la tan anhelada estabilidad gracias a decisiones firmes que apuntaron a ordenar la macroeconom\u00eda, reducir el tama\u00f1o del Estado y combatir pr\u00e1cticas que durante a\u00f1os afectaron la transparencia y la eficiencia\u00bb, concluy\u00f3.\n<\/p>\n<div class=\"g g-38\">\n<div class=\"g-dyn a-12 c-1\"><a class=\"gofollow\" data-track=\"MTIsMzgsNjA=\" href=\"https:\/\/hospitalprivado.com.ar\/especialidades-medicas\/cirugia-general\/programa-de-cirugia-robotica.html\" target=\"_blank\" rel=\"noopener\"><img src=\"http:\/\/cordobadirecto.com\/wp-content\/uploads\/2026\/03\/caputo-en-cordoba-el-kirchnerismo-va-a-pasar-a-ser-una-fuerza-politica-irrelevante.gif\" loading=\"lazy\"><\/a><\/div>\n<\/div>\n","protected":false},"excerpt":{"rendered":"<p>&nbsp; En un auditorio colmado en C\u00f3rdoba, el ministro de Econom\u00eda, Luis \u00abToto\u00bb Caputo, destac\u00f3 el rol de la provincia como uno de los motores productivos del pa\u00eds y subray\u00f3 la sinton\u00eda entre el Gobierno nacional y el sector privado. \u201cC\u00f3rdoba es una provincia que siempre me recibe bien. Tiene un potencial enorme y es [&hellip;]<\/p>\n","protected":false},"author":1,"featured_media":189373,"comment_status":"closed","ping_status":"closed","sticky":false,"template":"","format":"standard","meta":[],"categories":[25],"tags":[],"_links":{"self":[{"href":"http:\/\/cordobadirecto.com\/index.php\/wp-json\/wp\/v2\/posts\/189372"}],"collection":[{"href":"http:\/\/cordobadirecto.com\/index.php\/wp-json\/wp\/v2\/posts"}],"about":[{"href":"http:\/\/cordobadirecto.com\/index.php\/wp-json\/wp\/v2\/types\/post"}],"author":[{"embeddable":true,"href":"http:\/\/cordobadirecto.com\/index.php\/wp-json\/wp\/v2\/users\/1"}],"replies":[{"embeddable":true,"href":"http:\/\/cordobadirecto.com\/index.php\/wp-json\/wp\/v2\/comments?post=189372"}],"version-history":[{"count":0,"href":"http:\/\/cordobadirecto.com\/index.php\/wp-json\/wp\/v2\/posts\/189372\/revisions"}],"wp:featuredmedia":[{"embeddable":true,"href":"http:\/\/cordobadirecto.com\/index.php\/wp-json\/wp\/v2\/media\/189373"}],"wp:attachment":[{"href":"http:\/\/cordobadirecto.com\/index.php\/wp-json\/wp\/v2\/media?parent=189372"}],"wp:term":[{"taxonomy":"category","embeddable":true,"href":"http:\/\/cordobadirecto.com\/index.php\/wp-json\/wp\/v2\/categories?post=189372"},{"taxonomy":"post_tag","embeddable":true,"href":"http:\/\/cordobadirecto.com\/index.php\/wp-json\/wp\/v2\/tags?post=189372"}],"curies":[{"name":"wp","href":"https:\/\/api.w.org\/{rel}","templated":true}]}}