{"id":18938,"date":"2021-09-17T19:42:00","date_gmt":"2021-09-17T19:42:00","guid":{"rendered":"http:\/\/cordobadirecto.com\/index.php\/2021\/09\/17\/el-expresidente-catalan-pidio-no-perder-el-tiempo-en-el-dialogo-con-madrid\/"},"modified":"2021-09-17T19:42:00","modified_gmt":"2021-09-17T19:42:00","slug":"el-expresidente-catalan-pidio-no-perder-el-tiempo-en-el-dialogo-con-madrid","status":"publish","type":"post","link":"http:\/\/cordobadirecto.com\/index.php\/2021\/09\/17\/el-expresidente-catalan-pidio-no-perder-el-tiempo-en-el-dialogo-con-madrid\/","title":{"rendered":"El expresidente catal\u00e1n pidi\u00f3 &#8220;no perder el tiempo&#8221; en el di\u00e1logo con Madrid"},"content":{"rendered":"<div class=\"image\" id=\"image\" readability=\"8\"> <img src=\"http:\/\/cordobadirecto.com\/wp-content\/uploads\/2021\/09\/el-expresidente-catalan-pidio-no-perder-el-tiempo-en-el-dialogo-con-madrid.jpg\" alt=\"Carles Puigdemont, expresidente regional catal\u00e1n.\" title=\"Carles Puigdemont, expresidente regional catal\u00e1n.\"><\/p>\n<p>Carles Puigdemont, expresidente regional catal\u00e1n.<\/p>\n<\/div>\n<p>El expresidente regional catal\u00e1n Carles Puigdemont advirti\u00f3 desde Par\u00eds contra &#8220;perder el tiempo&#8221; en el di\u00e1logo entre Madrid y Barcelona para superar la crisis pol\u00edtica por las aspiraciones independetistas y <strong>estim\u00f3 que faltan elementos para &#8220;una verdadera negociaci\u00f3n&#8221;.<\/strong><\/p>\n<p>&#8220;Perder el tiempo no es hacer pol\u00edtica. Ya hubo tiempo suficiente para poner sobre la mesa elementos para una verdadera negociaci\u00f3n con el Estado. No est\u00e1n&#8221;, dijo Puigdemont durante una reuni\u00f3n con diputados en el Parlamento franc\u00e9s, inform\u00f3 la agencia de noticias AFP.<\/p>\n<p>Sus declaraciones llegan <strong>dos d\u00edas despu\u00e9s que el gobierno espa\u00f1ol del socialista Pedro S\u00e1nchez y el Ejecutivo catal\u00e1n, liderado por el independentista Pere Aragon\u00e8s, reanudaran el di\u00e1logo<\/strong> sobre la crisis en Catalu\u00f1a, tras el refer\u00e9ndum de independencia de 2017.<\/p>\n<p>S\u00e1nchez rechaz\u00f3 de nuevo las dos principales reivindicaciones: acordar una nueva consulta separatista y una amnist\u00eda para los encausados por el intento de secesi\u00f3n de 2017. Aragon\u00e9s, que consider\u00f3 clave esas exigencias, reconoci\u00f3 que el di\u00e1logo &#8220;requiere tiempo&#8221;.<\/p>\n<p>Puigdemont, al frente del Ejecutivo catal\u00e1n cuando tuvo lugar la consulta, <strong>critic\u00f3 que el gobierno espa\u00f1ol intente &#8220;resituar el conflicto como si fuera un desacuerdo entre dos gobiernos<\/strong> por asuntos de financiaci\u00f3n o de competencias regionales&#8221;.<\/p>\n<p>&#8220;Si eso termina as\u00ed, ser\u00eda un grave error, porque de hecho el gran elefante est\u00e1 ah\u00ed: la independencia de Catalu\u00f1a&#8221;, apunt\u00f3 el actual eurodiputado, para quien <strong>si no se logran resultados o compromisos &#8220;claros&#8221;, &#8220;la respuesta del pueblo catal\u00e1n ser\u00e1 clara&#8221;.<\/strong><\/p>\n<p>Su partido Junts choca con sus socios en el gobierno regional, el ERC de Aragon\u00e8s, sobre el camino para alcanzar la independencia. Su \u00faltima batalla llev\u00f3 a su formaci\u00f3n a no participar en la reuni\u00f3n al no lograr que dos presos indultados participaran.<\/p>\n<p>Puigdemont, residente en B\u00e9lgica y a quien la justicia espa\u00f1ola pide extraditarlo para juzgarlo por el intento de secesi\u00f3n, fue invitado al Parlamento franc\u00e9s por diputados corsos del grupo Libertades y Territorios, quienes le expresaron su apoyo. <\/p>\n","protected":false},"excerpt":{"rendered":"<p>Carles Puigdemont, expresidente regional catal\u00e1n. El expresidente regional catal\u00e1n Carles Puigdemont advirti\u00f3 desde Par\u00eds contra &#8220;perder el tiempo&#8221; en el di\u00e1logo entre Madrid y Barcelona para superar la crisis pol\u00edtica por las aspiraciones independetistas y estim\u00f3 que faltan elementos para &#8220;una verdadera negociaci\u00f3n&#8221;. &#8220;Perder el tiempo no es hacer pol\u00edtica. Ya hubo tiempo suficiente para [&hellip;]<\/p>\n","protected":false},"author":1,"featured_media":18939,"comment_status":"closed","ping_status":"closed","sticky":false,"template":"","format":"standard","meta":[],"categories":[24],"tags":[],"_links":{"self":[{"href":"http:\/\/cordobadirecto.com\/index.php\/wp-json\/wp\/v2\/posts\/18938"}],"collection":[{"href":"http:\/\/cordobadirecto.com\/index.php\/wp-json\/wp\/v2\/posts"}],"about":[{"href":"http:\/\/cordobadirecto.com\/index.php\/wp-json\/wp\/v2\/types\/post"}],"author":[{"embeddable":true,"href":"http:\/\/cordobadirecto.com\/index.php\/wp-json\/wp\/v2\/users\/1"}],"replies":[{"embeddable":true,"href":"http:\/\/cordobadirecto.com\/index.php\/wp-json\/wp\/v2\/comments?post=18938"}],"version-history":[{"count":0,"href":"http:\/\/cordobadirecto.com\/index.php\/wp-json\/wp\/v2\/posts\/18938\/revisions"}],"wp:featuredmedia":[{"embeddable":true,"href":"http:\/\/cordobadirecto.com\/index.php\/wp-json\/wp\/v2\/media\/18939"}],"wp:attachment":[{"href":"http:\/\/cordobadirecto.com\/index.php\/wp-json\/wp\/v2\/media?parent=18938"}],"wp:term":[{"taxonomy":"category","embeddable":true,"href":"http:\/\/cordobadirecto.com\/index.php\/wp-json\/wp\/v2\/categories?post=18938"},{"taxonomy":"post_tag","embeddable":true,"href":"http:\/\/cordobadirecto.com\/index.php\/wp-json\/wp\/v2\/tags?post=18938"}],"curies":[{"name":"wp","href":"https:\/\/api.w.org\/{rel}","templated":true}]}}