{"id":189495,"date":"2026-03-04T13:53:14","date_gmt":"2026-03-04T13:53:14","guid":{"rendered":"https:\/\/estaciontrip.com.ar\/?p=11373"},"modified":"2026-03-04T13:53:14","modified_gmt":"2026-03-04T13:53:14","slug":"cordoba-cerro-febrero-con-crecimiento-de-turistas-y-marzo-continua-con-mega-eventos","status":"publish","type":"post","link":"http:\/\/cordobadirecto.com\/index.php\/2026\/03\/04\/cordoba-cerro-febrero-con-crecimiento-de-turistas-y-marzo-continua-con-mega-eventos\/","title":{"rendered":"C\u00f3rdoba cerr\u00f3 febrero con crecimiento de turistas y marzo contin\u00faa con mega eventos"},"content":{"rendered":"<div><img src=\"http:\/\/cordobadirecto.com\/wp-content\/uploads\/2026\/03\/cordoba-cerro-febrero-con-crecimiento-de-turistas-y-marzo-continua-con-mega-eventos.jpg\" class=\"ff-og-image-inserted\"><\/div>\n<p>C\u00f3rdoba cerr\u00f3 febrero con un balance positivo en su temporada de verano. En comparaci\u00f3n con el mismo per\u00edodo del a\u00f1o pasado, el movimiento registr\u00f3 un incremento del 8,5%, favorecido en gran medida por el calendario de Carnaval, que este a\u00f1o se ubic\u00f3 en la segunda parte del mes y fortaleci\u00f3 la llegada de visitantes en distintos corredores provinciales.<\/p>\n<p>Durante el \u00faltimo fin de semana, varios destinos superaron el 60% de ocupaci\u00f3n, con picos destacados como en la regi\u00f3n de Ansenuza al noreste provincial, donde Balnearia alcanz\u00f3 el 95% y Miramar de Ansenuza el 85%, posicion\u00e1ndose entre los destinos con mayor nivel de ocupaci\u00f3n.<\/p>\n<p>Por su parte, en el Valle de Traslasierra, Las Rabonas registr\u00f3 un 69% y Nono un 60%, reflejando un sostenido movimiento tur\u00edstico en ese corredor.<\/p>\n<p>El Valle de Calamuchita, en tanto, registr\u00f3 una ocupaci\u00f3n este fin de semana en Villa General Belgrano del 60% (65% en alojamientos categorizados) y en Villa Rumipal lleg\u00f3 al 60%.<\/p>\n<p>En el Valle de Punilla, La Falda se ubic\u00f3 en el 65% y Villa Carlos Paz alcanz\u00f3 el 60% en establecimientos categorizados. En tanto, en Sierras Chicas, R\u00edo Ceballos registr\u00f3 un 65% de ocupaci\u00f3n.&nbsp;<\/p>\n<p>En t\u00e9rminos econ\u00f3micos, durante los \u00faltimos quince d\u00edas de febrero el movimiento generado fue de alrededor de 340 mil millones de pesos.<\/p>\n<p>El presidente de la Agencia C\u00f3rdoba Turismo, Dar\u00edo Capitani, destac\u00f3 que \u201cel cierre de febrero confirma la fortaleza de C\u00f3rdoba como uno de los destinos m\u00e1s elegidos del pa\u00eds. El crecimiento interanual demuestra que el trabajo conjunto con el sector privado y la diversidad de propuestas permiten sostener el movimiento m\u00e1s all\u00e1 de los picos tradicionales\u201d.<\/p>\n<p><strong>Marzo, con fuerte agenda de eventos<\/strong><\/p>\n<p>Lejos de marcar un cierre, la temporada da paso a un mes de marzo que consolida a C\u00f3rdoba como un destino para disfrutar todo el a\u00f1o en base a una nutrida programaci\u00f3n de espect\u00e1culos, festivales y encuentros culturales y deportivos en distintos puntos del territorio.<\/p>\n<p>La diversidad de paisajes, la calidad de los servicios y una agenda sostenida de eventos permiten que la experiencia C\u00f3rdoba contin\u00fae m\u00e1s all\u00e1 de la temporada alta, ofreciendo alternativas para distintos p\u00fablicos y perfiles de viajeros.<\/p>\n<p>El 1 de marzo, el mismo escenario recibir\u00e1 a Ricardo Montaner, quien regresa a los escenarios con \u201cEl \u00daltimo Regreso Tour 2026\u201d. Con m\u00e1s de 40 a\u00f1os de trayectoria y 25 discos de estudio, el artista vuelve a C\u00f3rdoba en el marco de una gira mundial que despierta gran expectativa.<\/p>\n<p>El 8 de marzo, el Estadio Estadio Mario Alberto Kempes ser\u00e1 sede del show de Alejandro Sanz, con su gira \u201c\u00bfY Ahora Qu\u00e9?\u201d, un espect\u00e1culo que combina nuevas canciones con los grandes \u00e9xitos de su repertorio y que ya ha registrado m\u00faltiples funciones agotadas en distintas ciudades del mundo.<\/p>\n<p>El 20 y 21 de marzo, el Kempes volver\u00e1 a vibrar con Tini y su \u201cFutttura World Tour\u201d. Las dos fechas consecutivas dan cuenta de la magnitud de la convocatoria y del atractivo de C\u00f3rdoba como plaza central dentro de los circuitos internacionales de espect\u00e1culos.<\/p>\n<p>La provincia tambi\u00e9n ser\u00e1 protagonista en el calendario deportivo internacional. El 7 y 8 de marzo, Embalse recibir\u00e1 la fecha argentina de Oceanman, la serie de nataci\u00f3n en aguas abiertas m\u00e1s importante del mundo. La competencia convocar\u00e1 a nadadores amateurs y profesionales de distintos pa\u00edses, posicionando al lago de Embalse como escenario natural de primer nivel.<\/p>\n<p>El 22 de marzo se disputar\u00e1 L\u2019\u00c9tape Argentina by Tour de France, con largada y llegada en el Estadio Kempes. La prueba recorrer\u00e1 rutas del valle de Punilla, el Camino del Cuadrado, el pared\u00f3n del dique San Roque y otras postales caracter\u00edsticas del paisaje serrano, integrando deporte, promoci\u00f3n territorial y turismo activo.<\/p>\n<p>Sobre esta agenda, Capitani agreg\u00f3:&nbsp;<strong><em>\u201cLa articulaci\u00f3n entre cultura, deporte y turismo es una de las grandes fortalezas de C\u00f3rdoba. Contamos con infraestructura, profesionalismo y un entorno natural que potencia cada experiencia. Eso nos permite competir en igualdad de condiciones con las principales plazas del pa\u00eds y de la regi\u00f3n\u201d.<\/em><\/strong><\/p>\n<p>La programaci\u00f3n cultural continuar\u00e1 en abril con la presencia del uruguayo ganador del Oscar, Jorge Drexler, que se presentar\u00e1 el 12 en el Quality Arena, y del reconocido cantaor Diego El Cigala, quien actuar\u00e1 el 15 de abril en el Teatro Ciudad de las Artes.<\/p>\n<p>Programaci\u00f3n completa en <a href=\"https:\/\/cordobaturismo.gov.ar\/prensa\/marzo-a-puro-show-cordoba-en-el-centro-de-la-escena\/\" target=\"_blank\" rel=\"noreferrer noopener\">https:\/\/cordobaturismo.gov.ar\/<\/a><\/p>\n","protected":false},"excerpt":{"rendered":"<p>C\u00f3rdoba cerr\u00f3 febrero con un balance positivo en su temporada de verano. En comparaci\u00f3n con el mismo per\u00edodo del a\u00f1o pasado, el movimiento registr\u00f3 un incremento del 8,5%, favorecido en gran medida por el calendario de Carnaval, que este a\u00f1o se ubic\u00f3 en la segunda parte del mes y fortaleci\u00f3 la llegada de visitantes en [&hellip;]<\/p>\n","protected":false},"author":1,"featured_media":189496,"comment_status":"closed","ping_status":"closed","sticky":false,"template":"","format":"standard","meta":[],"categories":[22],"tags":[],"_links":{"self":[{"href":"http:\/\/cordobadirecto.com\/index.php\/wp-json\/wp\/v2\/posts\/189495"}],"collection":[{"href":"http:\/\/cordobadirecto.com\/index.php\/wp-json\/wp\/v2\/posts"}],"about":[{"href":"http:\/\/cordobadirecto.com\/index.php\/wp-json\/wp\/v2\/types\/post"}],"author":[{"embeddable":true,"href":"http:\/\/cordobadirecto.com\/index.php\/wp-json\/wp\/v2\/users\/1"}],"replies":[{"embeddable":true,"href":"http:\/\/cordobadirecto.com\/index.php\/wp-json\/wp\/v2\/comments?post=189495"}],"version-history":[{"count":0,"href":"http:\/\/cordobadirecto.com\/index.php\/wp-json\/wp\/v2\/posts\/189495\/revisions"}],"wp:featuredmedia":[{"embeddable":true,"href":"http:\/\/cordobadirecto.com\/index.php\/wp-json\/wp\/v2\/media\/189496"}],"wp:attachment":[{"href":"http:\/\/cordobadirecto.com\/index.php\/wp-json\/wp\/v2\/media?parent=189495"}],"wp:term":[{"taxonomy":"category","embeddable":true,"href":"http:\/\/cordobadirecto.com\/index.php\/wp-json\/wp\/v2\/categories?post=189495"},{"taxonomy":"post_tag","embeddable":true,"href":"http:\/\/cordobadirecto.com\/index.php\/wp-json\/wp\/v2\/tags?post=189495"}],"curies":[{"name":"wp","href":"https:\/\/api.w.org\/{rel}","templated":true}]}}