{"id":189497,"date":"2026-03-04T14:54:44","date_gmt":"2026-03-04T14:54:44","guid":{"rendered":"http:\/\/cordobadirecto.com\/index.php\/2026\/03\/04\/hay-sectores-que-hoy-estan-de-fiesta-y-otros-de-llanto-pedro-salas-sobre-el-impacto-de-las\/"},"modified":"2026-03-04T14:54:44","modified_gmt":"2026-03-04T14:54:44","slug":"hay-sectores-que-hoy-estan-de-fiesta-y-otros-de-llanto-pedro-salas-sobre-el-impacto-de-las","status":"publish","type":"post","link":"http:\/\/cordobadirecto.com\/index.php\/2026\/03\/04\/hay-sectores-que-hoy-estan-de-fiesta-y-otros-de-llanto-pedro-salas-sobre-el-impacto-de-las\/","title":{"rendered":"\u201cHay sectores que hoy est\u00e1n de fiesta y otros de llanto\u201d: Pedro Salas sobre el impacto de las &#8230;"},"content":{"rendered":"<p>&#8230; econ\u00f3micas de Milei en <b>C\u00f3rdoba<\/b>. El Vocal Titular de la Sociedad Rural de <b>C\u00f3rdoba<\/b> cuestion\u00f3 el rumbo econ\u00f3mico del gobierno y advirti\u00f3 que, pese a&nbsp;&#8230; <\/p>\n","protected":false},"excerpt":{"rendered":"<p>&#8230; econ\u00f3micas de Milei en C\u00f3rdoba. El Vocal Titular de la Sociedad Rural de C\u00f3rdoba cuestion\u00f3 el rumbo econ\u00f3mico del gobierno y advirti\u00f3 que, pese a&nbsp;&#8230;<\/p>\n","protected":false},"author":1,"featured_media":0,"comment_status":"closed","ping_status":"closed","sticky":false,"template":"","format":"standard","meta":[],"categories":[40],"tags":[],"_links":{"self":[{"href":"http:\/\/cordobadirecto.com\/index.php\/wp-json\/wp\/v2\/posts\/189497"}],"collection":[{"href":"http:\/\/cordobadirecto.com\/index.php\/wp-json\/wp\/v2\/posts"}],"about":[{"href":"http:\/\/cordobadirecto.com\/index.php\/wp-json\/wp\/v2\/types\/post"}],"author":[{"embeddable":true,"href":"http:\/\/cordobadirecto.com\/index.php\/wp-json\/wp\/v2\/users\/1"}],"replies":[{"embeddable":true,"href":"http:\/\/cordobadirecto.com\/index.php\/wp-json\/wp\/v2\/comments?post=189497"}],"version-history":[{"count":0,"href":"http:\/\/cordobadirecto.com\/index.php\/wp-json\/wp\/v2\/posts\/189497\/revisions"}],"wp:attachment":[{"href":"http:\/\/cordobadirecto.com\/index.php\/wp-json\/wp\/v2\/media?parent=189497"}],"wp:term":[{"taxonomy":"category","embeddable":true,"href":"http:\/\/cordobadirecto.com\/index.php\/wp-json\/wp\/v2\/categories?post=189497"},{"taxonomy":"post_tag","embeddable":true,"href":"http:\/\/cordobadirecto.com\/index.php\/wp-json\/wp\/v2\/tags?post=189497"}],"curies":[{"name":"wp","href":"https:\/\/api.w.org\/{rel}","templated":true}]}}