{"id":189592,"date":"2026-03-05T00:56:37","date_gmt":"2026-03-05T00:56:37","guid":{"rendered":"https:\/\/www.ole.com.ar\/autos\/colapinto-gorra-boca-arribo-paddock-australia_0_Ohh0iwY8yb.html"},"modified":"2026-03-05T00:56:37","modified_gmt":"2026-03-05T00:56:37","slug":"con-gorra-de-boca-asi-llego-colapinto-al-paddock-en-australia","status":"publish","type":"post","link":"http:\/\/cordobadirecto.com\/index.php\/2026\/03\/05\/con-gorra-de-boca-asi-llego-colapinto-al-paddock-en-australia\/","title":{"rendered":"Con gorra de Boca: as\u00ed lleg\u00f3 Colapinto al paddock en Australia"},"content":{"rendered":"<p><time class=\"createDate\" datetime=\"2026-03-04T21:56:37-03:00\">04\/03\/2026 21:56hs.<\/time><\/p>\n<div id=\"storyBody\">\n<div id=\"element-body-0\" class=\"sc-136cd478-0 ekTCfV\" readability=\"34.102409638554\">\n<p>Cada vez falta menos para que la temporada 2026 de la <a href=\"https:\/\/www.ole.com.ar\/tema\/formula-1.html\" title=\"F\u00f3rmula 1\" alt=\"F\u00f3rmula 1\" class=\"slug\"> F\u00f3rmula 1<\/a> se ponga en marcha. Por eso, los pilotos ya se encuentran en Australia y este mi\u00e9rcoles (jueves en el pa\u00eds anfitri\u00f3n), los corredores fueron llegando al paddock para ultimar los detalles de cara al debut. <strong> Y lo cierto es que <a href=\"https:\/\/www.ole.com.ar\/tema\/franco-colapinto.html\" title=\"Franco Colapinto\" alt=\"Franco Colapinto\" class=\"slug\">Franco Colapinto<\/a> no pas\u00f3 desapercibido.<\/strong><\/p>\n<\/div>\n<div id=\"element-body-1\" class=\"sc-136cd478-0 ekTCfV\" readability=\"32.192727272727\">\n<p><strong>Y es que en su arribo al circuito, el pilarense apareci\u00f3 con \u00a1una gorra de <a href=\"https:\/\/www.ole.com.ar\/tema\/boca-juniors.html\" title=\"Boca Juniors\" alt=\"Boca Juniors\" class=\"slug\">Boca<\/a>! <\/strong>Claro, durante la ma\u00f1ana de Melbourne, <a href=\"https:\/\/www.ole.com.ar\/futbol-primera\/lanus-vs-boca-torneo-apertura-dia-horario-ver-vivo-partido-canal-tv-formaciones_0_by6k9GDSB6.html\" target=\"_self\" title=\"el Xeneize se encontraba jugando ante Lan\u00fas \" alt=\"el Xeneize se encontraba jugando ante Lan\u00fas \" rel=\"noopener\">el Xeneize se encontraba jugando ante Lan\u00fas<\/a> y, si bien l\u00f3gicamente Colapinto no pudo ver el partido, <strong> no dud\u00f3 en darle su apoyo al equipo a su manera.<\/strong><\/p>\n<\/div>\n<div id=\"element-body-2\" class=\"sc-136cd478-0 ekTCfV\" readability=\"36.180811808118\">\n<p>As\u00ed, <strong> con mate en mano y gorra bostera, Colapinto ajusta los \u00faltimos detalles para su debut en la temporada de F\u00f3rmula 1 que se viene<\/strong> -primera que encarar\u00e1 desde el principio-, en la cual esperar\u00e1 tener mejores resultados con <a href=\"https:\/\/www.ole.com.ar\/tema\/alpine.html\" title=\"Alpine\" alt=\"Alpine\" class=\"slug\">Alpine<\/a> con respecto a lo que fue el 2025.<\/p>\n<\/div>\n<p><h2><strong>Con gorra de Boca, la llegada de Colapinto al paddock<\/strong><\/h2>\n<\/p>\n<div class=\"sc-e7b891c4-0 ifHnQL image-embed\" id=\"element-body-4\"><img alt=\"Colapinto, con gorra bostera en el paddock (AP Photo\/Heath McKinley).\" loading=\"lazy\" width=\"720\" height=\"100\" decoding=\"async\" data-nimg=\"1\" src=\"http:\/\/cordobadirecto.com\/wp-content\/uploads\/2026\/03\/con-gorra-de-boca-asi-llego-colapinto-al-paddock-en-australia.jpg\"><span class=\"epigraphe\">Colapinto, con gorra bostera en el paddock (AP Photo\/Heath McKinley).<\/span><\/div>\n<p><h2><strong>Cu\u00e1ndo se pone en marcha el Gran Premio de Australia<\/strong><\/h2>\n<\/p>\n<div id=\"element-body-6\" class=\"sc-136cd478-0 ekTCfV\">\n<p><strong>Jueves 5 de marzo<\/strong><\/p>\n<\/div>\n<div id=\"element-body-7\" class=\"sc-136cd478-0 ekTCfV\" readability=\"32\">\n<p>Pr\u00e1cticas libres 1: 22.30 a 23.30hs<\/p>\n<\/div>\n<div id=\"element-body-8\" class=\"sc-136cd478-0 ekTCfV\">\n<p><strong>Viernes 6 de marzo<\/strong><\/p>\n<\/div>\n<div id=\"element-body-9\" class=\"sc-136cd478-0 ekTCfV\" readability=\"32\">\n<p>Pr\u00e1cticas libres 2: 02.00 a 03.00hs<\/p>\n<\/div>\n<div id=\"element-body-10\" class=\"sc-136cd478-0 ekTCfV\" readability=\"32\">\n<p>Pr\u00e1cticas libres 3: 22.30 a 23.30hs<\/p>\n<\/div>\n<div id=\"element-body-11\" class=\"sc-136cd478-0 ekTCfV\">\n<p><strong>S\u00e1bado 7 de marzo<\/strong><\/p>\n<\/div>\n<div id=\"element-body-12\" class=\"sc-136cd478-0 ekTCfV\" readability=\"32\">\n<p>Clasificaci\u00f3n: 02.00 a 03.00hs<\/p>\n<\/div>\n<div id=\"element-body-13\" class=\"sc-136cd478-0 ekTCfV\">\n<p><strong>Domingo 8 de marzo<\/strong><\/p>\n<\/div>\n<div id=\"element-body-14\" class=\"sc-136cd478-0 ekTCfV\">\n<p>Carrera: 01.00hs<\/p>\n<\/div>\n<div id=\"element-body-15\" class=\"sc-a7166897-0 eoLsBE\" readability=\"31\">\n<section readability=\"2\"><picture><img alt=\"\u00bfQui\u00e9n es el nuevo piloto que sum\u00f3 Alpine a su academia?\" loading=\"lazy\" width=\"290\" height=\"290\" decoding=\"async\" data-nimg=\"1\" src=\"http:\/\/cordobadirecto.com\/wp-content\/uploads\/2026\/03\/con-gorra-de-boca-asi-llego-colapinto-al-paddock-en-australia-1.jpg\"><\/picture>\n<p><span>Mir\u00e1 tambi\u00e9n<\/span><\/p>\n<hr>\n<h3>\u00bfQui\u00e9n es el nuevo piloto que sum\u00f3 Alpine a su academia?<\/h3>\n<\/p>\n<\/section>\n<\/div>\n<div id=\"element-body-16\" class=\"sc-a7166897-0 eoLsBE\" readability=\"31\">\n<section readability=\"2\"><picture><img alt=\"El video de Franco Colapinto practicando cricket en Australia que se volvi\u00f3 viral\" loading=\"lazy\" width=\"290\" height=\"290\" decoding=\"async\" data-nimg=\"1\" src=\"http:\/\/cordobadirecto.com\/wp-content\/uploads\/2026\/03\/con-gorra-de-boca-asi-llego-colapinto-al-paddock-en-australia-2.jpg\"><\/picture>\n<p><span>Mir\u00e1 tambi\u00e9n<\/span><\/p>\n<hr>\n<h3>El video de Franco Colapinto practicando cricket en Australia que se volvi\u00f3 viral<\/h3>\n<\/p>\n<\/section>\n<\/div>\n<div id=\"element-body-17\" class=\"sc-a7166897-0 eoLsBE\" readability=\"33\">\n<section readability=\"6\"><picture><img alt=\"Con Colapinto, Varrone y Colnaghi, el horario y la TV para ver la F1, la F2 y la F3 en Australia\" loading=\"lazy\" width=\"290\" height=\"290\" decoding=\"async\" data-nimg=\"1\" src=\"http:\/\/cordobadirecto.com\/wp-content\/uploads\/2026\/03\/con-gorra-de-boca-asi-llego-colapinto-al-paddock-en-australia-3.jpg\"><\/picture>\n<p><span>Mir\u00e1 tambi\u00e9n<\/span><\/p>\n<hr>\n<h3>Con Colapinto, Varrone y Colnaghi, el horario y la TV para ver la F1, la F2 y la F3 en Australia<\/h3>\n<\/p>\n<\/section>\n<\/div>\n<\/div>\n","protected":false},"excerpt":{"rendered":"<p>04\/03\/2026 21:56hs. Cada vez falta menos para que la temporada 2026 de la F\u00f3rmula 1 se ponga en marcha. Por eso, los pilotos ya se encuentran en Australia y este mi\u00e9rcoles (jueves en el pa\u00eds anfitri\u00f3n), los corredores fueron llegando al paddock para ultimar los detalles de cara al debut. Y lo cierto es que [&hellip;]<\/p>\n","protected":false},"author":1,"featured_media":189593,"comment_status":"closed","ping_status":"closed","sticky":false,"template":"","format":"standard","meta":[],"categories":[21],"tags":[],"_links":{"self":[{"href":"http:\/\/cordobadirecto.com\/index.php\/wp-json\/wp\/v2\/posts\/189592"}],"collection":[{"href":"http:\/\/cordobadirecto.com\/index.php\/wp-json\/wp\/v2\/posts"}],"about":[{"href":"http:\/\/cordobadirecto.com\/index.php\/wp-json\/wp\/v2\/types\/post"}],"author":[{"embeddable":true,"href":"http:\/\/cordobadirecto.com\/index.php\/wp-json\/wp\/v2\/users\/1"}],"replies":[{"embeddable":true,"href":"http:\/\/cordobadirecto.com\/index.php\/wp-json\/wp\/v2\/comments?post=189592"}],"version-history":[{"count":0,"href":"http:\/\/cordobadirecto.com\/index.php\/wp-json\/wp\/v2\/posts\/189592\/revisions"}],"wp:featuredmedia":[{"embeddable":true,"href":"http:\/\/cordobadirecto.com\/index.php\/wp-json\/wp\/v2\/media\/189593"}],"wp:attachment":[{"href":"http:\/\/cordobadirecto.com\/index.php\/wp-json\/wp\/v2\/media?parent=189592"}],"wp:term":[{"taxonomy":"category","embeddable":true,"href":"http:\/\/cordobadirecto.com\/index.php\/wp-json\/wp\/v2\/categories?post=189592"},{"taxonomy":"post_tag","embeddable":true,"href":"http:\/\/cordobadirecto.com\/index.php\/wp-json\/wp\/v2\/tags?post=189592"}],"curies":[{"name":"wp","href":"https:\/\/api.w.org\/{rel}","templated":true}]}}