{"id":189594,"date":"2026-03-05T00:06:01","date_gmt":"2026-03-05T00:06:01","guid":{"rendered":"https:\/\/www.ole.com.ar\/autos\/nuevo-piloto-sumo-alpine-academia-formula-1-2-franco-colapinto_0_yd9yk2xBgG.html"},"modified":"2026-03-05T00:06:01","modified_gmt":"2026-03-05T00:06:01","slug":"quien-es-el-nuevo-piloto-que-sumo-alpine-a-su-academia","status":"publish","type":"post","link":"http:\/\/cordobadirecto.com\/index.php\/2026\/03\/05\/quien-es-el-nuevo-piloto-que-sumo-alpine-a-su-academia\/","title":{"rendered":"\u00bfQui\u00e9n es el nuevo piloto que sum\u00f3 Alpine a su academia?"},"content":{"rendered":"<p><time class=\"createDate\" datetime=\"2026-03-04T21:06:01-03:00\">04\/03\/2026 21:06hs.<\/time><\/p>\n<div id=\"storyBody\">\n<div id=\"element-body-0\" class=\"sc-136cd478-0 ekTCfV\" readability=\"34.182965299685\">\n<p>En la antesala del arranque de la temporada de <strong><a href=\"https:\/\/www.ole.com.ar\/tema\/formula-1.html\" title=\"F\u00f3rmula 1\" alt=\"F\u00f3rmula 1\" class=\"slug\">F\u00f3rmula 1<\/a><\/strong> con el Gran Premio de Australia, <strong><a href=\"https:\/\/www.ole.com.ar\/tema\/alpine.html\" title=\"Alpine\" alt=\"Alpine\" class=\"slug\">Alpine<\/a><\/strong> <strong>oficializ\u00f3 la incorporaci\u00f3n del irland\u00e9s Alex Dunne a su academia de pilotos.<\/strong> El joven de 20 a\u00f1os formar\u00e1 parte del programa de desarrollo del equipo franc\u00e9s mientras disputa su segunda temporada en la F\u00f3rmula 2.<\/p>\n<\/div>\n<p><h2><strong>Alpine anunci\u00f3 a Alex Dunne como nuevo integrante de su academia de j\u00f3venes pilotos<\/strong><\/h2>\n<\/p>\n<div id=\"element-body-2\" class=\"sc-136cd478-0 ekTCfV\" readability=\"36\">\n<p>El anuncio termin\u00f3 de confirmar lo que ya era un secreto a voces en el paddock <strong>. Dunne se integrar\u00e1 al staff de pilotos j\u00f3venes de Alpine, <\/strong>donde compartir\u00e1 estructura con el italiano Gabriele Mini y el indio Kush Maini, <strong>dos nombres que tambi\u00e9n compiten en la antesala de la M\u00e1xima.<\/strong><\/p>\n<\/div>\n<div class=\"sc-e7b891c4-0 ifHnQL image-embed\" id=\"element-body-3\"><img alt=\"Alex Dunne en plena acci\u00f3n con el Rodin Motorsport, luciendo los colores rosas de Alpine. (@alexdunneracing en IG).\" loading=\"lazy\" width=\"720\" height=\"100\" decoding=\"async\" data-nimg=\"1\" src=\"http:\/\/cordobadirecto.com\/wp-content\/uploads\/2026\/03\/quien-es-el-nuevo-piloto-que-sumo-alpine-a-su-academia.jpg\"><span class=\"epigraphe\">Alex Dunne en plena acci\u00f3n con el Rodin Motorsport, luciendo los colores rosas de Alpine. (@alexdunneracing en IG).<\/span><\/div>\n<div id=\"element-body-4\" class=\"sc-136cd478-0 ekTCfV\" readability=\"37\">\n<p><strong>En 2026, el irland\u00e9s volver\u00e1 a correr en la F\u00f3rmula 2 con Rodin Motorsport,<\/strong> escuder\u00eda con la que ya compiti\u00f3 en 2025 y con la que termin\u00f3 en el quinto puesto del campeonato, en una campa\u00f1a que lo posicion\u00f3 como una de las promesas de la categor\u00eda.<\/p>\n<\/div>\n<div id=\"element-body-5\" class=\"sc-136cd478-0 ekTCfV\" readability=\"35.942857142857\">\n<p>Antes de su llegada a Alpine, <strong>Dunne hab\u00eda formado parte del programa de desarrollo de McLaren. <\/strong>Durante su etapa con el equipo de Woking incluso tuvo la oportunidad de participar en una sesi\u00f3n oficial de F\u00f3rmula 1: <strong>disput\u00f3 el primer entrenamiento libre del Gran Premio de Austria<\/strong> y llam\u00f3 la atenci\u00f3n al quedar a apenas 69 mil\u00e9simas de <strong><a href=\"https:\/\/www.ole.com.ar\/tema\/oscar-piastri.html\" title=\"Oscar Piastri\" alt=\"Oscar Piastri\" class=\"slug\">Oscar Piastri<\/a>.<\/strong> Sin embargo, tres meses despu\u00e9s la escuder\u00eda brit\u00e1nica anunci\u00f3 su desvinculaci\u00f3n del proyecto.<\/p>\n<\/div>\n<div class=\"sc-e7b891c4-0 ifHnQL image-embed\" id=\"element-body-6\"><img alt=\"Alex Dunne cuando prob\u00f3 el McLaren de F\u00f3rmula 1 en la primera pr\u00e1ctica del GP de Austria 2025.\n(EFE)\" loading=\"lazy\" width=\"720\" height=\"100\" decoding=\"async\" data-nimg=\"1\" src=\"http:\/\/cordobadirecto.com\/wp-content\/uploads\/2026\/03\/quien-es-el-nuevo-piloto-que-sumo-alpine-a-su-academia-1.jpg\"><span class=\"epigraphe\">Alex Dunne cuando prob\u00f3 el McLaren de F\u00f3rmula 1 en la primera pr\u00e1ctica del GP de Austria 2025.<br \/>\n(EFE)<\/span><\/div>\n<div id=\"element-body-7\" class=\"sc-136cd478-0 ekTCfV\" readability=\"37.721518987342\">\n<p><strong>Tras su salida, todo indicaba que su pr\u00f3ximo destino ser\u00eda el programa Red Bull Junior.<\/strong> De hecho, el propio <strong><a href=\"https:\/\/www.ole.com.ar\/tema\/helmut-marko.html\" title=\"Helmut Marko\" alt=\"Helmut Marko\" class=\"slug\">Helmut Marko<\/a><\/strong> hab\u00eda dado el visto bueno para su incorporaci\u00f3n. Pero en medio de cambios dentro de la estructura de Milton Keynes, <strong>los dirigentes del equipo le pidieron al austr\u00edaco que deshiciera el acuerdo con el irland\u00e9s. En ese contexto apareci\u00f3 <a href=\"https:\/\/www.ole.com.ar\/tema\/flavio-briatore.html\" title=\"Flavio Briatore\" alt=\"Flavio Briatore\" class=\"slug\">Flavio Briatore<\/a>,<\/strong> asesor ejecutivo de Alpine, quien termin\u00f3 por incorporarlo a la academia del equipo franc\u00e9s.<\/p>\n<\/div>\n<div id=\"element-body-8\" class=\"sc-136cd478-0 ekTCfV\" readability=\"36\">\n<p><strong>La presencia de Dunne junto a Alpine ya se hab\u00eda insinuado durante los test de pretemporada de F\u00f3rmula 2 disputados en febrero, <\/strong>donde el piloto apareci\u00f3 vistiendo indumentaria de la escuder\u00eda. No obstante, la confirmaci\u00f3n oficial lleg\u00f3 reci\u00e9n este mi\u00e9rcoles.<\/p>\n<\/div>\n<div id=\"element-body-9\" class=\"sc-136cd478-0 ekTCfV\" readability=\"39\">\n<p><strong>\u201cNos complace dar la bienvenida a Alex a Alpine como miembro de nuestra academia. <\/strong>Sus actuaciones en la F\u00f3rmula 2, as\u00ed como sus entrenamientos libres en la F\u00f3rmula 1 del a\u00f1o pasado, fueron impresionantes, <strong>y es sin duda un joven piloto con mucho talento y una velocidad innata\u201d, destac\u00f3 Briatore.<\/strong><\/p>\n<\/div>\n<div id=\"element-body-10\" class=\"sc-136cd478-0 ekTCfV\" readability=\"35\">\n<p>El dirigente italiano tambi\u00e9n marc\u00f3 las aspiraciones del programa para esta temporada: \u201cContamos con un talentoso grupo de pilotos en la F\u00f3rmula 2, con Gabriele Mini y Kush Maini. <strong>Esperamos verlos competir en 2026 y el objetivo es muy claro: ganar el campeonato de pilotos\u201d.<\/strong><\/p>\n<\/div>\n<div class=\"sc-e7b891c4-0 ifHnQL image-embed\" id=\"element-body-11\"><img alt=\"Flavio Briatore le dio la bienvenida a Alpine a Alex Dunne. (AP Photo\/Darko Bandic)\" loading=\"lazy\" width=\"720\" height=\"100\" decoding=\"async\" data-nimg=\"1\" src=\"http:\/\/cordobadirecto.com\/wp-content\/uploads\/2026\/03\/quien-es-el-nuevo-piloto-que-sumo-alpine-a-su-academia-2.jpg\"><span class=\"epigraphe\">Flavio Briatore le dio la bienvenida a Alpine a Alex Dunne. (AP Photo\/Darko Bandic)<\/span><\/div>\n<div id=\"element-body-12\" class=\"sc-a7166897-0 eoLsBE\" readability=\"31\">\n<section readability=\"2\"><picture><img alt=\"El video de Franco Colapinto practicando cricket en Australia que se volvi\u00f3 viral\" loading=\"lazy\" width=\"290\" height=\"290\" decoding=\"async\" data-nimg=\"1\" src=\"http:\/\/cordobadirecto.com\/wp-content\/uploads\/2026\/03\/quien-es-el-nuevo-piloto-que-sumo-alpine-a-su-academia-3.jpg\"><\/picture>\n<p><span>Mir\u00e1 tambi\u00e9n<\/span><\/p>\n<hr>\n<h3>El video de Franco Colapinto practicando cricket en Australia que se volvi\u00f3 viral<\/h3>\n<\/p>\n<\/section>\n<\/div>\n<div id=\"element-body-13\" class=\"sc-a7166897-0 eoLsBE\" readability=\"33\">\n<section readability=\"6\"><picture><img alt=\"Con Colapinto, Varrone y Colnaghi, el horario y la TV para ver la F1, la F2 y la F3 en Australia\" loading=\"lazy\" width=\"290\" height=\"290\" decoding=\"async\" data-nimg=\"1\" src=\"http:\/\/cordobadirecto.com\/wp-content\/uploads\/2026\/03\/quien-es-el-nuevo-piloto-que-sumo-alpine-a-su-academia-4.jpg\"><\/picture>\n<p><span>Mir\u00e1 tambi\u00e9n<\/span><\/p>\n<hr>\n<h3>Con Colapinto, Varrone y Colnaghi, el horario y la TV para ver la F1, la F2 y la F3 en Australia<\/h3>\n<\/p>\n<\/section>\n<\/div>\n<div id=\"element-body-14\" class=\"sc-a7166897-0 eoLsBE\" readability=\"32\">\n<section readability=\"4\"><picture><img alt=\"Mattia Colnaghi, el argentino que est\u00e1 en una &quot;muy buena posici\u00f3n&quot; para llegar a la F\u00f3rmula 1\" loading=\"lazy\" width=\"290\" height=\"290\" decoding=\"async\" data-nimg=\"1\" src=\"http:\/\/cordobadirecto.com\/wp-content\/uploads\/2026\/03\/quien-es-el-nuevo-piloto-que-sumo-alpine-a-su-academia-5.jpg\"><\/picture>\n<p><span>Mir\u00e1 tambi\u00e9n<\/span><\/p>\n<hr>\n<h3>Mattia Colnaghi, el argentino que est\u00e1 en una &#8220;muy buena posici\u00f3n&#8221; para llegar a la F\u00f3rmula 1<\/h3>\n<\/p>\n<\/section>\n<\/div>\n<\/div>\n","protected":false},"excerpt":{"rendered":"<p>04\/03\/2026 21:06hs. En la antesala del arranque de la temporada de F\u00f3rmula 1 con el Gran Premio de Australia, Alpine oficializ\u00f3 la incorporaci\u00f3n del irland\u00e9s Alex Dunne a su academia de pilotos. El joven de 20 a\u00f1os formar\u00e1 parte del programa de desarrollo del equipo franc\u00e9s mientras disputa su segunda temporada en la F\u00f3rmula 2. [&hellip;]<\/p>\n","protected":false},"author":1,"featured_media":189595,"comment_status":"closed","ping_status":"closed","sticky":false,"template":"","format":"standard","meta":[],"categories":[21],"tags":[],"_links":{"self":[{"href":"http:\/\/cordobadirecto.com\/index.php\/wp-json\/wp\/v2\/posts\/189594"}],"collection":[{"href":"http:\/\/cordobadirecto.com\/index.php\/wp-json\/wp\/v2\/posts"}],"about":[{"href":"http:\/\/cordobadirecto.com\/index.php\/wp-json\/wp\/v2\/types\/post"}],"author":[{"embeddable":true,"href":"http:\/\/cordobadirecto.com\/index.php\/wp-json\/wp\/v2\/users\/1"}],"replies":[{"embeddable":true,"href":"http:\/\/cordobadirecto.com\/index.php\/wp-json\/wp\/v2\/comments?post=189594"}],"version-history":[{"count":0,"href":"http:\/\/cordobadirecto.com\/index.php\/wp-json\/wp\/v2\/posts\/189594\/revisions"}],"wp:featuredmedia":[{"embeddable":true,"href":"http:\/\/cordobadirecto.com\/index.php\/wp-json\/wp\/v2\/media\/189595"}],"wp:attachment":[{"href":"http:\/\/cordobadirecto.com\/index.php\/wp-json\/wp\/v2\/media?parent=189594"}],"wp:term":[{"taxonomy":"category","embeddable":true,"href":"http:\/\/cordobadirecto.com\/index.php\/wp-json\/wp\/v2\/categories?post=189594"},{"taxonomy":"post_tag","embeddable":true,"href":"http:\/\/cordobadirecto.com\/index.php\/wp-json\/wp\/v2\/tags?post=189594"}],"curies":[{"name":"wp","href":"https:\/\/api.w.org\/{rel}","templated":true}]}}