{"id":189596,"date":"2026-03-05T01:52:54","date_gmt":"2026-03-05T01:52:54","guid":{"rendered":"https:\/\/www.ole.com.ar\/futbol-ascenso\/ascenso-primera-nacional-almirante-brown-leandro-jara_0_KZ9kpaoisK.html"},"modified":"2026-03-05T01:52:54","modified_gmt":"2026-03-05T01:52:54","slug":"jugo-en-boca-fue-subcampeon-de-la-libertadores-y-lo-presentaron-en-almirante-brown","status":"publish","type":"post","link":"http:\/\/cordobadirecto.com\/index.php\/2026\/03\/05\/jugo-en-boca-fue-subcampeon-de-la-libertadores-y-lo-presentaron-en-almirante-brown\/","title":{"rendered":"Jug\u00f3 en Boca, fue subcampe\u00f3n de la Libertadores y lo presentaron en Almirante Brown"},"content":{"rendered":"<p><time class=\"createDate\" datetime=\"2026-03-04T18:45:47-03:00\">04\/03\/2026 18:45hs.<\/time><\/p>\n<div id=\"storyBody\">\n<div id=\"element-body-0\" class=\"sc-136cd478-0 ekTCfV\" readability=\"33.875912408759\">\n<p><strong><a href=\"https:\/\/www.ole.com.ar\/tema\/almirante-brown.html\" title=\"Almirante Brown\" alt=\"Almirante Brown\" class=\"slug\">Almirante Brown<\/a> sum\u00f3 jerarqu\u00eda a su plantel con la llegada de <a href=\"https:\/\/www.ole.com.ar\/tema\/leonardo-jara.html\" title=\"Leonardo Jara\" alt=\"Leonardo Jara\" class=\"slug\">Leonardo Jara<\/a>, un futbolista de extensa trayectoria en el f\u00fatbol argentino que decidi\u00f3 continuar su carrera en la <a href=\"https:\/\/www.ole.com.ar\/tema\/primera-nacional.html\" title=\"Primera Nacional\" alt=\"Primera Nacional\" class=\"slug\">Primera Nacional<\/a>.<\/strong> El lateral derecho, de 34 a\u00f1os, acord\u00f3 su incorporaci\u00f3n al conjunto de Isidro Casanova luego de desvincularse de <a href=\"https:\/\/www.ole.com.ar\/tema\/godoy-cruz.html\" title=\"Godoy Cruz\" alt=\"Godoy Cruz\" class=\"slug\">Godoy Cruz<\/a>, club en el que no logr\u00f3 tener el protagonismo que esperaba durante la \u00faltima etapa.<\/p>\n<\/div>\n<div class=\"sc-e7b891c4-0 ifHnQL image-embed\" id=\"element-body-1\"><img alt=\"Leo Jara es refuerzo de Almirante Brown.\" loading=\"lazy\" width=\"720\" height=\"100\" decoding=\"async\" data-nimg=\"1\" src=\"http:\/\/cordobadirecto.com\/wp-content\/uploads\/2026\/03\/jugo-en-boca-fue-subcampeon-de-la-libertadores-y-lo-presentaron-en-almirante-brown.jpg\"><span class=\"epigraphe\">Leo Jara es refuerzo de Almirante Brown.<\/span><\/div>\n<div id=\"element-body-2\" class=\"sc-136cd478-0 ekTCfV\" readability=\"36.552870090634\">\n<p>El defensor <strong>firm\u00f3 contrato por una temporada y ya se convirti\u00f3 oficialmente en nuevo refuerzo de la Fragata<\/strong>, que apuesta a su experiencia para afrontar un torneo largo y competitivo. Con pasado en varios clubes importantes del pa\u00eds y recorrido internacional, <a href=\"https:\/\/www.ole.com.ar\/tema\/leonardo-jara.html\" title=\"Leonardo Jara\" alt=\"Leonardo Jara\" class=\"slug\">Jara<\/a> aparece como una incorporaci\u00f3n de peso dentro de la categor\u00eda.<\/p>\n<\/div>\n<p><h3>Una carrera con t\u00edtulos en equipos grandes<\/h3>\n<\/p>\n<div id=\"element-body-4\" class=\"sc-136cd478-0 ekTCfV\" readability=\"31.258620689655\">\n<p>A lo largo de su trayectoria, <a href=\"https:\/\/www.ole.com.ar\/tema\/leonardo-jara.html\" title=\"Leonardo Jara\" alt=\"Leonardo Jara\" class=\"slug\">Jara<\/a> construy\u00f3 una carrera importante dentro del f\u00fatbol argentino. <strong>Formado en <a href=\"https:\/\/www.ole.com.ar\/tema\/estudiantes-de-la-plata.html\" title=\"Estudiantes de La Plata\" alt=\"Estudiantes de La Plata\" class=\"slug\">Estudiantes de la Plata<\/a>, supo ser campe\u00f3n con <a href=\"https:\/\/www.ole.com.ar\/tema\/boca-juniors.html\" title=\"Boca Juniors\" alt=\"Boca Juniors\" class=\"slug\">Boca Juniors<\/a> y <a href=\"https:\/\/www.ole.com.ar\/tema\/velez.html\" title=\"V\u00e9lez\" alt=\"V\u00e9lez\" class=\"slug\">V\u00e9lez<\/a>,<\/strong> clubes en los que dej\u00f3 su huella dentro de planteles que pelearon campeonatos y competencias internacionales.<\/p>\n<\/div>\n<div class=\"sc-e7b891c4-0 ifHnQL image-embed\" id=\"element-body-5\"><img alt=\"Jara se lamenta por el tiro en el palo en la final de la Copa Libertadores 2018. \" loading=\"lazy\" width=\"720\" height=\"100\" decoding=\"async\" data-nimg=\"1\" src=\"http:\/\/cordobadirecto.com\/wp-content\/uploads\/2026\/03\/jugo-en-boca-fue-subcampeon-de-la-libertadores-y-lo-presentaron-en-almirante-brown-1.jpg\"><span class=\"epigraphe\">Jara se lamenta por el tiro en el palo en la final de la Copa Libertadores 2018. <\/span><\/div>\n<div id=\"element-body-6\" class=\"sc-136cd478-0 ekTCfV\" readability=\"32.406542056075\">\n<p>Uno de los momentos m\u00e1s recordados de su carrera fue su etapa en <a href=\"https:\/\/www.ole.com.ar\/tema\/boca-juniors.html\" title=\"Boca Juniors\" alt=\"Boca Juniors\" class=\"slug\">Boca<\/a>, donde <strong>integr\u00f3 el equipo que alcanz\u00f3 la final de la <a href=\"https:\/\/www.ole.com.ar\/tema\/copa-libertadores.html\" title=\"Copa Libertadores\" alt=\"Copa Libertadores\" class=\"slug\">Copa Libertadores 2018.<\/a><\/strong> En aquella final al minuto 119 en el <a href=\"https:\/\/www.ole.com.ar\/tema\/santiago-bernabeu.html\" title=\"Santiago Bernab\u00e9u\" alt=\"Santiago Bernab\u00e9u\" class=\"slug\">Santiago Benebeu<\/a> con <a href=\"https:\/\/www.ole.com.ar\/tema\/river-plate.html\" title=\"River Plate\" alt=\"River Plate\" class=\"slug\">River<\/a> 2-1 arriba, <a href=\"https:\/\/www.ole.com.ar\/tema\/naithan-nandez.html\" title=\"Naithan N\u00e1ndez\" alt=\"Naithan N\u00e1ndez\" class=\"slug\">Nahitan N\u00e1ndez<\/a> tira un centro desesperado y la pelota queda en la medialuna para Jara, que le pega de volea. El remate pega en el palo y el Xeneize pierde su \u00faltima chance de llevar la final a penales.<\/p>\n<\/div>\n<div id=\"element-body-7\" class=\"sc-136cd478-0 ekTCfV\" readability=\"32.9\">\n<p>Adem\u00e1s, el defensor tambi\u00e9n tuvo la oportunidad de jugar en el exterior. Durante su paso por <a href=\"https:\/\/www.ole.com.ar\/tema\/dc-united.html\" title=\"DC United\" alt=\"DC United\" class=\"slug\">DC United<\/a>, en la Major League Soccer de Estados Unidos. <\/p>\n<\/div>\n<p><h3>Su \u00faltimo paso con poco protagonismo<\/h3>\n<\/p>\n<div class=\"sc-e7b891c4-0 ifHnQL image-embed\" id=\"element-body-9\"><img alt=\"Leonardo Jara en su paso en Godoy Cruz. \" loading=\"lazy\" width=\"720\" height=\"100\" decoding=\"async\" data-nimg=\"1\" src=\"http:\/\/cordobadirecto.com\/wp-content\/uploads\/2026\/03\/jugo-en-boca-fue-subcampeon-de-la-libertadores-y-lo-presentaron-en-almirante-brown-2.jpg\"><span class=\"epigraphe\">Leonardo Jara en su paso en Godoy Cruz. <\/span><\/div>\n<div id=\"element-body-10\" class=\"sc-136cd478-0 ekTCfV\" readability=\"35.654545454545\">\n<p>En su etapa m\u00e1s reciente, <strong>defendi\u00f3 los colores de <a href=\"https:\/\/www.ole.com.ar\/tema\/godoy-cruz.html\" title=\"Godoy Cruz\" alt=\"Godoy Cruz\" class=\"slug\">Godoy Cruz<\/a>, aunque su participaci\u00f3n dentro del equipo mendocino fue limitada<\/strong>. Con pocos minutos en cancha y sin continuidad en la rotaci\u00f3n del plantel, el lateral decidi\u00f3 buscar nuevos horizontes para sumar protagonismo.<\/p>\n<\/div>\n<div id=\"element-body-11\" class=\"sc-136cd478-0 ekTCfV\" readability=\"34.209944751381\">\n<p>Esa situaci\u00f3n termin\u00f3 abriendo la puerta para su salida del club y su posterior llegada a <a href=\"https:\/\/www.ole.com.ar\/tema\/almirante-brown.html\" title=\"Almirante Brown\" alt=\"Almirante Brown\" class=\"slug\">Almirante Brown<\/a> y estar\u00e1 presente en el pr\u00f3ximo compromiso que ser\u00e1 como visitante frente a Racing de C\u00f3rdoba, el domingo 15 de marzo a las 18. El encuentro se disputar\u00e1 l <strong>uego de la suspensi\u00f3n del f\u00fatbol durante el fin de semana por el paro impulsado por la <a href=\"https:\/\/www.ole.com.ar\/tema\/afa.html\" title=\"afa\" alt=\"afa\" class=\"slug\">AFA<\/a>.<\/strong><\/p>\n<\/div>\n<p><h3>El mercado de Almirante Brown <\/h3>\n<\/p>\n<div id=\"element-body-13\" class=\"sc-136cd478-0 ekTCfV\" readability=\"53\">\n<p>ALTAS: Javier Mart\u00ednez , Ramiro Fern\u00e1ndez, Hern\u00e1n Perrone , Gustavo Cabral, Gast\u00f3n Moreyra , Franco Almanza , Augusto Bottini , Gabriel Altamirano , Carlos Gugenheim, Tob\u00edas Z\u00e1rate, Milton Zanotti, Uriel Arena, Giovanni Ferraina, Pedro Velurtas, Santiago Vera , Alan Ram\u00edrez, Facundo Quign\u00f3n, Ram\u00f3n Gonz\u00e1lez Herrero, Nazareno Baz\u00e1n<\/p>\n<\/div>\n<div id=\"element-body-14\" class=\"sc-136cd478-0 ekTCfV\" readability=\"57\">\n<p>BAJAS: Santiago Villalba, Juan Manuel V\u00e1zquez, Jos\u00e9 Luis Escurra, William Machado, Samuel Portillo, Mat\u00edas P\u00e9rez Acu\u00f1a, Cristian Varela, Nahuel Iribarren, Jonathan Zacar\u00eda, Patricio Pizarro, Joaqu\u00edn Ib\u00e1\u00f1ez, Francisco Grahl, Bruno Cenci , Ramiro Mart\u00ednez, Alen Boschi , Ulises Mac\u00edas, Adri\u00e1n Davalos, Diego Garc\u00eda, Lautaro El\u00edas, Natan Acosta , Tob\u00edas Ch\u00e1vez , Gonzalo Flores, Vittorio Fenocchio.<\/p>\n<\/div>\n<div id=\"element-body-15\" class=\"sc-a7166897-0 eoLsBE\" readability=\"31\">\n<section readability=\"2\"><picture><img alt=\"El Nacional se cobr\u00f3 sus primeras v\u00edctimas: dos t\u00e9cnicos dejaron sus cargos \" loading=\"lazy\" width=\"290\" height=\"290\" decoding=\"async\" data-nimg=\"1\" src=\"http:\/\/cordobadirecto.com\/wp-content\/uploads\/2026\/03\/jugo-en-boca-fue-subcampeon-de-la-libertadores-y-lo-presentaron-en-almirante-brown-3.jpg\"><\/picture>\n<p><span>Mir\u00e1 tambi\u00e9n<\/span><\/p>\n<hr>\n<h3>El Nacional se cobr\u00f3 sus primeras v\u00edctimas: dos t\u00e9cnicos dejaron sus cargos<br \/>\n<\/h3>\n<\/p>\n<\/section>\n<\/div>\n<div id=\"element-body-16\" class=\"sc-a7166897-0 eoLsBE\" readability=\"32\">\n<section readability=\"4\"><picture><img alt=\"El equipo de la familia Messi, Leones FC de Rosario, hace su debut en la Primera C\" loading=\"lazy\" width=\"290\" height=\"290\" decoding=\"async\" data-nimg=\"1\" src=\"http:\/\/cordobadirecto.com\/wp-content\/uploads\/2026\/03\/jugo-en-boca-fue-subcampeon-de-la-libertadores-y-lo-presentaron-en-almirante-brown-4.jpg\"><\/picture>\n<p><span>Mir\u00e1 tambi\u00e9n<\/span><\/p>\n<hr>\n<h3>El equipo de la familia Messi, Leones FC de Rosario, hace su debut en la Primera C<\/h3>\n<\/p>\n<\/section>\n<\/div>\n<div id=\"element-body-17\" class=\"sc-a7166897-0 eoLsBE\" readability=\"31.5\">\n<section readability=\"3\"><picture><img alt=\"Lionel Messi sorprendi\u00f3 desde Miami: as\u00ed sigui\u00f3 en vivo el debut de Leones en la Primera C\" loading=\"lazy\" width=\"290\" height=\"290\" decoding=\"async\" data-nimg=\"1\" src=\"http:\/\/cordobadirecto.com\/wp-content\/uploads\/2026\/03\/jugo-en-boca-fue-subcampeon-de-la-libertadores-y-lo-presentaron-en-almirante-brown-5.jpg\"><\/picture>\n<p><span>Mir\u00e1 tambi\u00e9n<\/span><\/p>\n<hr>\n<h3>Lionel Messi sorprendi\u00f3 desde Miami: as\u00ed sigui\u00f3 en vivo el debut de Leones en la Primera C<\/h3>\n<\/p>\n<\/section>\n<\/div>\n<\/div>\n","protected":false},"excerpt":{"rendered":"<p>04\/03\/2026 18:45hs. Almirante Brown sum\u00f3 jerarqu\u00eda a su plantel con la llegada de Leonardo Jara, un futbolista de extensa trayectoria en el f\u00fatbol argentino que decidi\u00f3 continuar su carrera en la Primera Nacional. El lateral derecho, de 34 a\u00f1os, acord\u00f3 su incorporaci\u00f3n al conjunto de Isidro Casanova luego de desvincularse de Godoy Cruz, club en [&hellip;]<\/p>\n","protected":false},"author":1,"featured_media":189597,"comment_status":"closed","ping_status":"closed","sticky":false,"template":"","format":"standard","meta":[],"categories":[21],"tags":[],"_links":{"self":[{"href":"http:\/\/cordobadirecto.com\/index.php\/wp-json\/wp\/v2\/posts\/189596"}],"collection":[{"href":"http:\/\/cordobadirecto.com\/index.php\/wp-json\/wp\/v2\/posts"}],"about":[{"href":"http:\/\/cordobadirecto.com\/index.php\/wp-json\/wp\/v2\/types\/post"}],"author":[{"embeddable":true,"href":"http:\/\/cordobadirecto.com\/index.php\/wp-json\/wp\/v2\/users\/1"}],"replies":[{"embeddable":true,"href":"http:\/\/cordobadirecto.com\/index.php\/wp-json\/wp\/v2\/comments?post=189596"}],"version-history":[{"count":0,"href":"http:\/\/cordobadirecto.com\/index.php\/wp-json\/wp\/v2\/posts\/189596\/revisions"}],"wp:featuredmedia":[{"embeddable":true,"href":"http:\/\/cordobadirecto.com\/index.php\/wp-json\/wp\/v2\/media\/189597"}],"wp:attachment":[{"href":"http:\/\/cordobadirecto.com\/index.php\/wp-json\/wp\/v2\/media?parent=189596"}],"wp:term":[{"taxonomy":"category","embeddable":true,"href":"http:\/\/cordobadirecto.com\/index.php\/wp-json\/wp\/v2\/categories?post=189596"},{"taxonomy":"post_tag","embeddable":true,"href":"http:\/\/cordobadirecto.com\/index.php\/wp-json\/wp\/v2\/tags?post=189596"}],"curies":[{"name":"wp","href":"https:\/\/api.w.org\/{rel}","templated":true}]}}