{"id":18961,"date":"2021-09-17T10:33:48","date_gmt":"2021-09-17T10:33:48","guid":{"rendered":"https:\/\/www.bbc.com\/mundo\/noticias-58590941"},"modified":"2021-09-17T10:33:48","modified_gmt":"2021-09-17T10:33:48","slug":"que-paises-estan-vacunando-a-ninos-contra-la-covid-19-y-por-que-y-cuales-son-los-de-america-latina","status":"publish","type":"post","link":"http:\/\/cordobadirecto.com\/index.php\/2021\/09\/17\/que-paises-estan-vacunando-a-ninos-contra-la-covid-19-y-por-que-y-cuales-son-los-de-america-latina\/","title":{"rendered":"Qu\u00e9 pa\u00edses est\u00e1n vacunando a ni\u00f1os contra la covid-19 y por qu\u00e9 (y cu\u00e1les son los de Am\u00e9rica Latina)"},"content":{"rendered":"<div dir=\"ltr\" class=\"e1j2237y5 bbc-q4ibpr e57qer20\">\n<div class=\"bbc-1atl7vu e1c9i7u14\">\n<ul role=\"list\" class=\"bbc-cdrraw e1c9i7u12\">\n<li role=\"listitem\" class=\"bbc-1a3w4ok e1c9i7u11\">Redacci\u00f3n <\/li>\n<li role=\"listitem\" class=\"bbc-1p92jtu e1c9i7u10\">BBC News Mundo<\/li>\n<\/ul>\n<\/div>\n<\/div>\n<p><time datetime=\"2021-09-17\" class=\"bbc-14xtggo e4zesg50\">17 septiembre 2021<\/time><\/p>\n<div dir=\"ltr\" class=\"bbc-1ka88fa e57qer20\">\n<figure class=\"bbc-1qdcvv9 e6bmn90\">\n<div dir=\"ltr\" class=\"bbc-172p16q e57qer20\">\n<div dir=\"ltr\" class=\"bbc-189y18v e57qer20\">\n<div data-e2e=\"image-placeholder\" class=\"bbc-997y1y e1whu0\"><img loading=\"lazy\" srcset=\"http:\/\/cordobadirecto.com\/wp-content\/uploads\/2021\/09\/que-paises-estan-vacunando-a-ninos-contra-la-covid-19-y-por-que-y-cuales-son-los-de-america-latina-6.jpg 240w, http:\/\/cordobadirecto.com\/wp-content\/uploads\/2021\/09\/que-paises-estan-vacunando-a-ninos-contra-la-covid-19-y-por-que-y-cuales-son-los-de-america-latina-7.jpg 320w, http:\/\/cordobadirecto.com\/wp-content\/uploads\/2021\/09\/que-paises-estan-vacunando-a-ninos-contra-la-covid-19-y-por-que-y-cuales-son-los-de-america-latina-8.jpg 480w, http:\/\/cordobadirecto.com\/wp-content\/uploads\/2021\/09\/que-paises-estan-vacunando-a-ninos-contra-la-covid-19-y-por-que-y-cuales-son-los-de-america-latina-9.jpg 624w, http:\/\/cordobadirecto.com\/wp-content\/uploads\/2021\/09\/que-paises-estan-vacunando-a-ninos-contra-la-covid-19-y-por-que-y-cuales-son-los-de-america-latina-10.jpg 800w\" alt=\"Un ni\u00f1o es vacunado contra el coronavirus en Irlanda\" src=\"http:\/\/cordobadirecto.com\/wp-content\/uploads\/2021\/09\/que-paises-estan-vacunando-a-ninos-contra-la-covid-19-y-por-que-y-cuales-son-los-de-america-latina.jpg\" width=\"976\" height=\"549\" class=\"eehpdyc0 bbc-oabvne e1enwo3v0\"><\/p>\n<p role=\"text\" class=\"bbc-1s1cxbv etq3yw90\"><span class=\"bbc-1gnhmg2 e1yt7oin0\">Fuente de la imagen, <\/span><span lang=\"en-GB\">PA<\/span><\/p>\n<\/div>\n<\/div>\n<div dir=\"ltr\" class=\"bbc-3edg7g e57qer20\" readability=\"6\"><figcaption dir=\"ltr\" class=\"bbc-1t9zlwf eede9f50\" readability=\"2\"><span class=\"bbc-1gnhmg2 e1yt7oin0\">Pie de foto, <\/span><\/p>\n<p>Cada vez son m\u00e1s los pa\u00edses que est\u00e1n inoculando a los menores contra el coronavirus.<\/p>\n<\/figcaption><\/div>\n<\/div>\n<\/figure>\n<\/div>\n<div dir=\"ltr\" class=\"bbc-19j92fr e57qer20\" readability=\"12\">\n<p dir=\"ltr\" class=\"bbc-bm53ic e1cc2ql70\"><b>Hasta ahora, la vacunaci\u00f3n contra el covid-19 se ha enfocado en la poblaci\u00f3n adulta, sobre todo en los mayores de 60 a\u00f1os, que son quienes tienen m\u00e1s probabilidades de sufrir consecuencias graves o morir a causa de esta enfermedad.<\/b><\/p>\n<\/div>\n<div dir=\"ltr\" class=\"bbc-19j92fr e57qer20\" readability=\"9\">\n<p dir=\"ltr\" class=\"bbc-bm53ic e1cc2ql70\">En el extremo opuesto est\u00e1n los ni\u00f1os, el grupo etario que <b>menos riesgos corre<\/b> a causa del coronavirus.<\/p>\n<\/div>\n<div dir=\"ltr\" class=\"bbc-19j92fr e57qer20\" readability=\"11\">\n<p dir=\"ltr\" class=\"bbc-bm53ic e1cc2ql70\">Si bien un peque\u00f1o grupo de menores infectados -se estima que 1 de cada 5.000- desarrolla una rara pero grave enfermedad llamada s\u00edndrome inflamatorio multisist\u00e9mico pedi\u00e1trico (o PIMS, por sus siglas en ingl\u00e9s), la vasta mayor\u00eda padece s\u00edntomas muy leves o es asintom\u00e1tica.<\/p>\n<\/div>\n<div dir=\"ltr\" class=\"bbc-19j92fr e57qer20\" readability=\"10\">\n<p dir=\"ltr\" class=\"bbc-bm53ic e1cc2ql70\">No obstante, <b>varios pa\u00edses empezaron a vacunar a sus ni\u00f1os<\/b>, luego de que algunos fabricantes de vacunas confirmaron que son seguras para los menores.<\/p>\n<\/div>\n<div dir=\"ltr\" class=\"bbc-19j92fr e57qer20\" readability=\"11\">\n<p dir=\"ltr\" class=\"bbc-bm53ic e1cc2ql70\">La estadounidense Pfizer prob\u00f3 su vacuna con \u00e9xito en menores a partir de los 12 a\u00f1os, y las dos vacunas chinas, Sinovac y Sinopharm, se aprobaron para mayores de 3.<\/p>\n<\/div>\n<div dir=\"ltr\" class=\"bbc-19j92fr e57qer20\" readability=\"11\">\n<p dir=\"ltr\" class=\"bbc-bm53ic e1cc2ql70\">Estos pa\u00edses no solo est\u00e1n vacunando a los ni\u00f1os que tienen un mayor riesgo por tener condiciones preexistentes. La mayor\u00eda vacuna a toda su poblaci\u00f3n infantil a partir de los 12 a\u00f1os, aunque algunas naciones incluso est\u00e1n vacunando a edades m\u00e1s tempranas, como los 2 o 3 a\u00f1os.<\/p>\n<\/div>\n<div dir=\"ltr\" class=\"bbc-1ka88fa e57qer20\">\n<figure class=\"bbc-1qdcvv9 e6bmn90\">\n<div dir=\"ltr\" class=\"bbc-172p16q e57qer20\">\n<div dir=\"ltr\" class=\"bbc-189y18v e57qer20\" readability=\"6.5\">\n<div data-e2e=\"image-placeholder\" class=\"bbc-997y1y e1whu0\" readability=\"8\"><noscript><img loading=\"lazy\" srcset=\"http:\/\/cordobadirecto.com\/wp-content\/uploads\/2021\/09\/que-paises-estan-vacunando-a-ninos-contra-la-covid-19-y-por-que-y-cuales-son-los-de-america-latina-11.jpg 240w, http:\/\/cordobadirecto.com\/wp-content\/uploads\/2021\/09\/que-paises-estan-vacunando-a-ninos-contra-la-covid-19-y-por-que-y-cuales-son-los-de-america-latina-12.jpg 320w, http:\/\/cordobadirecto.com\/wp-content\/uploads\/2021\/09\/que-paises-estan-vacunando-a-ninos-contra-la-covid-19-y-por-que-y-cuales-son-los-de-america-latina-13.jpg 480w, http:\/\/cordobadirecto.com\/wp-content\/uploads\/2021\/09\/que-paises-estan-vacunando-a-ninos-contra-la-covid-19-y-por-que-y-cuales-son-los-de-america-latina-14.jpg 624w, http:\/\/cordobadirecto.com\/wp-content\/uploads\/2021\/09\/que-paises-estan-vacunando-a-ninos-contra-la-covid-19-y-por-que-y-cuales-son-los-de-america-latina-15.jpg 800w\" alt=\"La vacuna Pfizer\" src=\"http:\/\/cordobadirecto.com\/wp-content\/uploads\/2021\/09\/que-paises-estan-vacunando-a-ninos-contra-la-covid-19-y-por-que-y-cuales-son-los-de-america-latina-1.jpg\" width=\"976\" height=\"549\" class=\"eehpdyc0 bbc-oabvne e1enwo3v0\"><\/noscript><\/p>\n<p role=\"text\" class=\"bbc-1s1cxbv etq3yw90\"><span class=\"bbc-1gnhmg2 e1yt7oin0\">Fuente de la imagen, <\/span><span lang=\"en-GB\">Reuters<\/span><\/p>\n<\/div>\n<\/div>\n<div dir=\"ltr\" class=\"bbc-3edg7g e57qer20\" readability=\"6\"><figcaption dir=\"ltr\" class=\"bbc-1t9zlwf eede9f50\" readability=\"2\"><span class=\"bbc-1gnhmg2 e1yt7oin0\">Pie de foto, <\/span><\/p>\n<p>La vacuna Pfizer fue aprobada para ni\u00f1os de 12 a\u00f1os en adelante en mayo.<\/p>\n<\/figcaption><\/div>\n<\/div>\n<\/figure>\n<\/div>\n<p><h2 id=\"A-qu\u00e9-se-debe\" tabindex=\"-1\" class=\"bbc-l3e97o e14hemmw0\">\u00bfA qu\u00e9 se debe?<\/h2>\n<\/p>\n<div dir=\"ltr\" class=\"bbc-19j92fr e57qer20\" readability=\"8\">\n<p dir=\"ltr\" class=\"bbc-bm53ic e1cc2ql70\">Existe una serie de motivos que han llevado a estos pa\u00edses a decidir inocular a su poblaci\u00f3n m\u00e1s joven.<\/p>\n<\/div>\n<div dir=\"ltr\" class=\"bbc-19j92fr e57qer20\" readability=\"11\">\n<p dir=\"ltr\" class=\"bbc-bm53ic e1cc2ql70\">Reino Unido, que acaba de recomendar que los chicos de entre 12 y 15 a\u00f1os reciban una dosis de la vacuna Pfizer, justific\u00f3 su decisi\u00f3n afirmando que esto deber\u00eda <b>evitar interrupciones en su educaci\u00f3n<\/b>.<\/p>\n<\/div>\n<div dir=\"ltr\" class=\"bbc-19j92fr e57qer20\" readability=\"10\">\n<p dir=\"ltr\" class=\"bbc-bm53ic e1cc2ql70\">La decisi\u00f3n del gobierno brit\u00e1nico se dio luego de que el comit\u00e9 cient\u00edfico que lo asesora se opusiera a vacunar a ni\u00f1os sanos solo por motivos de salud, afirmando que el virus representa una amenaza muy baja para ellos.<\/p>\n<\/div>\n<div dir=\"ltr\" class=\"bbc-19j92fr e57qer20\" readability=\"13\">\n<p dir=\"ltr\" class=\"bbc-bm53ic e1cc2ql70\">El director m\u00e9dico de Inglaterra, Chris Whitty, dijo que fue una &#8220;decisi\u00f3n dif\u00edcil&#8221;, pero que perder tiempo de escuela &#8220;ha sido extraordinariamente dif\u00edcil para los ni\u00f1os&#8221;, especialmente en las zonas m\u00e1s desfavorecidas del pa\u00eds. <\/p>\n<\/div>\n<div dir=\"ltr\" class=\"bbc-19j92fr e57qer20\" readability=\"8\">\n<p dir=\"ltr\" class=\"bbc-bm53ic e1cc2ql70\">Agreg\u00f3 que la interrupci\u00f3n prolongada de la escolaridad puede causar problemas de salud mental y tener efectos a largo plazo.<\/p>\n<\/div>\n<div dir=\"ltr\" class=\"bbc-19j92fr e57qer20\" readability=\"8\">\n<p dir=\"ltr\" class=\"bbc-bm53ic e1cc2ql70\">Una encuesta publicada en julio por la Oficina Nacional de Estad\u00edsticas de Reino Unido hab\u00eda mostrado que casi 9 de cada 10 padres estaban de acuerdo con vacunar a sus hijos.<\/p>\n<\/div>\n<div dir=\"ltr\" class=\"bbc-19j92fr e57qer20\" readability=\"11\">\n<p dir=\"ltr\" class=\"bbc-bm53ic e1cc2ql70\">El gobierno brit\u00e1nico espera que esta medida sirva para ayudar a <b>frenar la propagaci\u00f3n de la variante delta<\/b>, la m\u00e1s contagiosa del coronavirus, que ha causado una nueva ola de infecciones en ese pa\u00eds.<\/p>\n<\/div>\n<div dir=\"ltr\" class=\"bbc-19j92fr e57qer20\" readability=\"8\">\n<p dir=\"ltr\" class=\"bbc-bm53ic e1cc2ql70\">Se\u00f1alan que una sola dosis reduce el riesgo de contraer esta variante -si se entra en contacto con ella- en aproximadamente un 55%.<\/p>\n<\/div>\n<div dir=\"ltr\" class=\"bbc-19j92fr e57qer20\" readability=\"7\">\n<p dir=\"ltr\" class=\"bbc-bm53ic e1cc2ql70\">Tambi\u00e9n reduce las posibilidades de enfermarse con gravedad y de contagiar el virus.<\/p>\n<\/div>\n<p><h2 id=\"Variante-delta\" tabindex=\"-1\" class=\"bbc-l3e97o e14hemmw0\">Variante delta<\/h2>\n<\/p>\n<div dir=\"ltr\" class=\"bbc-19j92fr e57qer20\" readability=\"8\">\n<p dir=\"ltr\" class=\"bbc-bm53ic e1cc2ql70\">Los estragos que est\u00e1 causando la variante delta tambi\u00e9n explican por qu\u00e9 varios otros pa\u00edses empezaron a vacunar a sus menores.<\/p>\n<\/div>\n<div dir=\"ltr\" class=\"bbc-19j92fr e57qer20\" readability=\"9\">\n<p dir=\"ltr\" class=\"bbc-bm53ic e1cc2ql70\">Estados Unidos y Canad\u00e1 empezaron a vacunar a ni\u00f1os, a partir de los 12 a\u00f1os, en mayo pasado.<\/p>\n<\/div>\n<div dir=\"ltr\" class=\"bbc-19j92fr e57qer20\" readability=\"13\">\n<p dir=\"ltr\" class=\"bbc-bm53ic e1cc2ql70\">Seg\u00fan el \u00faltimo informe del Centro para el Control de Enfermedades (CDC, en ingl\u00e9s), la cantidad de ni\u00f1os hospitalizados con covid-19 en EE.UU. es de 3,4 a 3,7 veces mayor en los estados que menos han vacunado a su poblaci\u00f3n.<\/p>\n<\/div>\n<div dir=\"ltr\" class=\"bbc-19j92fr e57qer20\" readability=\"9\">\n<p dir=\"ltr\" class=\"bbc-bm53ic e1cc2ql70\">Algunas juntas escolares en ese pa\u00eds incluso decidieron que la vacuna sea obligatoria para que los ni\u00f1os de 12 a\u00f1os o m\u00e1s puedan asistan a clases, algo que ha sido objetado por algunos padres. <\/p>\n<\/div>\n<div dir=\"ltr\" class=\"bbc-19j92fr e57qer20\" readability=\"9\">\n<p dir=\"ltr\" class=\"bbc-bm53ic e1cc2ql70\">La farmac\u00e9utica Pfizer <b>ya ha empezado a testear su vacuna en ni\u00f1os de 5 a 11 a\u00f1os<\/b>, y se espera que esos resultados est\u00e9n listos este mes.<\/p>\n<\/div>\n<div dir=\"ltr\" class=\"bbc-19j92fr e57qer20\" readability=\"8\">\n<p dir=\"ltr\" class=\"bbc-bm53ic e1cc2ql70\">El presidente Joe Biden ya se\u00f1al\u00f3 que las vacunas para ese grupo etario estar\u00e1n disponibles &#8220;pronto&#8221; despu\u00e9s de que los reguladores revisen los datos cl\u00ednicos. <\/p>\n<\/div>\n<div dir=\"ltr\" class=\"bbc-19j92fr e57qer20\" readability=\"11\">\n<p dir=\"ltr\" class=\"bbc-bm53ic e1cc2ql70\">China, que tambi\u00e9n enfrenta un aumento de casos por la variante delta, aprob\u00f3 la inoculaci\u00f3n de ni\u00f1os<b> a partir de los 3 a\u00f1os<\/b> en junio pasado, con las vacunas Sinovac y Sinopharm.<\/p>\n<\/div>\n<div dir=\"ltr\" class=\"bbc-19j92fr e57qer20\" readability=\"10\">\n<p dir=\"ltr\" class=\"bbc-bm53ic e1cc2ql70\">Se convirti\u00f3 as\u00ed en el primer pa\u00eds en permitir la vacunaci\u00f3n de un grupo de edad tan joven, seguido por Emiratos \u00c1rabes Unidos en agosto, que tambi\u00e9n empez\u00f3 a vacunar a ni\u00f1os desde los 3.<\/p>\n<\/div>\n<div dir=\"ltr\" class=\"bbc-19j92fr e57qer20\" readability=\"10\">\n<p dir=\"ltr\" class=\"bbc-bm53ic e1cc2ql70\">El gigante asi\u00e1tico empez\u00f3 a vacunar a menores de entre 12 y 17 a\u00f1os a principios de 2021 y para mediados de agosto ya hab\u00eda administrado 60 millones de dosis a ese grupo etario, seg\u00fan la Comisi\u00f3n Nacional de Salud.<\/p>\n<\/div>\n<div dir=\"ltr\" class=\"bbc-19j92fr e57qer20\" readability=\"11\">\n<p dir=\"ltr\" class=\"bbc-bm53ic e1cc2ql70\">Ahora un nuevo brote, que seg\u00fan los medios locales est\u00e1 &#8220;centrado en las escuelas&#8221;, ha llevado a algunos expertos a pedir que el programa de vacunaci\u00f3n se ampl\u00ede para cubrir a los ni\u00f1os de entre 3 y 12 a\u00f1os.<\/p>\n<\/div>\n<div dir=\"ltr\" class=\"bbc-1ka88fa e57qer20\">\n<figure class=\"bbc-1qdcvv9 e6bmn90\">\n<div dir=\"ltr\" class=\"bbc-172p16q e57qer20\">\n<div dir=\"ltr\" class=\"bbc-189y18v e57qer20\" readability=\"6.5\">\n<div data-e2e=\"image-placeholder\" class=\"bbc-997y1y e1whu0\" readability=\"8\"><noscript><img loading=\"lazy\" srcset=\"http:\/\/cordobadirecto.com\/wp-content\/uploads\/2021\/09\/que-paises-estan-vacunando-a-ninos-contra-la-covid-19-y-por-que-y-cuales-son-los-de-america-latina-16.jpg 240w, http:\/\/cordobadirecto.com\/wp-content\/uploads\/2021\/09\/que-paises-estan-vacunando-a-ninos-contra-la-covid-19-y-por-que-y-cuales-son-los-de-america-latina-17.jpg 320w, http:\/\/cordobadirecto.com\/wp-content\/uploads\/2021\/09\/que-paises-estan-vacunando-a-ninos-contra-la-covid-19-y-por-que-y-cuales-son-los-de-america-latina-18.jpg 480w, http:\/\/cordobadirecto.com\/wp-content\/uploads\/2021\/09\/que-paises-estan-vacunando-a-ninos-contra-la-covid-19-y-por-que-y-cuales-son-los-de-america-latina-19.jpg 624w, http:\/\/cordobadirecto.com\/wp-content\/uploads\/2021\/09\/que-paises-estan-vacunando-a-ninos-contra-la-covid-19-y-por-que-y-cuales-son-los-de-america-latina-20.jpg 800w\" alt=\"Alumnos de un colegio en Shangh\u00e1i reciben la vacuna contra el covid-19.\" src=\"http:\/\/cordobadirecto.com\/wp-content\/uploads\/2021\/09\/que-paises-estan-vacunando-a-ninos-contra-la-covid-19-y-por-que-y-cuales-son-los-de-america-latina-2.jpg\" width=\"976\" height=\"549\" class=\"eehpdyc0 bbc-oabvne e1enwo3v0\"><\/noscript><\/p>\n<p role=\"text\" class=\"bbc-1s1cxbv etq3yw90\"><span class=\"bbc-1gnhmg2 e1yt7oin0\">Fuente de la imagen, <\/span><span lang=\"en-GB\">Reuters<\/span><\/p>\n<\/div>\n<\/div>\n<div dir=\"ltr\" class=\"bbc-3edg7g e57qer20\" readability=\"6\"><figcaption dir=\"ltr\" class=\"bbc-1t9zlwf eede9f50\" readability=\"2\"><span class=\"bbc-1gnhmg2 e1yt7oin0\">Pie de foto, <\/span><\/p>\n<p>Alumnos de un colegio en Shangh\u00e1i reciben la vacuna contra el covid-19.<\/p>\n<\/figcaption><\/div>\n<\/div>\n<\/figure>\n<\/div>\n<p><h2 id=\"Inmunidad-de-reba\u00f1o\" tabindex=\"-1\" class=\"bbc-l3e97o e14hemmw0\">Inmunidad de reba\u00f1o<\/h2>\n<\/p>\n<div dir=\"ltr\" class=\"bbc-19j92fr e57qer20\" readability=\"10\">\n<p dir=\"ltr\" class=\"bbc-bm53ic e1cc2ql70\">El periodista especializado en Salud de la BBC Jim Reed se\u00f1ala que China se ha fijado como objetivo vacunar al 80% de sus 1.400 millones de habitantes para fin de a\u00f1o, &#8220;una cifra imposible de cumplir sin inocular a un gran n\u00famero de menores de 18 a\u00f1os&#8221;.<\/p>\n<\/div>\n<div dir=\"ltr\" class=\"bbc-19j92fr e57qer20\" readability=\"10\">\n<p dir=\"ltr\" class=\"bbc-bm53ic e1cc2ql70\">Lo cierto es que, si bien los chicos no suelen padecer formas graves de covid-19, siguen siendo una <b>v\u00eda de contagio<\/b>. <\/p>\n<\/div>\n<div dir=\"ltr\" class=\"bbc-19j92fr e57qer20\" readability=\"9\">\n<p dir=\"ltr\" class=\"bbc-bm53ic e1cc2ql70\">Y en algunos pa\u00edses donde una gran proporci\u00f3n de los adultos ya est\u00e1 vacunada, los ni\u00f1os representan una importante fuente de infecci\u00f3n.<\/p>\n<\/div>\n<div dir=\"ltr\" class=\"bbc-19j92fr e57qer20\" readability=\"10\">\n<p dir=\"ltr\" class=\"bbc-bm53ic e1cc2ql70\">Esto explica por qu\u00e9<b> varios pa\u00edses de la Uni\u00f3n Europea (UE) empezaron a vacunar a <\/b><b>menores <\/b><b>de entre 12 y 15<\/b>, luego de que la Agencia Europea de Medicamentos (EMA) aprobara el uso de la vacuna Pfizer para esas edades en mayo.<\/p>\n<\/div>\n<div dir=\"ltr\" class=\"bbc-19j92fr e57qer20\" readability=\"10\">\n<p dir=\"ltr\" class=\"bbc-bm53ic e1cc2ql70\">Alemania, que solo permit\u00eda la vacunaci\u00f3n de menores con problemas de salud previos, en agosto extendi\u00f3 su programa de vacunaci\u00f3n para incorporar a todos los ni\u00f1os de 12 en adelante.<\/p>\n<\/div>\n<div dir=\"ltr\" class=\"bbc-19j92fr e57qer20\" readability=\"10\">\n<p dir=\"ltr\" class=\"bbc-bm53ic e1cc2ql70\">En tanto, Espa\u00f1a, Dinamarca y Francia <b>ya han vacunado a la mayor\u00eda de su poblaci\u00f3n de esa edad<\/b> con al menos una dosis.<\/p>\n<\/div>\n<div dir=\"ltr\" class=\"bbc-19j92fr e57qer20\" readability=\"14\">\n<p dir=\"ltr\" class=\"bbc-bm53ic e1cc2ql70\">Las autoridades francesas informaron que, a partir de octubre, todos los adolescentes deber\u00e1n presentar evidencia de que han sido vacunados o que tienen una prueba negativa de coronavirus para acceder a lugares como cines, museos, restaurantes y centros comerciales, como ya ocurre con los adultos.<\/p>\n<\/div>\n<div dir=\"ltr\" class=\"bbc-19j92fr e57qer20\" readability=\"9\">\n<p dir=\"ltr\" class=\"bbc-bm53ic e1cc2ql70\">Otro pa\u00eds que aplica un sistema similar -llamado &#8220;pase verde&#8221;- es Israel, una de las naciones que m\u00e1s r\u00e1pido logr\u00f3 vacunar a la mayor parte -casi el 90%- de su poblaci\u00f3n adulta.<\/p>\n<\/div>\n<div dir=\"ltr\" class=\"bbc-19j92fr e57qer20\" readability=\"10\">\n<p dir=\"ltr\" class=\"bbc-bm53ic e1cc2ql70\">En medio de un fuerte aumento de casos por la variante delta, en junio el pa\u00eds empez\u00f3 a vacunar a los chicos a partir de los 12 a\u00f1os, edad que se redujo a los 3 a mediados de agosto.<\/p>\n<\/div>\n<div dir=\"ltr\" class=\"bbc-1ka88fa e57qer20\">\n<figure class=\"bbc-1qdcvv9 e6bmn90\">\n<div dir=\"ltr\" class=\"bbc-172p16q e57qer20\">\n<div dir=\"ltr\" class=\"bbc-189y18v e57qer20\">\n<div data-e2e=\"image-placeholder\" class=\"bbc-997y1y e1whu0\"><noscript><img loading=\"lazy\" srcset=\"http:\/\/cordobadirecto.com\/wp-content\/uploads\/2021\/09\/que-paises-estan-vacunando-a-ninos-contra-la-covid-19-y-por-que-y-cuales-son-los-de-america-latina-21.jpg 240w, http:\/\/cordobadirecto.com\/wp-content\/uploads\/2021\/09\/que-paises-estan-vacunando-a-ninos-contra-la-covid-19-y-por-que-y-cuales-son-los-de-america-latina-22.jpg 320w, http:\/\/cordobadirecto.com\/wp-content\/uploads\/2021\/09\/que-paises-estan-vacunando-a-ninos-contra-la-covid-19-y-por-que-y-cuales-son-los-de-america-latina-23.jpg 480w, http:\/\/cordobadirecto.com\/wp-content\/uploads\/2021\/09\/que-paises-estan-vacunando-a-ninos-contra-la-covid-19-y-por-que-y-cuales-son-los-de-america-latina-24.jpg 624w, http:\/\/cordobadirecto.com\/wp-content\/uploads\/2021\/09\/que-paises-estan-vacunando-a-ninos-contra-la-covid-19-y-por-que-y-cuales-son-los-de-america-latina-25.jpg 800w\" alt=\"Ni\u00f1as en un colegio en Jerusal\u00e9n\" src=\"http:\/\/cordobadirecto.com\/wp-content\/uploads\/2021\/09\/que-paises-estan-vacunando-a-ninos-contra-la-covid-19-y-por-que-y-cuales-son-los-de-america-latina-3.jpg\" width=\"976\" height=\"549\" class=\"eehpdyc0 bbc-oabvne e1enwo3v0\"><\/noscript><\/p>\n<p role=\"text\" class=\"bbc-1s1cxbv etq3yw90\"><span class=\"bbc-1gnhmg2 e1yt7oin0\">Fuente de la imagen, <\/span><span lang=\"en-GB\">EPA<\/span><\/p>\n<\/div>\n<\/div>\n<div dir=\"ltr\" class=\"bbc-3edg7g e57qer20\" readability=\"6.5\"><figcaption dir=\"ltr\" class=\"bbc-1t9zlwf eede9f50\" readability=\"3\"><span class=\"bbc-1gnhmg2 e1yt7oin0\">Pie de foto, <\/span><\/p>\n<p>Israel empez\u00f3 a vacunar a los ni\u00f1os desde los 3 a\u00f1os en agosto, en medio de un aumento de casos.<\/p>\n<\/figcaption><\/div>\n<\/div>\n<\/figure>\n<\/div>\n<div dir=\"ltr\" class=\"bbc-19j92fr e57qer20\" readability=\"10\">\n<p dir=\"ltr\" class=\"bbc-bm53ic e1cc2ql70\">Tambi\u00e9n empez\u00f3 a requerir que los ni\u00f1os de esas edades muestren su pase verde para poder acceder a muchos lugares cerrados, incluyendo bibliotecas, gimnasios y piletas.<\/p>\n<\/div>\n<p><h2 id=\"Am\u00e9rica-Latina\" tabindex=\"-1\" class=\"bbc-l3e97o e14hemmw0\">Am\u00e9rica Latina<\/h2>\n<\/p>\n<div dir=\"ltr\" class=\"bbc-19j92fr e57qer20\" readability=\"7\">\n<p dir=\"ltr\" class=\"bbc-bm53ic e1cc2ql70\">Varios pa\u00edses latinoamericanos tambi\u00e9n est\u00e1n vacunando a su poblaci\u00f3n m\u00e1s joven.<\/p>\n<\/div>\n<div dir=\"ltr\" class=\"bbc-19j92fr e57qer20\" readability=\"8\">\n<p dir=\"ltr\" class=\"bbc-bm53ic e1cc2ql70\"><b>Uruguay fue el primero<\/b> en empezar a inocular a menores de entre 12 y 17 a\u00f1os con la vacuna Pfizer a comienzos de junio.<\/p>\n<\/div>\n<div dir=\"ltr\" class=\"bbc-19j92fr e57qer20\" readability=\"10\">\n<p dir=\"ltr\" class=\"bbc-bm53ic e1cc2ql70\">Chile, que al igual que Uruguay tambi\u00e9n tiene una de las mayores tasas de vacunaci\u00f3n del mundo, comenz\u00f3 a hacer lo propio unas semanas despu\u00e9s. <\/p>\n<\/div>\n<div dir=\"ltr\" class=\"bbc-19j92fr e57qer20\" readability=\"9\">\n<p dir=\"ltr\" class=\"bbc-bm53ic e1cc2ql70\">El pasado 13 de septiembre el pa\u00eds se convirti\u00f3 en el primero de Sudam\u00e9rica en dar luz verde a la inoculaci\u00f3n de<b> menores de hasta 6 a\u00f1os<\/b>, con la vacuna de Sinovac.<\/p>\n<\/div>\n<div dir=\"ltr\" class=\"bbc-19j92fr e57qer20\" readability=\"9\">\n<p dir=\"ltr\" class=\"bbc-bm53ic e1cc2ql70\">Los primeros en ser vacunados son quienes tienen comorbilidades, pero a partir del 26 de septiembre se vacunar\u00e1 a todos los menores de esa edad.<\/p>\n<\/div>\n<div dir=\"ltr\" class=\"bbc-19j92fr e57qer20\" readability=\"11\">\n<p dir=\"ltr\" class=\"bbc-bm53ic e1cc2ql70\">&#8220;Los ni\u00f1os tambi\u00e9n se pueden enfermar. Un 12% de los casos que hemos tenido en nuestro pa\u00eds durante este a\u00f1o y medio son ni\u00f1os menores de 18 a\u00f1os&#8221;, explic\u00f3 la subsecretaria de Salud P\u00fablica chilena, Paula Daza.<\/p>\n<\/div>\n<div dir=\"ltr\" class=\"bbc-19j92fr e57qer20\" readability=\"11\">\n<p dir=\"ltr\" class=\"bbc-bm53ic e1cc2ql70\">La funcionaria destac\u00f3 que las vacunas &#8220;son seguras, eficaces y, adem\u00e1s de proteger a cada una de las personas, son un acto solidario&#8221;.<\/p>\n<\/div>\n<div dir=\"ltr\" class=\"bbc-1ka88fa e57qer20\">\n<figure class=\"bbc-1qdcvv9 e6bmn90\">\n<div dir=\"ltr\" class=\"bbc-172p16q e57qer20\">\n<div dir=\"ltr\" class=\"bbc-189y18v e57qer20\" readability=\"6.5\">\n<div data-e2e=\"image-placeholder\" class=\"bbc-997y1y e1whu0\" readability=\"8\"><noscript><img loading=\"lazy\" srcset=\"http:\/\/cordobadirecto.com\/wp-content\/uploads\/2021\/09\/que-paises-estan-vacunando-a-ninos-contra-la-covid-19-y-por-que-y-cuales-son-los-de-america-latina-26.jpg 240w, http:\/\/cordobadirecto.com\/wp-content\/uploads\/2021\/09\/que-paises-estan-vacunando-a-ninos-contra-la-covid-19-y-por-que-y-cuales-son-los-de-america-latina-27.jpg 320w, http:\/\/cordobadirecto.com\/wp-content\/uploads\/2021\/09\/que-paises-estan-vacunando-a-ninos-contra-la-covid-19-y-por-que-y-cuales-son-los-de-america-latina-28.jpg 480w, http:\/\/cordobadirecto.com\/wp-content\/uploads\/2021\/09\/que-paises-estan-vacunando-a-ninos-contra-la-covid-19-y-por-que-y-cuales-son-los-de-america-latina-29.jpg 624w, http:\/\/cordobadirecto.com\/wp-content\/uploads\/2021\/09\/que-paises-estan-vacunando-a-ninos-contra-la-covid-19-y-por-que-y-cuales-son-los-de-america-latina-30.jpg 800w\" alt=\"Un ni\u00f1os es vacunado en Santiago\" src=\"http:\/\/cordobadirecto.com\/wp-content\/uploads\/2021\/09\/que-paises-estan-vacunando-a-ninos-contra-la-covid-19-y-por-que-y-cuales-son-los-de-america-latina-4.jpg\" width=\"976\" height=\"649\" class=\"eehpdyc0 bbc-oabvne e1enwo3v0\"><\/noscript><\/p>\n<p role=\"text\" class=\"bbc-1s1cxbv etq3yw90\"><span class=\"bbc-1gnhmg2 e1yt7oin0\">Fuente de la imagen, <\/span><span lang=\"en-GB\">Getty Images<\/span><\/p>\n<\/div>\n<\/div>\n<div dir=\"ltr\" class=\"bbc-3edg7g e57qer20\" readability=\"7\"><figcaption dir=\"ltr\" class=\"bbc-1t9zlwf eede9f50\" readability=\"4\"><span class=\"bbc-1gnhmg2 e1yt7oin0\">Pie de foto, <\/span><\/p>\n<p>Chile empez\u00f3 a vacunar a los menores de 12 a 17 en junio, y ahora extendi\u00f3 la vacunaci\u00f3n a partir de los 6 a\u00f1os.<\/p>\n<\/figcaption><\/div>\n<\/div>\n<\/figure>\n<\/div>\n<div dir=\"ltr\" class=\"bbc-19j92fr e57qer20\" readability=\"17\">\n<p dir=\"ltr\" class=\"bbc-bm53ic e1cc2ql70\">Argentina, Colombia, Costa Rica, Ecuador, El Salvador, Panam\u00e1, Paraguay, Per\u00fa y Rep\u00fablica Dominicana tambi\u00e9n empezaron a vacunar a ni\u00f1os con comorbilidades a partir de los 12 a\u00f1os, entre junio y julio.<\/p>\n<\/div>\n<div dir=\"ltr\" class=\"bbc-19j92fr e57qer20\" readability=\"7\">\n<p dir=\"ltr\" class=\"bbc-bm53ic e1cc2ql70\">Algunos luego extendieron la cobertura a todos los menores de esa edad.<\/p>\n<\/div>\n<div dir=\"ltr\" class=\"bbc-19j92fr e57qer20\" readability=\"10\">\n<p dir=\"ltr\" class=\"bbc-bm53ic e1cc2ql70\">A mediados de septiembre, el presidente salvadore\u00f1o anunci\u00f3 que empezar\u00edan a vacunar a ni\u00f1os m\u00e1s peque\u00f1os, a partir de los 6 a\u00f1os.<\/p>\n<\/div>\n<div dir=\"ltr\" class=\"bbc-19j92fr e57qer20\" readability=\"9\">\n<p dir=\"ltr\" class=\"bbc-bm53ic e1cc2ql70\">En tanto, Cuba se convirti\u00f3 a principios de mes en el <b>primer pa\u00eds del mundo en vacunar a ni\u00f1os a partir de los 2 a\u00f1os.<\/b><\/p>\n<\/div>\n<div dir=\"ltr\" class=\"bbc-19j92fr e57qer20\" readability=\"9\">\n<p dir=\"ltr\" class=\"bbc-bm53ic e1cc2ql70\">Las autoridades sanitarias empezaron a administrar a los menores la vacuna Soberana 02, producida en la isla.<\/p>\n<\/div>\n<div dir=\"ltr\" class=\"bbc-19j92fr e57qer20\" readability=\"9\">\n<p dir=\"ltr\" class=\"bbc-bm53ic e1cc2ql70\">El programa de vacunaci\u00f3n pedi\u00e1trico coincidi\u00f3 con el inicio del<b> ciclo escolar<\/b>, aunque la educaci\u00f3n se ha mantenido en formato virtual.<\/p>\n<\/div>\n<div dir=\"ltr\" class=\"bbc-19j92fr e57qer20\" readability=\"8\">\n<p dir=\"ltr\" class=\"bbc-bm53ic e1cc2ql70\">El presidente Miguel D\u00edaz-Canel se\u00f1al\u00f3 a trav\u00e9s de un comunicado que el objetivo es llegar a noviembre con m\u00e1s del 90% de la poblaci\u00f3n vacunada.<\/p>\n<\/div>\n<div dir=\"ltr\" class=\"bbc-1ka88fa e57qer20\">\n<figure class=\"bbc-1qdcvv9 e6bmn90\">\n<div dir=\"ltr\" class=\"bbc-172p16q e57qer20\">\n<div dir=\"ltr\" class=\"bbc-189y18v e57qer20\">\n<div data-e2e=\"image-placeholder\" class=\"bbc-997y1y e1whu0\"><noscript><img loading=\"lazy\" srcset=\"http:\/\/cordobadirecto.com\/wp-content\/uploads\/2021\/09\/que-paises-estan-vacunando-a-ninos-contra-la-covid-19-y-por-que-y-cuales-son-los-de-america-latina-31.jpg 240w, http:\/\/cordobadirecto.com\/wp-content\/uploads\/2021\/09\/que-paises-estan-vacunando-a-ninos-contra-la-covid-19-y-por-que-y-cuales-son-los-de-america-latina-32.jpg 320w, http:\/\/cordobadirecto.com\/wp-content\/uploads\/2021\/09\/que-paises-estan-vacunando-a-ninos-contra-la-covid-19-y-por-que-y-cuales-son-los-de-america-latina-33.jpg 464w\" alt=\"BBC\" src=\"http:\/\/cordobadirecto.com\/wp-content\/uploads\/2021\/09\/que-paises-estan-vacunando-a-ninos-contra-la-covid-19-y-por-que-y-cuales-son-los-de-america-latina-5.jpg\" width=\"464\" height=\"2\" class=\"eehpdyc0 bbc-oabvne e1enwo3v0\"><\/noscript><\/div>\n<\/div>\n<\/div>\n<\/figure>\n<\/div>\n<div dir=\"ltr\" class=\"bbc-19j92fr e57qer20\" readability=\"8\">\n<p dir=\"ltr\" class=\"bbc-bm53ic e1cc2ql70\"><i class=\"bbc-h1y5j7 ewc4zcb0\">Ahora puedes recibir notificaciones de BBC Mundo. Descarga la nueva versi\u00f3n de nuestra app y act\u00edvalas para no perderte nuestro mejor contenido.<\/i><\/p>\n<\/div>\n","protected":false},"excerpt":{"rendered":"<p>Redacci\u00f3n BBC News Mundo 17 septiembre 2021 Fuente de la imagen, PA Pie de foto, Cada vez son m\u00e1s los pa\u00edses que est\u00e1n inoculando a los menores contra el coronavirus. Hasta ahora, la vacunaci\u00f3n contra el covid-19 se ha enfocado en la poblaci\u00f3n adulta, sobre todo en los mayores de 60 a\u00f1os, que son quienes [&hellip;]<\/p>\n","protected":false},"author":1,"featured_media":18962,"comment_status":"closed","ping_status":"closed","sticky":false,"template":"","format":"standard","meta":[],"categories":[24],"tags":[],"_links":{"self":[{"href":"http:\/\/cordobadirecto.com\/index.php\/wp-json\/wp\/v2\/posts\/18961"}],"collection":[{"href":"http:\/\/cordobadirecto.com\/index.php\/wp-json\/wp\/v2\/posts"}],"about":[{"href":"http:\/\/cordobadirecto.com\/index.php\/wp-json\/wp\/v2\/types\/post"}],"author":[{"embeddable":true,"href":"http:\/\/cordobadirecto.com\/index.php\/wp-json\/wp\/v2\/users\/1"}],"replies":[{"embeddable":true,"href":"http:\/\/cordobadirecto.com\/index.php\/wp-json\/wp\/v2\/comments?post=18961"}],"version-history":[{"count":0,"href":"http:\/\/cordobadirecto.com\/index.php\/wp-json\/wp\/v2\/posts\/18961\/revisions"}],"wp:featuredmedia":[{"embeddable":true,"href":"http:\/\/cordobadirecto.com\/index.php\/wp-json\/wp\/v2\/media\/18962"}],"wp:attachment":[{"href":"http:\/\/cordobadirecto.com\/index.php\/wp-json\/wp\/v2\/media?parent=18961"}],"wp:term":[{"taxonomy":"category","embeddable":true,"href":"http:\/\/cordobadirecto.com\/index.php\/wp-json\/wp\/v2\/categories?post=18961"},{"taxonomy":"post_tag","embeddable":true,"href":"http:\/\/cordobadirecto.com\/index.php\/wp-json\/wp\/v2\/tags?post=18961"}],"curies":[{"name":"wp","href":"https:\/\/api.w.org\/{rel}","templated":true}]}}