{"id":189730,"date":"2026-03-06T00:22:20","date_gmt":"2026-03-06T00:22:20","guid":{"rendered":"https:\/\/www.ole.com.ar\/autos\/video-impactante-explosion-motor-mattia-colnaghi-debut-f3-australia_0_SZGn2cxAKs.html"},"modified":"2026-03-06T00:22:20","modified_gmt":"2026-03-06T00:22:20","slug":"video-la-impactante-explosion-del-motor-de-mattia-colnaghi-en-su-debut-en-la-f3-en-australia","status":"publish","type":"post","link":"http:\/\/cordobadirecto.com\/index.php\/2026\/03\/06\/video-la-impactante-explosion-del-motor-de-mattia-colnaghi-en-su-debut-en-la-f3-en-australia\/","title":{"rendered":"Video: la impactante explosi\u00f3n del motor de Mattia Colnaghi en su debut en la F3 en Australia"},"content":{"rendered":"<p><time class=\"createDate\" datetime=\"2026-03-05T21:22:20-03:00\">05\/03\/2026 21:22hs.<\/time><\/p>\n<div id=\"storyBody\">\n<div id=\"element-body-0\" class=\"sc-136cd478-0 ekTCfV\" readability=\"32.175\">\n<p><strong>En el arranque de la acci\u00f3n en pista en el Gran Premio de Australia,<\/strong> donde este fin de semana compiten la <strong><a href=\"https:\/\/www.ole.com.ar\/tema\/formula-1.html\" title=\"F\u00f3rmula 1\" alt=\"F\u00f3rmula 1\" class=\"slug\">F\u00f3rmula 1<\/a><\/strong> con <strong><a href=\"https:\/\/www.ole.com.ar\/tema\/franco-colapinto.html\" title=\"Franco Colapinto\" alt=\"Franco Colapinto\" class=\"slug\">Franco Colapinto<\/a>,<\/strong> la <strong><a href=\"https:\/\/www.ole.com.ar\/tema\/formula-2.html\" title=\"F\u00f3rmula 2\" alt=\"F\u00f3rmula 2\" class=\"slug\">F\u00f3rmula 2<\/a><\/strong> con <a href=\"https:\/\/www.ole.com.ar\/tema\/nicolas-varrone.html\" title=\"Nicol\u00e1s Varrone\" alt=\"Nicol\u00e1s Varrone\" class=\"slug\">Nicol\u00e1s Varrone<\/a> <strong>y la <a href=\"https:\/\/www.ole.com.ar\/tema\/formula-3.html\" title=\"F\u00f3rmula 3\" alt=\"F\u00f3rmula 3\" class=\"slug\">F\u00f3rmula 3<\/a> con <a href=\"https:\/\/www.ole.com.ar\/tema\/mattia-colnaghi.html\" title=\"Mattia Colnaghi\" alt=\"Mattia Colnaghi\" class=\"slug\">Mattia Colnaghi<\/a>, <\/strong>el debut del joven que representa a la Argentina en la categor\u00eda menor comenz\u00f3 bien pero termin\u00f3 abruptamente: a pocos minutos del cierre de la pr\u00e1ctica libre, <strong>su auto dijo basta y el motor explot\u00f3 en plena recta principal.<\/strong><\/p>\n<\/div>\n<div id=\"element-body-1\" class=\"sc-136cd478-0 ekTCfV\" readability=\"34\">\n<p>El piloto que corre con licencia argentina <strong>padeci\u00f3 la rotura de su impulsor cuando circulaba por la recta del circuito de Melbourne Park<\/strong> durante el \u00fanico entrenamiento del fin de semana para la <strong>F\u00f3rmula 3.<\/strong><\/p>\n<\/div>\n<div class=\"sc-e7b891c4-0 ifHnQL image-embed\" id=\"element-body-2\"><img alt=\"Mattia Colnaghi, piloto de la academia de Red Bull en la F\u00f3rmula 3, hizo su estreno en Australia y se le revent\u00f3 el motor de su auto. (@redbulljuniorteam)\" loading=\"lazy\" width=\"720\" height=\"100\" decoding=\"async\" data-nimg=\"1\" src=\"http:\/\/cordobadirecto.com\/wp-content\/uploads\/2026\/03\/video-la-impactante-explosion-del-motor-de-mattia-colnaghi-en-su-debut-en-la-f3-en-australia.jpg\"><span class=\"epigraphe\">Mattia Colnaghi, piloto de la academia de Red Bull en la F\u00f3rmula 3, hizo su estreno en Australia y se le revent\u00f3 el motor de su auto. (@redbulljuniorteam)<\/span><\/div>\n<div id=\"element-body-3\" class=\"sc-136cd478-0 ekTCfV\" readability=\"37\">\n<p><strong>Faltaban apenas cinco minutos y medio para terminar la tanda cuando todo se termin\u00f3 para Colnaghi.<\/strong> El piloto nacido en Monza estaba completando su trabajo en pista y buscaba mejorar su registro, que en ese momento lo ubicaba en el 15\u00ba lugar. <strong>De repente, el motor de su Dallara del equipo MP Motorsport explot\u00f3.<\/strong><\/p>\n<\/div>\n<div id=\"element-body-4\" class=\"sc-136cd478-0 ekTCfV\" readability=\"36\">\n<p><strong>Dos enormes llamaradas salieron del Mecachrome de seis cilindros<\/strong> que utilizan todos los autos de F\u00f3rmula 3. En un primer momento, la direcci\u00f3n de carrera mostr\u00f3 la bandera amarilla, pero r\u00e1pidamente apareci\u00f3 la roja que dio por finalizada la \u00fanica sesi\u00f3n de entrenamientos del fin de semana.<\/p>\n<\/div>\n<p><h2><strong>El momento justo en que explot\u00f3 el motor del auto de Mattia Colnaghi durante la pr\u00e1ctica de F3 en Australia<\/strong><\/h2>\n<\/p>\n<div id=\"element-body-6\" class=\"sc-ef81c825-1 evSCNc\"><figcaption class=\"JWvideoNota_title\">\n<p>Video: Disney+.<\/p>\n<\/figcaption><\/div>\n<div id=\"element-body-7\" class=\"sc-136cd478-0 ekTCfV\" readability=\"39\">\n<p><strong>Colnaghi, <\/strong>campe\u00f3n de la F4 Espa\u00f1ola en 2024 y de la Eurocup 3 en 2025, ambos t\u00edtulos logrados con licencia italiana, <strong>tom\u00f3 una decisi\u00f3n clave al cierre del a\u00f1o pasado: <\/strong>dejar de competir bajo la bandera de Italia y comenzar a hacerlo con licencia argentina, tr\u00e1mite que realiz\u00f3 en diciembre en el Autom\u00f3vil Club Argentino.<\/p>\n<\/div>\n<div id=\"element-body-8\" class=\"sc-136cd478-0 ekTCfV\" readability=\"37\">\n<p><strong>Para Mattia,<\/strong> el fen\u00f3meno que se vive alrededor de Colapinto -al que ahora tambi\u00e9n se suma Nico Varrone en F2- <strong>puede abrirle puertas importantes a nivel comercial.<\/strong> En Italia, en cambio, el foco medi\u00e1tico est\u00e1 puesto en otros j\u00f3venes talentos como Kimi Antonelli y Leonardo Fornaroli.<\/p>\n<\/div>\n<div id=\"element-body-9\" class=\"sc-136cd478-0 ekTCfV\" readability=\"36\">\n<p>El estreno en F\u00f3rmula 3, sin embargo, no fue el esperado. La rotura del motor complic\u00f3 el comienzo del fin de semana y obligar\u00e1 a los mec\u00e1nicos de MP Motorsport a trabajar contrarreloj para reemplazar la unidad de potencia <strong> y dejar el auto listo de cara a la clasificaci\u00f3n.<\/strong><\/p>\n<\/div>\n<p><h2><strong>C\u00f3mo sigue la acci\u00f3n para Mattia Colnaghi en la F3 en Australia<\/strong><\/h2>\n<\/p>\n<div id=\"element-body-11\" class=\"sc-136cd478-0 ekTCfV\" readability=\"36\">\n<p><strong>La acci\u00f3n en pista para Colnaghi <\/strong>y el resto de la parrilla de F\u00f3rmula 3 en Australia <strong>continuar\u00e1 con la clasificaci\u00f3n este viernes a las 0.00.<\/strong> La <strong>carrera sprint<\/strong> se largar\u00e1 a las 21.15, mientras que la actividad se cerrar\u00e1 el s\u00e1bado con la <strong>feature race<\/strong> desde las 18.50. Todo se podr\u00e1 ver en vivo por <strong>Disney+ Premium.<\/strong><\/p>\n<\/div>\n<p><h2>Viernes 6 de marzo<\/h2>\n<\/p>\n<div id=\"element-body-13\" class=\"sc-136cd478-0 ekTCfV\">\n<ul>\n<li><strong>Clasificaci\u00f3n:<\/strong> desde las 0:00 a 1 <\/li>\n<li><strong>Carrera sprint:<\/strong> 21.15hs a 22.15hs<\/li>\n<\/ul>\n<\/div>\n<p><h2><strong>S\u00e1bado 7 de marzo<\/strong><\/h2>\n<\/p>\n<div id=\"element-body-15\" class=\"sc-136cd478-0 ekTCfV\">\n<p><strong>Feature race:<\/strong> 18.50<\/p>\n<\/div>\n<div id=\"element-body-16\" class=\"sc-a7166897-0 eoLsBE\" readability=\"31.5\">\n<section readability=\"3\"><picture><img alt=\"F\u00f3rmula 1: todos los cambios de la revolucionaria temporada 2026 antes del GP de Australia\" loading=\"lazy\" width=\"290\" height=\"290\" decoding=\"async\" data-nimg=\"1\" src=\"http:\/\/cordobadirecto.com\/wp-content\/uploads\/2026\/03\/video-la-impactante-explosion-del-motor-de-mattia-colnaghi-en-su-debut-en-la-f3-en-australia-1.jpg\"><\/picture>\n<p><span>Mir\u00e1 tambi\u00e9n<\/span><\/p>\n<hr>\n<h3>F\u00f3rmula 1: todos los cambios de la revolucionaria temporada 2026 antes del GP de Australia<\/h3>\n<\/p>\n<\/section>\n<\/div>\n<div id=\"element-body-17\" class=\"sc-a7166897-0 eoLsBE\" readability=\"31\">\n<section readability=\"2\"><picture><img alt=\"\u00bfQu\u00e9 d\u00edas corre Franco Colapinto? El calendario completo de la F1 2026\" loading=\"lazy\" width=\"290\" height=\"290\" decoding=\"async\" data-nimg=\"1\" src=\"http:\/\/cordobadirecto.com\/wp-content\/uploads\/2026\/03\/video-la-impactante-explosion-del-motor-de-mattia-colnaghi-en-su-debut-en-la-f3-en-australia-2.jpg\"><\/picture>\n<p><span>Mir\u00e1 tambi\u00e9n<\/span><\/p>\n<hr>\n<h3>\u00bfQu\u00e9 d\u00edas corre Franco Colapinto? El calendario completo de la F1 2026<\/h3>\n<\/p>\n<\/section>\n<\/div>\n<div id=\"element-body-18\" class=\"sc-a7166897-0 eoLsBE\" readability=\"32\">\n<section readability=\"4\"><picture><img alt=\"Con Franco Colapinto como protagonista, Mercado Libre anunci\u00f3 su renovaci\u00f3n con Alpine\" loading=\"lazy\" width=\"290\" height=\"290\" decoding=\"async\" data-nimg=\"1\" src=\"http:\/\/cordobadirecto.com\/wp-content\/uploads\/2026\/03\/video-la-impactante-explosion-del-motor-de-mattia-colnaghi-en-su-debut-en-la-f3-en-australia-3.jpg\"><\/picture>\n<p><span>Mir\u00e1 tambi\u00e9n<\/span><\/p>\n<hr>\n<h3>Con Franco Colapinto como protagonista, Mercado Libre anunci\u00f3 su renovaci\u00f3n con Alpine<\/h3>\n<\/p>\n<\/section>\n<\/div>\n<\/div>\n","protected":false},"excerpt":{"rendered":"<p>05\/03\/2026 21:22hs. En el arranque de la acci\u00f3n en pista en el Gran Premio de Australia, donde este fin de semana compiten la F\u00f3rmula 1 con Franco Colapinto, la F\u00f3rmula 2 con Nicol\u00e1s Varrone y la F\u00f3rmula 3 con Mattia Colnaghi, el debut del joven que representa a la Argentina en la categor\u00eda menor comenz\u00f3 [&hellip;]<\/p>\n","protected":false},"author":1,"featured_media":189731,"comment_status":"closed","ping_status":"closed","sticky":false,"template":"","format":"standard","meta":[],"categories":[21],"tags":[],"_links":{"self":[{"href":"http:\/\/cordobadirecto.com\/index.php\/wp-json\/wp\/v2\/posts\/189730"}],"collection":[{"href":"http:\/\/cordobadirecto.com\/index.php\/wp-json\/wp\/v2\/posts"}],"about":[{"href":"http:\/\/cordobadirecto.com\/index.php\/wp-json\/wp\/v2\/types\/post"}],"author":[{"embeddable":true,"href":"http:\/\/cordobadirecto.com\/index.php\/wp-json\/wp\/v2\/users\/1"}],"replies":[{"embeddable":true,"href":"http:\/\/cordobadirecto.com\/index.php\/wp-json\/wp\/v2\/comments?post=189730"}],"version-history":[{"count":0,"href":"http:\/\/cordobadirecto.com\/index.php\/wp-json\/wp\/v2\/posts\/189730\/revisions"}],"wp:featuredmedia":[{"embeddable":true,"href":"http:\/\/cordobadirecto.com\/index.php\/wp-json\/wp\/v2\/media\/189731"}],"wp:attachment":[{"href":"http:\/\/cordobadirecto.com\/index.php\/wp-json\/wp\/v2\/media?parent=189730"}],"wp:term":[{"taxonomy":"category","embeddable":true,"href":"http:\/\/cordobadirecto.com\/index.php\/wp-json\/wp\/v2\/categories?post=189730"},{"taxonomy":"post_tag","embeddable":true,"href":"http:\/\/cordobadirecto.com\/index.php\/wp-json\/wp\/v2\/tags?post=189730"}],"curies":[{"name":"wp","href":"https:\/\/api.w.org\/{rel}","templated":true}]}}