{"id":189739,"date":"2026-03-06T07:52:39","date_gmt":"2026-03-06T07:52:39","guid":{"rendered":"https:\/\/puntoapunto.com.ar\/?p=382670"},"modified":"2026-03-06T07:52:39","modified_gmt":"2026-03-06T07:52:39","slug":"sica-argentina-esta-cambiando-de-regimen-economico-y-algunos-negocios-dejaran-de-ser-rentables","status":"publish","type":"post","link":"http:\/\/cordobadirecto.com\/index.php\/2026\/03\/06\/sica-argentina-esta-cambiando-de-regimen-economico-y-algunos-negocios-dejaran-de-ser-rentables\/","title":{"rendered":"Sica: \u00abArgentina est\u00e1 cambiando de r\u00e9gimen econ\u00f3mico y algunos negocios dejar\u00e1n de ser rentables\u00bb"},"content":{"rendered":"<p>&nbsp;<!-- \u00a1O bien no hay banners, estan desactivados o no estan programados para esta ubicaci\u00f3n! -->\n<\/p>\n<p>&nbsp;\n<\/p>\n<p data-start=\"531\" data-end=\"852\">La econom\u00eda argentina atraviesa un proceso de transformaci\u00f3n profunda que reconfigurar\u00e1 el mapa productivo del pa\u00eds. Ese fue el diagn\u00f3stico que plante\u00f3 el economista <span class=\"hover:entity-accent entity-underline inline cursor-pointer align-baseline\"><span class=\"whitespace-normal\">Dante Sica<\/span><\/span> durante su paso por C\u00f3rdoba, donde particip\u00f3 de un encuentro organizado por la <span class=\"hover:entity-accent entity-underline inline cursor-pointer align-baseline\"><span class=\"whitespace-normal\">C\u00e1mara de Comercio Exterior de C\u00f3rdoba<\/span><\/span>.\n<\/p>\n<p data-start=\"854\" data-end=\"1206\">En un contexto marcado por la apertura comercial, el reordenamiento macroecon\u00f3mico y las reformas impulsadas por el gobierno de <span class=\"hover:entity-accent entity-underline inline cursor-pointer align-baseline\"><span class=\"whitespace-normal\">Javier Milei<\/span><\/span>, el exministro de Producci\u00f3n sostuvo que el pa\u00eds est\u00e1 transitando un \u201ccambio de r\u00e9gimen econ\u00f3mico\u201d, un proceso que inevitablemente generar\u00e1 tensiones sectoriales, ganadores y perdedores.\n<\/p>\n<p data-start=\"1208\" data-end=\"1510\">\u201cArgentina claramente est\u00e1 transicionando de un r\u00e9gimen econ\u00f3mico a otro\u201d, explic\u00f3 Sica, y agreg\u00f3 que el pa\u00eds viene de \u201cuna econom\u00eda altamente regulada, muy cerrada al comercio exterior y a la competencia, con muchas trabas para producir y con alt\u00edsima inflaci\u00f3n\u201d.&nbsp;Seg\u00fan el economista, el nuevo escenario apunta a construir una econom\u00eda m\u00e1s estable, con menor inflaci\u00f3n, reglas macroecon\u00f3micas m\u00e1s previsibles y mayor integraci\u00f3n con el mundo.<!-- \u00a1O bien no hay banners, estan desactivados o no estan programados para esta ubicaci\u00f3n! -->\n<\/p>\n<p data-start=\"1692\" data-end=\"1721\"><strong>El fin de algunos negocios. <\/strong>Ese cambio de paradigma, advirti\u00f3, tendr\u00e1 consecuencias directas sobre el entramado productivo. Sectores que crecieron al amparo de un esquema proteccionista deber\u00e1n reconvertirse o perder competitividad frente a la nueva din\u00e1mica econ\u00f3mica. \u201cCuando vos transicion\u00e1s de un r\u00e9gimen econ\u00f3mico a otro tard\u00e1s un tiempo en encontrar el equilibrio\u201d, se\u00f1al\u00f3. En ese proceso, explic\u00f3, se produce un cambio en la rentabilidad relativa de las distintas actividades. \u201cLo que hasta hace dos a\u00f1os eran actividades que ten\u00edan un mercado porque exist\u00eda un sistema de protecci\u00f3n, en un marco de mayor estabilidad y m\u00e1s competencia quiz\u00e1s dejan de ser rentables\u201d, afirm\u00f3.<\/p>\n<p data-start=\"2419\" data-end=\"2657\">Para Sica, este reacomodamiento sectorial es parte natural del funcionamiento de las econom\u00edas modernas, aunque en la Argentina suele ser m\u00e1s traum\u00e1tico por la falta de financiamiento y por la volatilidad hist\u00f3rica de las reglas de juego. \u201cEl empresario argentino que invirti\u00f3 y despu\u00e9s le cambiaron las reglas muchas veces est\u00e1 m\u00e1s reticente a hacerlo de nuevo\u201d, sostuvo.\n<\/p>\n<p data-start=\"2419\" data-end=\"2657\"><img decoding=\"async\" class=\"aligncenter wp-image-382672 size-jnews-750x536\" src=\"http:\/\/cordobadirecto.com\/wp-content\/uploads\/2026\/03\/sica-argentina-esta-cambiando-de-regimen-economico-y-algunos-negocios-dejaran-de-ser-rentables.jpg\" alt width=\"750\" height=\"536\" srcset=\"http:\/\/cordobadirecto.com\/wp-content\/uploads\/2026\/03\/sica-argentina-esta-cambiando-de-regimen-economico-y-algunos-negocios-dejaran-de-ser-rentables.jpg 750w, http:\/\/cordobadirecto.com\/wp-content\/uploads\/2026\/03\/sica-argentina-esta-cambiando-de-regimen-economico-y-algunos-negocios-dejaran-de-ser-rentables-1.jpg 120w, http:\/\/cordobadirecto.com\/wp-content\/uploads\/2026\/03\/sica-argentina-esta-cambiando-de-regimen-economico-y-algunos-negocios-dejaran-de-ser-rentables-2.jpg 350w, http:\/\/cordobadirecto.com\/wp-content\/uploads\/2026\/03\/sica-argentina-esta-cambiando-de-regimen-economico-y-algunos-negocios-dejaran-de-ser-rentables-3.jpg 1140w\" sizes=\"(max-width: 750px) 100vw, 750px\" loading=\"lazy\">\n<\/p>\n<p data-start=\"2794\" data-end=\"2833\"><strong>Una econom\u00eda que se integra al mundo. <\/strong>El economista tambi\u00e9n vincul\u00f3 el proceso de transformaci\u00f3n con la nueva inserci\u00f3n internacional que busca el pa\u00eds, en un contexto donde se discuten acuerdos comerciales como el que negocian el <span class=\"hover:entity-accent entity-underline inline cursor-pointer align-baseline\"><span class=\"whitespace-normal\">Mercosur<\/span><\/span> y la <span class=\"hover:entity-accent entity-underline inline cursor-pointer align-baseline\"><span class=\"whitespace-normal\">Uni\u00f3n Europea<\/span><\/span>. Para Sica, el cambio no se limita a una apertura comercial, sino que implica redefinir c\u00f3mo la Argentina participa en las cadenas globales de valor. \u201cLa econom\u00eda tambi\u00e9n est\u00e1 transitando hacia una mayor integraci\u00f3n con el mundo y eso implica redefinir c\u00f3mo nos insertamos en las nuevas cadenas de valor internacionales\u201d, plante\u00f3.&nbsp; Sin embargo, aclar\u00f3 que el pa\u00eds todav\u00eda no avanz\u00f3 en una apertura arancelaria plena, ya que la pol\u00edtica comercial est\u00e1 condicionada por el bloque regional.\n<\/p>\n<p data-start=\"3638\" data-end=\"3787\">\u201cSi ma\u00f1ana quiero bajar a cero toda la estructura arancelaria del sector industrial tengo que pedirle permiso a Brasil, Paraguay y Uruguay\u201d, explic\u00f3. Lo que s\u00ed ocurri\u00f3, dijo, fue una liberalizaci\u00f3n del comercio a partir de la eliminaci\u00f3n de trabas administrativas para importar. \u201cApertura es bajar aranceles. Lo que hizo el Gobierno fue eliminar la administraci\u00f3n del comercio. Hoy pod\u00e9s importar lo que quer\u00e9s y comprar los d\u00f3lares para pagarlo\u201d, describi\u00f3.\n<\/p>\n<p data-start=\"4140\" data-end=\"4168\"><strong>Nuevos h\u00e1bitos de consumo. <\/strong>El nuevo escenario econ\u00f3mico tambi\u00e9n est\u00e1 modificando los patrones de consumo y la estructura productiva. Sica ilustr\u00f3 ese cambio con el mercado automotor. Seg\u00fan explic\u00f3, hasta 2023 el consumo y la producci\u00f3n industrial crec\u00edan al mismo ritmo, pero desde 2024 comenzaron a desacoplarse. El motivo es que una parte creciente del consumo se satisface con bienes importados. \u201cEn 2023 se vendieron 450.000 autos y el 60% eran de producci\u00f3n nacional. El a\u00f1o pasado se vendieron 650.000 y el 70% fueron importados\u201d, se\u00f1al\u00f3. Para el economista, ese fen\u00f3meno responde a un cambio en las preferencias de los consumidores, que ahora tienen mayor variedad de productos disponibles. \u201cAntes comprabas lo que hab\u00eda. Hoy hay h\u00edbridos, el\u00e9ctricos, hay variedad\u201d, explic\u00f3.\n<\/p>\n<p data-start=\"4932\" data-end=\"4971\"><strong>Un mercado laboral en transformaci\u00f3n. <\/strong>El impacto de este proceso tambi\u00e9n se refleja en el mercado laboral. Sin embargo, Sica relativiz\u00f3 que los problemas actuales respondan exclusivamente al programa econ\u00f3mico del gobierno. Seg\u00fan su diagn\u00f3stico, la precarizaci\u00f3n del empleo es un fen\u00f3meno que se arrastra desde hace m\u00e1s de una d\u00e9cada. \u201cArgentina dej\u00f3 de crear puestos de trabajo formales a partir de 2010 o 2011, cuando dej\u00f3 de invertir\u201d, afirm\u00f3.&nbsp; El economista record\u00f3 que en ese momento el pa\u00eds ten\u00eda unos seis millones de trabajadores formales en el sector privado y dos millones y medio informales. Hoy, dijo, los asalariados registrados siguen siendo aproximadamente los mismos, mientras que los informales superan los cinco millones.\n<\/p>\n<p data-start=\"5718\" data-end=\"5847\">\u201cLo que estamos viendo es una transformaci\u00f3n en el mercado laboral que nuestro sistema regulatorio nunca pudo absorber\u201d, sostuvo. Entre los factores que explican esta situaci\u00f3n mencion\u00f3 la rigidez de las normas laborales, el sistema impositivo y los incentivos del sistema previsional.\n<\/p>\n<p data-start=\"6739\" data-end=\"6779\"><strong>El cr\u00e9dito, la clave de la transici\u00f3n. <\/strong>Para que ese proceso de reconversi\u00f3n sea menos traum\u00e1tico, el economista considera que la clave ser\u00e1 recuperar el cr\u00e9dito.\u201cLa transici\u00f3n industrial es menos dolorosa cuando hay financiamiento\u201d, sostuvo. En la Argentina, sin embargo, el cr\u00e9dito sigue siendo escaso. El sistema financiero apenas representa alrededor del 10% del PBI, una cifra muy baja en comparaci\u00f3n con otros pa\u00edses. Para revertir esa situaci\u00f3n, Sica remarc\u00f3 que es necesario estabilizar la moneda, reducir el riesgo pa\u00eds y consolidar la confianza macroecon\u00f3mica. \u201cTen\u00e9s que recuperar la moneda y bajar el riesgo pa\u00eds. Cuanto m\u00e1s r\u00e1pido avance eso, m\u00e1s r\u00e1pido va a aparecer el cr\u00e9dito\u201d, concluy\u00f3.\n<\/p>\n<div class=\"g g-38\">\n<div class=\"g-dyn a-12 c-1\"><a class=\"gofollow\" data-track=\"MTIsMzgsNjA=\" href=\"https:\/\/hospitalprivado.com.ar\/especialidades-medicas\/cirugia-general\/programa-de-cirugia-robotica.html\" target=\"_blank\" rel=\"noopener\"><img src=\"http:\/\/cordobadirecto.com\/wp-content\/uploads\/2026\/03\/sica-argentina-esta-cambiando-de-regimen-economico-y-algunos-negocios-dejaran-de-ser-rentables.gif\" loading=\"lazy\"><\/a><\/div>\n<\/div>\n","protected":false},"excerpt":{"rendered":"<p>&nbsp; &nbsp; La econom\u00eda argentina atraviesa un proceso de transformaci\u00f3n profunda que reconfigurar\u00e1 el mapa productivo del pa\u00eds. Ese fue el diagn\u00f3stico que plante\u00f3 el economista Dante Sica durante su paso por C\u00f3rdoba, donde particip\u00f3 de un encuentro organizado por la C\u00e1mara de Comercio Exterior de C\u00f3rdoba. En un contexto marcado por la apertura comercial, [&hellip;]<\/p>\n","protected":false},"author":1,"featured_media":189740,"comment_status":"closed","ping_status":"closed","sticky":false,"template":"","format":"standard","meta":[],"categories":[25],"tags":[],"_links":{"self":[{"href":"http:\/\/cordobadirecto.com\/index.php\/wp-json\/wp\/v2\/posts\/189739"}],"collection":[{"href":"http:\/\/cordobadirecto.com\/index.php\/wp-json\/wp\/v2\/posts"}],"about":[{"href":"http:\/\/cordobadirecto.com\/index.php\/wp-json\/wp\/v2\/types\/post"}],"author":[{"embeddable":true,"href":"http:\/\/cordobadirecto.com\/index.php\/wp-json\/wp\/v2\/users\/1"}],"replies":[{"embeddable":true,"href":"http:\/\/cordobadirecto.com\/index.php\/wp-json\/wp\/v2\/comments?post=189739"}],"version-history":[{"count":0,"href":"http:\/\/cordobadirecto.com\/index.php\/wp-json\/wp\/v2\/posts\/189739\/revisions"}],"wp:featuredmedia":[{"embeddable":true,"href":"http:\/\/cordobadirecto.com\/index.php\/wp-json\/wp\/v2\/media\/189740"}],"wp:attachment":[{"href":"http:\/\/cordobadirecto.com\/index.php\/wp-json\/wp\/v2\/media?parent=189739"}],"wp:term":[{"taxonomy":"category","embeddable":true,"href":"http:\/\/cordobadirecto.com\/index.php\/wp-json\/wp\/v2\/categories?post=189739"},{"taxonomy":"post_tag","embeddable":true,"href":"http:\/\/cordobadirecto.com\/index.php\/wp-json\/wp\/v2\/tags?post=189739"}],"curies":[{"name":"wp","href":"https:\/\/api.w.org\/{rel}","templated":true}]}}