{"id":189824,"date":"2026-03-07T01:12:00","date_gmt":"2026-03-07T01:12:00","guid":{"rendered":"https:\/\/www.ole.com.ar\/autos\/debut-mattia-colnaghi-formula-3-sprint-australia_0_3oKsGc1XZJ.html"},"modified":"2026-03-07T01:12:00","modified_gmt":"2026-03-07T01:12:00","slug":"el-debut-de-mattia-colnaghi-en-la-formula-3-rueda-a-rueda-despiste-y-carrera-suspendida-por-un-choque-ajeno","status":"publish","type":"post","link":"http:\/\/cordobadirecto.com\/index.php\/2026\/03\/07\/el-debut-de-mattia-colnaghi-en-la-formula-3-rueda-a-rueda-despiste-y-carrera-suspendida-por-un-choque-ajeno\/","title":{"rendered":"El debut de Mattia Colnaghi en la F\u00f3rmula 3: rueda a rueda, despiste y carrera suspendida por un choque ajeno"},"content":{"rendered":"<p><time class=\"createDate\" datetime=\"2026-03-06T22:12:00-03:00\">06\/03\/2026 22:12hs.<\/time><\/p>\n<div id=\"storyBody\">\n<div id=\"element-body-0\" class=\"sc-136cd478-0 ekTCfV\" readability=\"37.727272727273\">\n<p>La expectativa por el debut de <strong><a href=\"https:\/\/www.ole.com.ar\/tema\/mattia-colnaghi.html\" title=\"Mattia Colnaghi\" alt=\"Mattia Colnaghi\" class=\"slug\">Mattia Colnaghi<\/a><\/strong> en la <a href=\"https:\/\/www.ole.com.ar\/tema\/formula-3.html\" title=\"F\u00f3rmula 3\" alt=\"F\u00f3rmula 3\" class=\"slug\">F\u00f3rmula 3<\/a> era alt\u00edsima y, pese a que no termin\u00f3 de la forma en la que le hubiera gustado, habr\u00e1 m\u00e1s ansias por verlo competir en una de las categor\u00edas previas a la M\u00e1xima. En su primera carrera, la Sprint del GP de Australia, hizo algunas maniobras al l\u00edmite y prob\u00f3 su velocidad, <strong>con el mal trago de un despiste que lo mand\u00f3 al fondo del pelot\u00f3n y lo dej\u00f3 en el 30\u00b0 puesto<\/strong>.<\/p>\n<\/div>\n<div id=\"element-body-1\" class=\"sc-136cd478-0 ekTCfV\" readability=\"42\">\n<p>La buena clasificaci\u00f3n del nacido en Monza, un 6\u00b0 lugar, <strong>le permiti\u00f3 largar 7\u00b0 en la carrera corta<\/strong> (se invierten las posiciones en los primeros 12 puestos). De entrada, en esta parrilla de 30 autos, se vio obligado a sacar los codos y pelear con fiereza para abrirse espacio y evitar que lo superaran. Tras la primera curva, logr\u00f3 una de las defensas m\u00e1s espectaculares de la carrera: <strong>con dos ruedas en el pasto y siendo arrinconado contra la pared, no tembl\u00f3, pis\u00f3 el acelerador y sali\u00f3 adelante<\/strong>.<\/p>\n<\/div>\n<div id=\"element-body-2\" class=\"sc-136cd478-0 ekTCfV\" readability=\"42\">\n<p>Las batallas continuaron, con otra maniobra que le vali\u00f3 para recuperar el 7\u00b0 puesto que hab\u00eda perdido, <strong>y en la vuelta 2 lleg\u00f3 el momento del despiste<\/strong>: sin agarre, algo que ya se ven\u00eda percibiendo, quiso atacar por la parte sucia de la pista, perdi\u00f3 el control y fue a parar a la leca. Aunque pudo retornar al asfalto, lo hizo en el 30\u00b0 puesto, <strong>en el que termin\u00f3 una carrera que se par\u00f3 antes de tiempo&#8230;<\/strong><\/p>\n<\/div>\n<div id=\"element-body-3\" class=\"sc-ef81c825-1 evSCNc\"><figcaption class=\"JWvideoNota_title\">\n<p>Cr\u00e9dito: ESPN<\/p>\n<\/figcaption><\/div>\n<p><h2>Una tremenda pi\u00f1a suspendi\u00f3 la carrera Sprint de la F\u00f3rmula 3<\/h2>\n<\/p>\n<div id=\"element-body-5\" class=\"sc-136cd478-0 ekTCfV\" readability=\"41\">\n<p>Rozando la mitad de la Sprint, los compa\u00f1eros de Prema, Louis Sharp y James Warthon, <strong>se dieron un golpazo que hizo flamear la bandera roja<\/strong> y, despu\u00e9s de esperar unos minutos, deriv\u00f3 en la suspensi\u00f3n de la carrera (la decisi\u00f3n se tom\u00f3 a falta de media hora para que iniciara la FP3 de la F\u00f3rmula 1). De este modo, <strong>Matti no tuvo la oportunidad de pelear para recuperar algo de terreno.<\/strong><\/p>\n<\/div>\n<div class=\"custom-embedhtml\" id=\"element-body-6\" readability=\"26.853174603175\">\n<blockquote class=\"twitter-tweet\" readability=\"8.015873015873\">\n<p lang=\"es\" dir=\"ltr\">\u00a1\u00a1INCRE\u00cdBLE CHOQUE ENTRE COMPA\u00d1EROS!! Wharton y Sharp, ambos del equipo Prema Racing, se dieron un golpazo que deriv\u00f3 en la Bandera Roja en la Sprint.<\/p>\n<p>\ud83d\udcfa <a href=\"https:\/\/twitter.com\/hashtag\/DisneyPlus?src=hash&amp;ref_src=twsrc%5Etfw\">#DisneyPlus<\/a> Plan Premium <a href=\"https:\/\/t.co\/pGmEfxu3h7\">pic.twitter.com\/pGmEfxu3h7<\/a><\/p>\n<p>\u2014 SportsCenter (@SC_ESPN) <a href=\"https:\/\/twitter.com\/SC_ESPN\/status\/2030080476476477751?ref_src=twsrc%5Etfw\">March 7, 2026<\/a><\/p><\/blockquote><\/div>\n<p><h2>Cu\u00e1ndo volver\u00e1n a correr Mattia Colnaghi y el resto de los argentinos<\/h2>\n<\/p>\n<div id=\"element-body-8\" class=\"sc-136cd478-0 ekTCfV\" readability=\"39.058823529412\">\n<p>Colnaghi tendr\u00e1 una chance m\u00e1s para terminar el fin de semana con una alegr\u00eda y ser\u00e1 <strong>este s\u00e1bado, a partir de las 18.50hs, en la carrera principal<\/strong> que lo tendr\u00e1 largando 6\u00b0. En cuanto a <strong>Nicol\u00e1s Varrone<\/strong>, en la <a href=\"https:\/\/www.ole.com.ar\/tema\/formula-2.html\" title=\"F\u00f3rmula 2\" alt=\"F\u00f3rmula 2\" class=\"slug\">F\u00f3rmula 2<\/a>, disputar\u00e1 la Sprint este s\u00e1bado a la medianoche (00.10hs) y la principal a las 21.25hs, mientras que <strong>Franco Colapinto<\/strong> se clasificar\u00e1 este s\u00e1bado a las 2.00hs y correr\u00e1 el domingo a la 1.00hs.<\/p>\n<\/div>\n<div id=\"element-body-9\" class=\"sc-a7166897-0 eoLsBE\" readability=\"31.5\">\n<section readability=\"3\"><picture><img alt=\"Franco Colapinto, hoy EN VIVO por el GP de Australia de la F1: segu\u00ed la FP3\" loading=\"lazy\" width=\"290\" height=\"290\" decoding=\"async\" data-nimg=\"1\" src=\"http:\/\/cordobadirecto.com\/wp-content\/uploads\/2026\/03\/el-debut-de-mattia-colnaghi-en-la-formula-3-rueda-a-rueda-despiste-y-carrera-suspendida-por-un-choque-ajeno.jpg\"><\/picture>\n<p><span>Mir\u00e1 tambi\u00e9n<\/span><\/p>\n<hr>\n<h3>Franco Colapinto, hoy EN VIVO por el GP de Australia de la F1: segu\u00ed la FP3<\/h3>\n<\/p>\n<\/section>\n<\/div>\n<div id=\"element-body-10\" class=\"sc-a7166897-0 eoLsBE\" readability=\"31.5\">\n<section readability=\"3\"><picture><img alt=\"La particular advertencia que recibi\u00f3 Colapinto por parte de la FIA despu\u00e9s de la queja de Hamilton en la FP2 del GP de Australia\" loading=\"lazy\" width=\"290\" height=\"290\" decoding=\"async\" data-nimg=\"1\" src=\"http:\/\/cordobadirecto.com\/wp-content\/uploads\/2026\/03\/el-debut-de-mattia-colnaghi-en-la-formula-3-rueda-a-rueda-despiste-y-carrera-suspendida-por-un-choque-ajeno-1.jpg\"><\/picture>\n<p><span>Mir\u00e1 tambi\u00e9n<\/span><\/p>\n<hr>\n<h3>La particular advertencia que recibi\u00f3 Colapinto por parte de la FIA despu\u00e9s de la queja de Hamilton en la FP2 del GP de Australia<\/h3>\n<\/p>\n<\/section>\n<\/div>\n<div id=\"element-body-11\" class=\"sc-a7166897-0 eoLsBE\" readability=\"31.5\">\n<section readability=\"3\"><picture><img alt=\"El traspi\u00e9 que sufri\u00f3 Franco Colapinto en la FP2 de Australia y el balance de su debut\" loading=\"lazy\" width=\"290\" height=\"290\" decoding=\"async\" data-nimg=\"1\" src=\"http:\/\/cordobadirecto.com\/wp-content\/uploads\/2026\/03\/el-debut-de-mattia-colnaghi-en-la-formula-3-rueda-a-rueda-despiste-y-carrera-suspendida-por-un-choque-ajeno-2.jpg\"><\/picture>\n<p><span>Mir\u00e1 tambi\u00e9n<\/span><\/p>\n<hr>\n<h3>El traspi\u00e9 que sufri\u00f3 Franco Colapinto en la FP2 de Australia y el balance de su debut<\/h3>\n<\/p>\n<\/section>\n<\/div>\n<\/div>\n","protected":false},"excerpt":{"rendered":"<p>06\/03\/2026 22:12hs. La expectativa por el debut de Mattia Colnaghi en la F\u00f3rmula 3 era alt\u00edsima y, pese a que no termin\u00f3 de la forma en la que le hubiera gustado, habr\u00e1 m\u00e1s ansias por verlo competir en una de las categor\u00edas previas a la M\u00e1xima. En su primera carrera, la Sprint del GP de [&hellip;]<\/p>\n","protected":false},"author":1,"featured_media":189825,"comment_status":"closed","ping_status":"closed","sticky":false,"template":"","format":"standard","meta":[],"categories":[21],"tags":[],"_links":{"self":[{"href":"http:\/\/cordobadirecto.com\/index.php\/wp-json\/wp\/v2\/posts\/189824"}],"collection":[{"href":"http:\/\/cordobadirecto.com\/index.php\/wp-json\/wp\/v2\/posts"}],"about":[{"href":"http:\/\/cordobadirecto.com\/index.php\/wp-json\/wp\/v2\/types\/post"}],"author":[{"embeddable":true,"href":"http:\/\/cordobadirecto.com\/index.php\/wp-json\/wp\/v2\/users\/1"}],"replies":[{"embeddable":true,"href":"http:\/\/cordobadirecto.com\/index.php\/wp-json\/wp\/v2\/comments?post=189824"}],"version-history":[{"count":0,"href":"http:\/\/cordobadirecto.com\/index.php\/wp-json\/wp\/v2\/posts\/189824\/revisions"}],"wp:featuredmedia":[{"embeddable":true,"href":"http:\/\/cordobadirecto.com\/index.php\/wp-json\/wp\/v2\/media\/189825"}],"wp:attachment":[{"href":"http:\/\/cordobadirecto.com\/index.php\/wp-json\/wp\/v2\/media?parent=189824"}],"wp:term":[{"taxonomy":"category","embeddable":true,"href":"http:\/\/cordobadirecto.com\/index.php\/wp-json\/wp\/v2\/categories?post=189824"},{"taxonomy":"post_tag","embeddable":true,"href":"http:\/\/cordobadirecto.com\/index.php\/wp-json\/wp\/v2\/tags?post=189824"}],"curies":[{"name":"wp","href":"https:\/\/api.w.org\/{rel}","templated":true}]}}