{"id":189826,"date":"2026-03-06T20:39:33","date_gmt":"2026-03-06T20:39:33","guid":{"rendered":"https:\/\/www.ole.com.ar\/autos\/nicolas-varrone-mattia-colnaghi-formula-2-3-f2-f3-qualy-debut-argentinos-gp-australia_0_X0dFkNQ9iw.html"},"modified":"2026-03-06T20:39:33","modified_gmt":"2026-03-06T20:39:33","slug":"gp-de-australia-como-les-fue-a-nicolas-varrone-y-mattia-colnaghi-en-su-debut-en-la-qualy","status":"publish","type":"post","link":"http:\/\/cordobadirecto.com\/index.php\/2026\/03\/06\/gp-de-australia-como-les-fue-a-nicolas-varrone-y-mattia-colnaghi-en-su-debut-en-la-qualy\/","title":{"rendered":"GP de Australia: c\u00f3mo les fue a Nicol\u00e1s Varrone y Mattia Colnaghi en su debut en la qualy"},"content":{"rendered":"<p><time class=\"createDate\" datetime=\"2026-03-06T17:39:33-03:00\">06\/03\/2026 17:39hs.<\/time><\/p>\n<div id=\"storyBody\">\n<div id=\"element-body-0\" class=\"sc-136cd478-0 ekTCfV\" readability=\"33.655976676385\">\n<p>Los representantes argentinos tuvieron una primera jornada intensa en el <strong>Gran Premio de Australia<\/strong>. Adem\u00e1s de la participaci\u00f3n de <strong> <a href=\"https:\/\/www.ole.com.ar\/tema\/franco-colapinto.html\" title=\"Franco Colapinto\" alt=\"Franco Colapinto\" class=\"slug\">Franco Colapinto<\/a><\/strong> en las pr\u00e1cticas de la F\u00f3rmula 1, otros dos pilotos con bandera nacional corrieron en las qualys de las categor\u00edas teloneras: <strong><a href=\"https:\/\/www.ole.com.ar\/tema\/nicolas-varrone.html\" title=\"Nicol\u00e1s Varrone\" alt=\"Nicol\u00e1s Varrone\" class=\"slug\">Nicol\u00e1s Varrone<\/a>, en F\u00f3rmula 2, y <a href=\"https:\/\/www.ole.com.ar\/tema\/mattia-colnaghi.html\" title=\"Mattia Colnaghi\" alt=\"Mattia Colnaghi\" class=\"slug\">Mattia Colnaghi<\/a>, en F\u00f3rmula 3.<\/strong><\/p>\n<\/div>\n<div id=\"element-body-1\" class=\"sc-136cd478-0 ekTCfV\" readability=\"38\">\n<p>Ambos se encuentran en su temporada debut, por lo que corrieron <strong> su primera ronda de clasificaci\u00f3n.<\/strong> Sin embargo, las realidades fueron opuestas: <strong>el bonaerense en la segunda categor\u00eda tuvo mala fortuna y no logr\u00f3 un buen resultado<\/strong>, mientras que <strong>el \u00edtalo-argentino se repuso de una falla en su auto y logr\u00f3 un gran puesto de largada. <\/strong><\/p>\n<\/div>\n<div class=\"sc-e7b891c4-0 ifHnQL image-embed\" id=\"element-body-2\"><img alt=\"Mattia Colnaghi y Nicol\u00e1s Varrone, juntos en Australia. (IG)\" loading=\"lazy\" width=\"720\" height=\"100\" decoding=\"async\" data-nimg=\"1\" src=\"http:\/\/cordobadirecto.com\/wp-content\/uploads\/2026\/03\/gp-de-australia-como-les-fue-a-nicolas-varrone-y-mattia-colnaghi-en-su-debut-en-la-qualy.jpg\"><span class=\"epigraphe\">Mattia Colnaghi y Nicol\u00e1s Varrone, juntos en Australia. (IG)<\/span><\/div>\n<p><h2>Nicol\u00e1s Varrone y una primera qualy desafortunada en F\u00f3rmula 2<\/h2>\n<\/p>\n<div id=\"element-body-4\" class=\"sc-136cd478-0 ekTCfV\" readability=\"39\">\n<p>El estreno de Varrone en qualy seguramente no fue lo que so\u00f1\u00f3 para el arranque de temporada. En el circuito de Albert Park, <strong>la ronda de clasificaci\u00f3n estuvo marcada por dos banderas rojas y una amarilla<\/strong>. La \u00faltima de ellas se levant\u00f3 a solo tres minutos del final de la tanda, lapso en el que <strong>el oriundo de Ingeniero Maschwitz intent\u00f3 meterse entre los mejores tiempos, pero no tuvo \u00e9xito: termin\u00f3 19\u00b0, con un tiempo de 1m29s522. <\/strong><\/p>\n<\/div>\n<div id=\"element-body-5\" class=\"sc-136cd478-0 ekTCfV\" readability=\"41\">\n<p><strong>La pole fue para el sueco Dino Beganovic<\/strong>, de DAMS Lucas Oil, que marc\u00f3 el mejor tiempo entre los 22 corredores con un cron\u00f3metro de 1s28m695 (1s827 por delante del piloto nacional de 25 a\u00f1os). <strong> Este s\u00e1bado<\/strong> contin\u00faa la acci\u00f3n en la segunda categor\u00eda: sigue con <strong>la sprint, a las 0.10 de la madrugada<\/strong>, y cierra con <strong>la carrera principal, a las 21.15<\/strong> (en ambas, el puesto de largada es el mismo). Todo se podr\u00e1 ver por <strong>Disney+ Premium. <\/strong><\/p>\n<\/div>\n<div class=\"sc-e7b891c4-0 ifHnQL image-embed\" id=\"element-body-6\"><img alt=\"Nicol\u00e1s Varrone largar\u00e1 en la 19\u00aa posici\u00f3n en el GP de Australia de F2.\" loading=\"lazy\" width=\"720\" height=\"100\" decoding=\"async\" data-nimg=\"1\" src=\"http:\/\/cordobadirecto.com\/wp-content\/uploads\/2026\/03\/gp-de-australia-como-les-fue-a-nicolas-varrone-y-mattia-colnaghi-en-su-debut-en-la-qualy-1.jpg\"><span class=\"epigraphe\">Nicol\u00e1s Varrone largar\u00e1 en la 19\u00aa posici\u00f3n en el GP de Australia de F2.<\/span><\/div>\n<p><h2>Mattia Colnaghi, del susto al \u00e9xito en la qualy de F\u00f3rmula 3<\/h2>\n<\/p>\n<div id=\"element-body-8\" class=\"sc-136cd478-0 ekTCfV\" readability=\"32.295514511873\">\n<p><strong>El caso de Colnaghi fue distinto<\/strong>. El susto que se hab\u00eda pegado en las pr\u00e1cticas, <a href=\"https:\/\/www.ole.com.ar\/autos\/video-impactante-explosion-motor-mattia-colnaghi-debut-f3-australia_0_SZGn2cxAKs.html\" target=\"_self\" title=\"instancia que no termin\u00f3 porque el motor de su coche larg\u00f3 humo y llamas\" alt=\"instancia que no termin\u00f3 porque el motor de su coche larg\u00f3 humo y llamas\" rel=\"noopener\">instancia que no termin\u00f3 porque el motor de su coche larg\u00f3 humo<\/a><a href=\"https:\/\/www.ole.com.ar\/autos\/video-impactante-explosion-motor-mattia-colnaghi-debut-f3-australia_0_SZGn2cxAKs.html\" target=\"_self\" title=\"instancia que no termin\u00f3 porque el motor de su coche larg\u00f3 humo y llamas\" alt=\"instancia que no termin\u00f3 porque el motor de su coche larg\u00f3 humo y llamas\" rel=\"noopener\"> y llamas<\/a>, no fue un contratiempo lo suficientemente fuerte para no correr en la qualy, donde <strong>la rompi\u00f3 toda: hizo un tiempo de 1m34s547, con el que acarici\u00f3 el 3\u00b0 puesto -que le perteneci\u00f3 por unos minutos-, pero termin\u00f3 6\u00b0.<\/strong><\/p>\n<\/div>\n<div id=\"element-body-9\" class=\"sc-136cd478-0 ekTCfV\" readability=\"40\">\n<p>En la tercera categor\u00eda, el primer puesto de la clasificaci\u00f3n fue para el franc\u00e9s de 18 a\u00f1os <strong>Th\u00e9ophile Na\u00ebl<\/strong> (Campos Racing), l\u00edder de la sesi\u00f3n con un cron\u00f3metro de 1m34s187. La actividad de la competencia volver\u00e1 <strong>este viernes, con la sprint a las 21.15, y terminar\u00e1 el s\u00e1bado, con la carrera principal a las 18.50 <\/strong>(tambi\u00e9n comparten la posici\u00f3n de salida) <strong>. <\/strong>Ambas rondas se podr\u00e1n ver a trav\u00e9s de <strong>Disney+ Premium. <\/strong><\/p>\n<\/div>\n<div class=\"sc-e7b891c4-0 ifHnQL image-embed\" id=\"element-body-10\"><img alt=\"Mattia Colnaghi se abrocha el casco antes de subirse a su monoplaza en la qualy del GP de Australia de F\u00f3rmula 3. (@matticolnaghii en IG).\" loading=\"lazy\" width=\"720\" height=\"100\" decoding=\"async\" data-nimg=\"1\" src=\"http:\/\/cordobadirecto.com\/wp-content\/uploads\/2026\/03\/gp-de-australia-como-les-fue-a-nicolas-varrone-y-mattia-colnaghi-en-su-debut-en-la-qualy-2.jpg\"><span class=\"epigraphe\">Mattia Colnaghi se abrocha el casco antes de subirse a su monoplaza en la qualy del GP de Australia de F\u00f3rmula 3. (@matticolnaghii en IG).<\/span><\/div>\n<div id=\"element-body-11\" class=\"sc-a7166897-0 eoLsBE\" readability=\"31.5\">\n<section readability=\"3\"><picture><img alt=\"El traspi\u00e9 que sufri\u00f3 Franco Colapinto en la FP2 de Australia y el balance de su debut\" loading=\"lazy\" width=\"290\" height=\"290\" decoding=\"async\" data-nimg=\"1\" src=\"http:\/\/cordobadirecto.com\/wp-content\/uploads\/2026\/03\/gp-de-australia-como-les-fue-a-nicolas-varrone-y-mattia-colnaghi-en-su-debut-en-la-qualy-3.jpg\"><\/picture>\n<p><span>Mir\u00e1 tambi\u00e9n<\/span><\/p>\n<hr>\n<h3>El traspi\u00e9 que sufri\u00f3 Franco Colapinto en la FP2 de Australia y el balance de su debut<\/h3>\n<\/p>\n<\/section>\n<\/div>\n<div id=\"element-body-12\" class=\"sc-a7166897-0 eoLsBE\" readability=\"31.5\">\n<section readability=\"3\"><picture><img alt=\"F\u00f3rmula 1: todos los cambios de la revolucionaria temporada 2026 antes del GP de Australia\" loading=\"lazy\" width=\"290\" height=\"290\" decoding=\"async\" data-nimg=\"1\" src=\"http:\/\/cordobadirecto.com\/wp-content\/uploads\/2026\/03\/gp-de-australia-como-les-fue-a-nicolas-varrone-y-mattia-colnaghi-en-su-debut-en-la-qualy-4.jpg\"><\/picture>\n<p><span>Mir\u00e1 tambi\u00e9n<\/span><\/p>\n<hr>\n<h3>F\u00f3rmula 1: todos los cambios de la revolucionaria temporada 2026 antes del GP de Australia<\/h3>\n<\/p>\n<\/section>\n<\/div>\n<div id=\"element-body-13\" class=\"sc-a7166897-0 eoLsBE\" readability=\"31\">\n<section readability=\"2\"><picture><img alt=\"\u00bfC\u00f3mo le fue a Franco Colapinto en el D\u00eda 1 del GP de Australia de la F1?\" loading=\"lazy\" width=\"290\" height=\"290\" decoding=\"async\" data-nimg=\"1\" src=\"http:\/\/cordobadirecto.com\/wp-content\/uploads\/2026\/03\/gp-de-australia-como-les-fue-a-nicolas-varrone-y-mattia-colnaghi-en-su-debut-en-la-qualy-5.jpg\"><\/picture>\n<p><span>Mir\u00e1 tambi\u00e9n<\/span><\/p>\n<hr>\n<h3>\u00bfC\u00f3mo le fue a Franco Colapinto en el D\u00eda 1 del GP de Australia de la F1?<\/h3>\n<\/p>\n<\/section>\n<\/div>\n<\/div>\n","protected":false},"excerpt":{"rendered":"<p>06\/03\/2026 17:39hs. Los representantes argentinos tuvieron una primera jornada intensa en el Gran Premio de Australia. Adem\u00e1s de la participaci\u00f3n de Franco Colapinto en las pr\u00e1cticas de la F\u00f3rmula 1, otros dos pilotos con bandera nacional corrieron en las qualys de las categor\u00edas teloneras: Nicol\u00e1s Varrone, en F\u00f3rmula 2, y Mattia Colnaghi, en F\u00f3rmula 3. [&hellip;]<\/p>\n","protected":false},"author":1,"featured_media":189827,"comment_status":"closed","ping_status":"closed","sticky":false,"template":"","format":"standard","meta":[],"categories":[21],"tags":[],"_links":{"self":[{"href":"http:\/\/cordobadirecto.com\/index.php\/wp-json\/wp\/v2\/posts\/189826"}],"collection":[{"href":"http:\/\/cordobadirecto.com\/index.php\/wp-json\/wp\/v2\/posts"}],"about":[{"href":"http:\/\/cordobadirecto.com\/index.php\/wp-json\/wp\/v2\/types\/post"}],"author":[{"embeddable":true,"href":"http:\/\/cordobadirecto.com\/index.php\/wp-json\/wp\/v2\/users\/1"}],"replies":[{"embeddable":true,"href":"http:\/\/cordobadirecto.com\/index.php\/wp-json\/wp\/v2\/comments?post=189826"}],"version-history":[{"count":0,"href":"http:\/\/cordobadirecto.com\/index.php\/wp-json\/wp\/v2\/posts\/189826\/revisions"}],"wp:featuredmedia":[{"embeddable":true,"href":"http:\/\/cordobadirecto.com\/index.php\/wp-json\/wp\/v2\/media\/189827"}],"wp:attachment":[{"href":"http:\/\/cordobadirecto.com\/index.php\/wp-json\/wp\/v2\/media?parent=189826"}],"wp:term":[{"taxonomy":"category","embeddable":true,"href":"http:\/\/cordobadirecto.com\/index.php\/wp-json\/wp\/v2\/categories?post=189826"},{"taxonomy":"post_tag","embeddable":true,"href":"http:\/\/cordobadirecto.com\/index.php\/wp-json\/wp\/v2\/tags?post=189826"}],"curies":[{"name":"wp","href":"https:\/\/api.w.org\/{rel}","templated":true}]}}