{"id":189834,"date":"2026-03-07T03:23:34","date_gmt":"2026-03-07T03:23:34","guid":{"rendered":"http:\/\/cordobadirecto.com\/index.php\/2026\/03\/07\/indemnizaciones-el-nuevo-fondo-facilitara-mas-el-despido-a-las-grandes-empresas\/"},"modified":"2026-03-07T03:23:34","modified_gmt":"2026-03-07T03:23:34","slug":"indemnizaciones-el-nuevo-fondo-facilitara-mas-el-despido-a-las-grandes-empresas","status":"publish","type":"post","link":"http:\/\/cordobadirecto.com\/index.php\/2026\/03\/07\/indemnizaciones-el-nuevo-fondo-facilitara-mas-el-despido-a-las-grandes-empresas\/","title":{"rendered":"Indemnizaciones: el <b>nuevo<\/b> fondo facilitar\u00e1 m\u00e1s el despido a las grandes empresas"},"content":{"rendered":"<p>&#8230; <b>Econom\u00eda<\/b>, Luis Caputo, al participar del aniversario de la Fundaci\u00f3n Mediterr\u00e1nea en <b>C\u00f3rdoba<\/b>. Sin embargo, la reforma que el oficialismo presenta&nbsp;&#8230; <\/p>\n","protected":false},"excerpt":{"rendered":"<p>&#8230; Econom\u00eda, Luis Caputo, al participar del aniversario de la Fundaci\u00f3n Mediterr\u00e1nea en C\u00f3rdoba. Sin embargo, la reforma que el oficialismo presenta&nbsp;&#8230;<\/p>\n","protected":false},"author":1,"featured_media":0,"comment_status":"closed","ping_status":"closed","sticky":false,"template":"","format":"standard","meta":[],"categories":[40],"tags":[],"_links":{"self":[{"href":"http:\/\/cordobadirecto.com\/index.php\/wp-json\/wp\/v2\/posts\/189834"}],"collection":[{"href":"http:\/\/cordobadirecto.com\/index.php\/wp-json\/wp\/v2\/posts"}],"about":[{"href":"http:\/\/cordobadirecto.com\/index.php\/wp-json\/wp\/v2\/types\/post"}],"author":[{"embeddable":true,"href":"http:\/\/cordobadirecto.com\/index.php\/wp-json\/wp\/v2\/users\/1"}],"replies":[{"embeddable":true,"href":"http:\/\/cordobadirecto.com\/index.php\/wp-json\/wp\/v2\/comments?post=189834"}],"version-history":[{"count":0,"href":"http:\/\/cordobadirecto.com\/index.php\/wp-json\/wp\/v2\/posts\/189834\/revisions"}],"wp:attachment":[{"href":"http:\/\/cordobadirecto.com\/index.php\/wp-json\/wp\/v2\/media?parent=189834"}],"wp:term":[{"taxonomy":"category","embeddable":true,"href":"http:\/\/cordobadirecto.com\/index.php\/wp-json\/wp\/v2\/categories?post=189834"},{"taxonomy":"post_tag","embeddable":true,"href":"http:\/\/cordobadirecto.com\/index.php\/wp-json\/wp\/v2\/tags?post=189834"}],"curies":[{"name":"wp","href":"https:\/\/api.w.org\/{rel}","templated":true}]}}