{"id":18984,"date":"2021-09-17T08:52:00","date_gmt":"2021-09-17T08:52:00","guid":{"rendered":"https:\/\/lmdiario.com.ar\/contenido\/307828\/con-65-galerias-y-200-artistas-de-todo-el-pais-abrio-la-feria-de-arte-de-cordoba"},"modified":"2021-09-17T08:52:00","modified_gmt":"2021-09-17T08:52:00","slug":"con-65-galerias-y-200-artistas-de-todo-el-pais-abrio-la-feria-de-arte-de-cordoba","status":"publish","type":"post","link":"http:\/\/cordobadirecto.com\/index.php\/2021\/09\/17\/con-65-galerias-y-200-artistas-de-todo-el-pais-abrio-la-feria-de-arte-de-cordoba\/","title":{"rendered":"Con 65 galer\u00edas y 200 artistas de todo el pa\u00eds abri\u00f3 la Feria de Arte de C\u00f3rdoba"},"content":{"rendered":"<div><img src=\"http:\/\/cordobadirecto.com\/wp-content\/uploads\/2021\/09\/con-65-galerias-y-200-artistas-de-todo-el-pais-abrio-la-feria-de-arte-de-cordoba.jpg\" class=\"ff-og-image-inserted\"><\/div>\n<p><strong>La Feria de Arte de C\u00f3rdoba (Facba) que abri\u00f3 este jueves sus puertas en la capital provincial,<\/strong> promete la participaci\u00f3n de m\u00e1s de 65 galer\u00edas y 200 artistas de todo el pa\u00eds para ofrecer un mapa actual y federal de las artes visuales que se desplegar\u00e1 a lo largo de muestras, performances, recorridos, visitas guiadas, conciertos, charlas, conversatorios, talleres, intervenciones y eventos especiales, todos con acceso gratuito.<\/p>\n<p>Bajo el t\u00edtulo &#8220;Paisaje: producci\u00f3n y fantas\u00eda&#8221; la feria, que se extender\u00e1 hasta el martes pr\u00f3ximo, &#8220;va a ser un di\u00e1logo muy interesante entre espacios hist\u00f3ricos y arte contempor\u00e1neo&#8221;, sostiene <strong>Luz Novillo Corval\u00e1n, curadora de la iniciativa junto a Mariana Robles y Gabriela Barrionuevo.<\/strong><\/p>\n<p>El paisaje &#8220;es una construcci\u00f3n cultural y tambi\u00e9n incluye el espacio urbano -explica la artista-. En pandemia todos de alguna manera hemos reflexionado acerca de ese v\u00ednculo con la naturaleza y el afuera, como tambi\u00e9n se inscribe el paisaje y aparece la ciudad virtual&#8221;.<\/p>\n<p>&#8220;No podemos imaginar la realidad hoy por fuera de lo virtual, es algo que est\u00e1 entre nosotros y tenemos que representarlo en el arte\u201d, sostiene la galerista en una entrevista con T\u00e9lam, en la que cuenta el detr\u00e1s de escena del armado de Facba.<\/p>\n<p>Destaca que \u201cel proceso fue un gran desaf\u00edo&#8221;, ya que en el contexto de la pandemia fueron <strong>\u201creescribiendo la arquitectura de la feria para que se pudiera hacer\u201d.<\/strong><\/p>\n<p>En este sentido, indica que otros a\u00f1os estos espacios art\u00edsticos se desarrollaron &#8220;en un solo lugar y ahora es como si se diseminara en la ciudad, adquiriendo el formato de lo que son las bienales, debido al contexto, pero es interesante\u201d.<\/p>\n<p>La feria, por otra parte, en esta oportunidad se desdobla entre lo presencial y lo virtual, con muestras en las que \u201cno se van a encontrar obras espectaculares, sino m\u00e1s bien de objetivos\u201d, dice Novillo Corval\u00e1n.<\/p>\n<p>En tanto, Barrionuevo, encargada principalmente de ensamblar la arista digital al evento, subraya que \u201cesta feria en particular<strong> tiene una caracter\u00edstica que retoma de alguna manera desde la virtualidad los recorridos presenciales, y a la inversa\u201d.<\/strong><\/p>\n<p>\u201cTratamos adem\u00e1s las nuevas digitalizaciones, los nuevos medios y nuevos paisajes multimediales, y todo lo referente a las nuevas formas de comercializaci\u00f3n de obras de arte, en relaci\u00f3n a MFT y Crisptomonedas\u201d, sintetiza.<\/p>\n<p>En este nuevo armado, la feria tendr\u00e1 una exposici\u00f3n presencial en los patios hist\u00f3ricos de la ciudad de C\u00f3rdoba, donde participar\u00e1n <strong>m\u00e1s de 65 galer\u00edas y espacios seleccionados<\/strong> mediante convocatoria abierta y p\u00fablica, pintando un mapa actual y federal de las artes visuales.<\/p>\n<p>Contar\u00e1 con muestras, performances, recorridos, visitas guiadas, conciertos, charlas, conversatorios, talleres, intervenciones y eventos especiales, con acceso gratuito, y actividades presenciales, seg\u00fan protocolos. Las galer\u00edas de C\u00f3rdoba actuar\u00e1n como anfitrionas, junto a espacios de otros puntos del pa\u00eds que fueron invitados para exponer en galer\u00edas locales.<\/p>\n<p>Entre las actividades presenciales de la Facba, que incluyen visitas guiadas, talleres, muestras, conciertos y charlas, se cuenta la performance &#8220;Fl\u00e2nerie. Desv\u00edo y desvar\u00edo&#8221;, a cargo de Sof\u00eda Torres Kosiba, que comprende un recorrido por cinco patios patrimoniales (Cabildo Hist\u00f3rico, Centro Cultural Espa\u00f1a C\u00f3rdoba, Museo de Arte Religioso Juan de Tejeda, Museo San Alberto y Marqu\u00e9s de Sobremonte) y a quienes los habitan.<\/p>\n<p><strong>La muestra central ser\u00e1 la de &#8220;Los Patios y el Cultivo del Tiempo&#8221;,<\/strong> con intervenciones, performances, muestras y acciones presenciales a lo largo del casco hist\u00f3rico de C\u00f3rdoba, con curadur\u00eda de Novillo Corval\u00e1n y Robles. Se desarrollar\u00e1 en el Cabildo de C\u00f3rdoba, el Centro Cultural Espa\u00f1a C\u00f3rdoba, y los museos San Alberto, Tejeda y Marqu\u00e9s de Sobremonte. La misma ofrecer\u00e1, tambi\u00e9n, un ciclo de charlas curado por Emilia Casiva.<\/p>\n<p>De esta exposici\u00f3n participar\u00e1n las artistas Rosa Mercedes Gonz\u00e1lez, Silvana Montecchiesi, Mariana Guagliano, Cecilia Richard, Leticia Obeid y Sof\u00eda Torres Kosiba, con acciones pensadas para vincular el arte contempor\u00e1neo y espacios plenos de historia.<\/p>\n<p>Cada artista desarrolla una obra de sitio espec\u00edfico, en torno al bordado, el video, la instalaci\u00f3n, el dibujo y la performance.<\/p>\n<p>Un ciclo de charlas, &#8220;Derivas del paisaje&#8221;, abordar\u00e1 &#8220;La vida de las cosas&#8221; con Colectiva Materia y Gabriela Milone; &#8220;Cosmos y Territorio&#8221; con Belkys Scolamieri, Florencia Qualina, Javier Villa y Anal\u00eda Solomonoff; &#8220;Orilla y Barranca&#8221; de la mano de Roxana Ramos y Mart\u00edn Leg\u00f3n; y &#8220;La mirada de las ranas&#8221; a cargo de Leticia Obeid y Sergio Raimondi.<\/p>\n<p>Otro de los ejes de la agenda presencial de la feria <strong>son los circuitos de galer\u00edas<\/strong>, desdoblados en la Ruta FARO y Paisajes Federales, y dentro de este \u00faltimo se contemplan propuestas a lo largo de galer\u00edas de C\u00f3rdoba y del pa\u00eds que pueden consultarse en la plataforma web de la feria.<\/p>\n<p>FARO, Asociaci\u00f3n Civil de Galer\u00edas de Arte de C\u00f3rdoba, organiza un recorrido por d\u00eda en torno a zonas (centro, Nueva C\u00f3rdoba, norte) de la Ciudad y Gran C\u00f3rdoba (Mendiolaza, Unquillo y Colonia Caroya).<\/p>\n<p>Estos recorridos se realizar\u00e1n por la tarde, alrededor de reconocidas galer\u00edas cordobesas que a su vez convidan a otras del pa\u00eds, seleccionadas para ser parte de Facba 2021, generando encuentros, cruces y la posibilidad de visibilizar la diversa escena art\u00edstica regional.<\/p>\n<p>El circuito resume 42 espacios (entre galer\u00edas anfitrionas, locales invitadas, y de otras provincias) y lo que el p\u00fablico puede hacer es recorrer distintos circuitos.<\/p>\n<p>La feria es organizada por la Subsecretar\u00eda de Cultura de la Municipalidad de C\u00f3rdoba, FARO (a cargo del circuito presencial de galer\u00edas), Agencia C\u00f3rdoba Cultura y la Fundaci\u00f3n Pro Arte C\u00f3rdoba; con acompa\u00f1amiento de Bancor, la Facultad de Artes de la Universidad Nacional de C\u00f3rdoba, la Facultad de Arte y Dise\u00f1o de la Universidad Provincial de C\u00f3rdoba y Centro Cultural Espa\u00f1a C\u00f3rdoba.<\/p>\n<p>La programaci\u00f3n virtual est\u00e1 disponible en <strong><a href=\"http:\/\/feriadearte.cordoba.gob.ar\" rel=\"noopener\" target=\"_blank\">feriadearte.cordoba.gob.ar<\/a><\/strong><\/p>\n<p><span>Fuente: T\u00e9lam<\/span><\/p>\n","protected":false},"excerpt":{"rendered":"<p>La Feria de Arte de C\u00f3rdoba (Facba) que abri\u00f3 este jueves sus puertas en la capital provincial, promete la participaci\u00f3n de m\u00e1s de 65 galer\u00edas y 200 artistas de todo el pa\u00eds para ofrecer un mapa actual y federal de las artes visuales que se desplegar\u00e1 a lo largo de muestras, performances, recorridos, visitas guiadas, [&hellip;]<\/p>\n","protected":false},"author":1,"featured_media":18985,"comment_status":"closed","ping_status":"closed","sticky":false,"template":"","format":"standard","meta":[],"categories":[20],"tags":[],"_links":{"self":[{"href":"http:\/\/cordobadirecto.com\/index.php\/wp-json\/wp\/v2\/posts\/18984"}],"collection":[{"href":"http:\/\/cordobadirecto.com\/index.php\/wp-json\/wp\/v2\/posts"}],"about":[{"href":"http:\/\/cordobadirecto.com\/index.php\/wp-json\/wp\/v2\/types\/post"}],"author":[{"embeddable":true,"href":"http:\/\/cordobadirecto.com\/index.php\/wp-json\/wp\/v2\/users\/1"}],"replies":[{"embeddable":true,"href":"http:\/\/cordobadirecto.com\/index.php\/wp-json\/wp\/v2\/comments?post=18984"}],"version-history":[{"count":0,"href":"http:\/\/cordobadirecto.com\/index.php\/wp-json\/wp\/v2\/posts\/18984\/revisions"}],"wp:featuredmedia":[{"embeddable":true,"href":"http:\/\/cordobadirecto.com\/index.php\/wp-json\/wp\/v2\/media\/18985"}],"wp:attachment":[{"href":"http:\/\/cordobadirecto.com\/index.php\/wp-json\/wp\/v2\/media?parent=18984"}],"wp:term":[{"taxonomy":"category","embeddable":true,"href":"http:\/\/cordobadirecto.com\/index.php\/wp-json\/wp\/v2\/categories?post=18984"},{"taxonomy":"post_tag","embeddable":true,"href":"http:\/\/cordobadirecto.com\/index.php\/wp-json\/wp\/v2\/tags?post=18984"}],"curies":[{"name":"wp","href":"https:\/\/api.w.org\/{rel}","templated":true}]}}