{"id":189929,"date":"2026-03-08T15:02:53","date_gmt":"2026-03-08T15:02:53","guid":{"rendered":"https:\/\/puntoapunto.com.ar\/?p=382696"},"modified":"2026-03-08T15:02:53","modified_gmt":"2026-03-08T15:02:53","slug":"cuenta-regresiva-para-el-superoferton-2026-mas-de-500-comercios-ofreceran-15-mil-productos-con-descuentos","status":"publish","type":"post","link":"http:\/\/cordobadirecto.com\/index.php\/2026\/03\/08\/cuenta-regresiva-para-el-superoferton-2026-mas-de-500-comercios-ofreceran-15-mil-productos-con-descuentos\/","title":{"rendered":"Cuenta regresiva para el SuperOfert\u00f3n 2026: m\u00e1s de 500 comercios ofrecer\u00e1n 15 mil productos con descuentos"},"content":{"rendered":"<div><img src=\"http:\/\/cordobadirecto.com\/wp-content\/uploads\/2026\/03\/cuenta-regresiva-para-el-superoferton-2026-mas-de-500-comercios-ofreceran-15-mil-productos-con-descuentos.jpg\" class=\"ff-og-image-inserted\"><\/div>\n<p>Del <strong>9 al 13 de marzo se realizar\u00e1 una nueva edici\u00f3n del SuperOfert\u00f3n 2026,<\/strong> el evento provincial de comercio electr\u00f3nico impulsado por el Gobierno de C\u00f3rdoba que busca fortalecer el comercio local y ampliar su participaci\u00f3n en la econom\u00eda digital. Con un r\u00e9cord de participaci\u00f3n, la iniciativa reunir\u00e1 a<strong> m\u00e1s de 500 comercios<\/strong> de toda la provincia y pondr\u00e1 a disposici\u00f3n del p\u00fablico m\u00e1s de 15 mil productos con promociones especiales y opciones de financiaci\u00f3n.<\/p>\n<p>Organizado por el Gobierno provincial a trav\u00e9s del Ministerio de Producci\u00f3n, en articulaci\u00f3n con el Consejo Federal de Inversiones (CFI), el evento apunta a potenciar la competitividad del entramado comercial cordob\u00e9s y consolidar a C\u00f3rdoba como uno de los polos m\u00e1s din\u00e1micos del comercio electr\u00f3nico en el interior del pa\u00eds.<\/p>\n<h4><strong>R\u00e9cord de comercios y fuerte presencia del interior<\/strong><\/h4>\n<p>En esta edici\u00f3n se inscribieron <strong>507 comercios provenientes de 67 localidades,<\/strong> lo que refleja el crecimiento sostenido de la iniciativa. <strong>Del total de participantes, 304 corresponden a negocios de la capital provincial \u2014equivalente al 59,96%\u2014 mientras que 203 pertenecen a localidades del interior, que representan el 40,04%.<\/strong><\/p>\n<p>La propuesta re\u00fane una amplia diversidad de rubros que incluyen indumentaria y accesorios, calzado, tecnolog\u00eda, electrodom\u00e9sticos, hogar y muebles, construcci\u00f3n, herramientas, turismo, supermercados y delivery, deportes, farmacia y belleza, productos para beb\u00e9s y ni\u00f1os, agro, servicios y otros.<\/p>\n<p>Este abanico de categor\u00edas posiciona al SuperOfert\u00f3n como una plataforma integral de consumo digital que busca acercar oportunidades comerciales tanto a empresas como a consumidores.<\/p>\n<h4><strong>Una vidriera digital para el comercio cordob\u00e9s<\/strong><\/h4>\n<p>Durante los cinco d\u00edas del evento, los usuarios podr\u00e1n acceder a las ofertas a trav\u00e9s de una plataforma web centralizada que funcionar\u00e1 como vidriera digital de los comercios adheridos.<\/p>\n<p>Desde ese portal se podr\u00e1 explorar el cat\u00e1logo de promociones y redirigirse a los sitios oficiales de cada empresa, donde se concretar\u00e1n las compras. El sistema busca mejorar la experiencia de los consumidores y, al mismo tiempo, aumentar la visibilidad online de los negocios participantes.<\/p>\n<h4><strong>Capacitaci\u00f3n y profesionalizaci\u00f3n del comercio digital<\/strong><\/h4>\n<p>Como parte de la preparaci\u00f3n para el evento, durante febrero se realizaron instancias de capacitaci\u00f3n destinadas a los comercios inscriptos. Los encuentros abordaron aspectos clave para el desarrollo de ventas online, como la carga de productos, la optimizaci\u00f3n log\u00edstica, las estrategias comerciales digitales y el posicionamiento SEO.<\/p>\n<p>El objetivo fue fortalecer las capacidades digitales del sector y mejorar el desempe\u00f1o de los comercios durante la campa\u00f1a.<\/p>\n<p>De esta manera, el Gobierno provincial apuesta a consolidar herramientas que permitan ampliar mercados, desarrollar nuevos canales de comercializaci\u00f3n y acompa\u00f1ar el crecimiento del sector productivo cordob\u00e9s en el entorno digital.<\/p>\n<p><strong>El cat\u00e1logo completo de promociones podr\u00e1 consultarse en el sitio oficial del evento: <a href=\"https:\/\/superoferton.com.ar\/\">https:\/\/superoferton.com.ar\/<\/a><\/strong><\/p>\n","protected":false},"excerpt":{"rendered":"<p>Del 9 al 13 de marzo se realizar\u00e1 una nueva edici\u00f3n del SuperOfert\u00f3n 2026, el evento provincial de comercio electr\u00f3nico impulsado por el Gobierno de C\u00f3rdoba que busca fortalecer el comercio local y ampliar su participaci\u00f3n en la econom\u00eda digital. Con un r\u00e9cord de participaci\u00f3n, la iniciativa reunir\u00e1 a m\u00e1s de 500 comercios de toda [&hellip;]<\/p>\n","protected":false},"author":1,"featured_media":189930,"comment_status":"closed","ping_status":"closed","sticky":false,"template":"","format":"standard","meta":[],"categories":[25],"tags":[],"_links":{"self":[{"href":"http:\/\/cordobadirecto.com\/index.php\/wp-json\/wp\/v2\/posts\/189929"}],"collection":[{"href":"http:\/\/cordobadirecto.com\/index.php\/wp-json\/wp\/v2\/posts"}],"about":[{"href":"http:\/\/cordobadirecto.com\/index.php\/wp-json\/wp\/v2\/types\/post"}],"author":[{"embeddable":true,"href":"http:\/\/cordobadirecto.com\/index.php\/wp-json\/wp\/v2\/users\/1"}],"replies":[{"embeddable":true,"href":"http:\/\/cordobadirecto.com\/index.php\/wp-json\/wp\/v2\/comments?post=189929"}],"version-history":[{"count":0,"href":"http:\/\/cordobadirecto.com\/index.php\/wp-json\/wp\/v2\/posts\/189929\/revisions"}],"wp:featuredmedia":[{"embeddable":true,"href":"http:\/\/cordobadirecto.com\/index.php\/wp-json\/wp\/v2\/media\/189930"}],"wp:attachment":[{"href":"http:\/\/cordobadirecto.com\/index.php\/wp-json\/wp\/v2\/media?parent=189929"}],"wp:term":[{"taxonomy":"category","embeddable":true,"href":"http:\/\/cordobadirecto.com\/index.php\/wp-json\/wp\/v2\/categories?post=189929"},{"taxonomy":"post_tag","embeddable":true,"href":"http:\/\/cordobadirecto.com\/index.php\/wp-json\/wp\/v2\/tags?post=189929"}],"curies":[{"name":"wp","href":"https:\/\/api.w.org\/{rel}","templated":true}]}}