{"id":189997,"date":"2026-03-09T02:22:50","date_gmt":"2026-03-09T02:22:50","guid":{"rendered":"https:\/\/www.ole.com.ar\/futbol-ascenso\/ascenso-primera-nacional-acassuso-dario-lema_0_yJRIppW2L5.html"},"modified":"2026-03-09T02:22:50","modified_gmt":"2026-03-09T02:22:50","slug":"lema-el-dt-del-equipo-sensacion-del-nacional-tenemos-que-mantener-los-pies-sobre-la-tierra","status":"publish","type":"post","link":"http:\/\/cordobadirecto.com\/index.php\/2026\/03\/09\/lema-el-dt-del-equipo-sensacion-del-nacional-tenemos-que-mantener-los-pies-sobre-la-tierra\/","title":{"rendered":"Lema, el DT del equipo sensaci\u00f3n del Nacional: &#8220;Tenemos que mantener los pies sobre la tierra&#8221;"},"content":{"rendered":"<p><time class=\"createDate\" datetime=\"2026-03-08T19:20:48-03:00\">08\/03\/2026 19:20hs.<\/time><\/p>\n<div id=\"storyBody\">\n<div id=\"element-body-0\" class=\"sc-136cd478-0 ekTCfV\" readability=\"38.435804701627\">\n<p><strong>El 2025 de <a href=\"https:\/\/www.ole.com.ar\/tema\/acassuso.html\" title=\"Acassuso\" alt=\"Acassuso\" class=\"slug\">Acassuso<\/a> fue casi imposible de mejorar.<\/strong> Dos vueltas esperad\u00edsimas por todo el pueblo quemero. La primera se dio a principio de a\u00f1o. <strong>Fue en 2007 la \u00faltima vez que Ssuso hab\u00eda jugado un partido oficial en su cancha<\/strong>. Es que en ese a\u00f1o la hab\u00eda dejado de usar, luego de su ascenso a la Primera B por la precaria situaci\u00f3n en la que se encontraba. Fueron casi dos d\u00e9cadas de espera, con gestiones de la Comisi\u00f3n Directiva para refaccionar una cancha que no estaba en condiciones. <strong>Y en marzo, 18 a\u00f1os despu\u00e9s, se dio el esperado regreso.<\/strong><\/p>\n<\/div>\n<div id=\"element-body-1\" class=\"sc-136cd478-0 ekTCfV\" readability=\"36.539235412475\">\n<p>Y como si eso fuera poco, su gran actuaci\u00f3n tanto en el torneo Apertura (no en el Clausura, donde qued\u00f3 16\u00b0) le dio un boleto para adentrarse en el Reducido y <strong> pelear un puesto en la <a href=\"https:\/\/www.ole.com.ar\/tema\/primera-nacional.html\" title=\"Primera Nacional\" alt=\"Primera Nacional\" class=\"slug\">Primera Nacional<\/a><\/strong>. Lejos de partir como favorito, el equipo defini\u00f3 dos llaves como visitante, y en semifinales ante <a href=\"https:\/\/www.ole.com.ar\/tema\/real-pilar.html\" title=\"Real Pilar\" alt=\"Real Pilar\" class=\"slug\">Real Pilar<\/a> forz\u00f3 los penales con un gol en el \u00faltimo suspiro del partido. <strong>Y tras ganarle a <a href=\"https:\/\/www.ole.com.ar\/tema\/deportivo-armenio.html\" title=\"Deportivo Armenio\" alt=\"Deportivo Armenio\" class=\"slug\">Deportivo Armenio<\/a> la final, regres\u00f3 la Segunda categor\u00eda del f\u00fatbol argentino despu\u00e9s de 80 a\u00f1os.<\/strong><\/p>\n<\/div>\n<div id=\"element-body-2\" class=\"sc-136cd478-0 ekTCfV\" readability=\"34.714285714286\">\n<p>Pero este 2026 empez\u00f3 de la mejor manera: <strong>est\u00e1 puntero de la Zona A y con puntaje ideal en la <a href=\"https:\/\/www.ole.com.ar\/tema\/primera-nacional.html\" title=\"Primera Nacional\" alt=\"Primera Nacional\" class=\"slug\">Primera Nacional<\/a>.<\/strong> Y todo fue logrado de la mano de Dar\u00edo Lema, quien le cont\u00f3 a <strong>Ol\u00e9 <\/strong>las claves de su equipo, los objetivos para este a\u00f1o, sus sue\u00f1os y m\u00e1s&#8230;<\/p>\n<\/div>\n<div class=\"sc-e7b891c4-0 ifHnQL image-embed\" id=\"element-body-3\"><img alt=\"Acassuso gan\u00f3 los tres partidos en esta Primera Nacional. (Foto: Prensa Acassuso).\" loading=\"lazy\" width=\"720\" height=\"100\" decoding=\"async\" data-nimg=\"1\" src=\"http:\/\/cordobadirecto.com\/wp-content\/uploads\/2026\/03\/lema-el-dt-del-equipo-sensacion-del-nacional-tenemos-que-mantener-los-pies-sobre-la-tierra.jpg\"><span class=\"epigraphe\">Acassuso gan\u00f3 los tres partidos en esta Primera Nacional. (Foto: Prensa Acassuso).<\/span><\/div>\n<p><h2>Dar\u00edo Lema con Ol\u00e9<\/h2>\n<\/p>\n<div id=\"element-body-5\" class=\"sc-136cd478-0 ekTCfV\" readability=\"33\">\n<p><strong>-Es casi un sue\u00f1o este arranque de campeonato, \u00bfc\u00f3mo lo est\u00e1s viviendo?<\/strong><\/p>\n<\/div>\n<div id=\"element-body-6\" class=\"sc-136cd478-0 ekTCfV\" readability=\"39\">\n<p>-La verdad que con mucha tranquilidad. Sabemos que reci\u00e9n comienza el torneo. Obviamente ganar tres partidos seguidos y verse ah\u00ed en la punta de la tabla es lindo, pero hay que seguir trabajando porque es un recorrido muy largo, un torneo muy duro. <strong> Lo m\u00e1s importante de todo esto es mantener los pies sobre la tierra<\/strong>, seguir meti\u00e9ndole al trabajo, que es lo que nos llev\u00f3 a estar ah\u00ed arriba.<\/p>\n<\/div>\n<div id=\"element-body-7\" class=\"sc-136cd478-0 ekTCfV\" readability=\"32\">\n<p>&#8211; <strong>\u00bfQu\u00e9 les dec\u00eds a los jugadores para lograr mantener los pies sobre la tierra?<\/strong><\/p>\n<\/div>\n<div id=\"element-body-8\" class=\"sc-136cd478-0 ekTCfV\" readability=\"39\">\n<p>-Sobre este tema charlamos mucho. Los partidos que ganamos, los ganamos por m\u00e9rito propio. Esto se basa en el trabajo y creo que capaz sacamos una ventaja en algunos partidos por mantener la base de lo hecho en el torneo anterior. Los chicos que vinieron se acoplaron muy bien y eso nos vino bien, porque hay equipos que se est\u00e1n armando, que tuvieron mucho recambio de jugadores, y nosotros logramos que nuestro equipo responda a lo que nosotros pretend\u00edamos.<\/p>\n<\/div>\n<div id=\"element-body-9\" class=\"sc-136cd478-0 ekTCfV\" readability=\"34\">\n<p><strong>-Con la base que ten\u00edan del ascenso al Nacional, \u00bfqu\u00e9 buscaste en el mercado para que sea el complemento perfecto?<\/strong><\/p>\n<\/div>\n<div id=\"element-body-10\" class=\"sc-136cd478-0 ekTCfV\" readability=\"40\">\n<p>-Lo principal que buscamos fue que sean buena gente. M\u00e1s all\u00e1 de que sean buenos futbolistas, para nosotros era muy importante que sean buenas personas y que vengan a sumar, que vengan a apoyar el proyecto que tiene el club, de poder mantener al equipo en la categor\u00eda. La verdad que los chicos que vinieron se han acoplado muy bien, han respondido y se han sumado al grupo de la mejor manera y est\u00e1n los resultados a la vista, as\u00ed que <strong> esperemos seguir de esta manera<\/strong>.<\/p>\n<\/div>\n<div class=\"sc-e7b891c4-0 ifHnQL image-embed\" id=\"element-body-11\"><img alt=\"Los festejos de Acassuso por su regreso al Nacional.\" loading=\"lazy\" width=\"720\" height=\"100\" decoding=\"async\" data-nimg=\"1\" src=\"http:\/\/cordobadirecto.com\/wp-content\/uploads\/2026\/03\/lema-el-dt-del-equipo-sensacion-del-nacional-tenemos-que-mantener-los-pies-sobre-la-tierra-1.jpg\"><span class=\"epigraphe\">Los festejos de Acassuso por su regreso al Nacional.<\/span><\/div>\n<div id=\"element-body-12\" class=\"sc-136cd478-0 ekTCfV\" readability=\"32\">\n<p><strong>-\u00bfSent\u00eds que el buen grupo que se form\u00f3 es una de las claves para que el equipo est\u00e9 invicto?<\/strong><\/p>\n<\/div>\n<div id=\"element-body-13\" class=\"sc-136cd478-0 ekTCfV\" readability=\"40\">\n<p>-Creo que para conseguir cosas hay que tener buenos grupos, adem\u00e1s de buenos futbolistas, pero la clave y lo que lleva todo hacia adelante es el grupo. La fortaleza, las ganas, el estar siempre predispuesto para entrenar y trabajar. A nosotros nos pas\u00f3 el a\u00f1o pasado cuando ascendimos: hab\u00eda un grupo b\u00e1rbaro, y este a\u00f1o los chicos se est\u00e1n consolidando de a poco y est\u00e1n entendiendo lo que queremos nosotros.<\/p>\n<\/div>\n<div id=\"element-body-14\" class=\"sc-136cd478-0 ekTCfV\" readability=\"36\">\n<p><strong>-Dijiste que el objetivo en la pretemporada era la permanencia, pero ahora, despu\u00e9s de sacar nueve de nueve, \u00bfel objetivo sigue siendo el mismo?<\/strong><\/p>\n<\/div>\n<div id=\"element-body-15\" class=\"sc-136cd478-0 ekTCfV\" readability=\"35\">\n<p>.Nosotros tenemos que apuntar a sacar puntos, eso es lo principal para poder mantenernos y despu\u00e9s ver para qu\u00e9 estamos. Sabemos bien que sacando puntos te manten\u00e9s ah\u00ed en el pelot\u00f3n de arriba. Lo primordial es sumar y mantenernos en la categor\u00eda.<\/p>\n<\/div>\n<div id=\"element-body-16\" class=\"sc-136cd478-0 ekTCfV\" readability=\"34\">\n<p><strong>-\u00bfSent\u00eds igualmente que el equipo puede entrar, al menos, al Reducido?<\/strong><\/p>\n<\/div>\n<div id=\"element-body-17\" class=\"sc-136cd478-0 ekTCfV\" readability=\"38\">\n<p>-Hoy es muy prematuro diagnosticar algo que, tal vez, puede no suceder o puede suceder tambi\u00e9n. Nosotros tenemos que ir partido tras partido, trabajar, seguir con esa humildad como venimos haciendo y saber que este grupo tiene que sumar en todas las canchas donde juegue y mantener la categor\u00eda.<\/p>\n<\/div>\n<div id=\"element-body-18\" class=\"sc-136cd478-0 ekTCfV\" readability=\"35\">\n<p><strong>-El a\u00f1o pasado te toc\u00f3 dirigir a Armenio y a Acassuso, casualmente los dos finalistas de la categor\u00eda, \u00bfte genera orgullo eso?<\/strong><\/p>\n<\/div>\n<div id=\"element-body-19\" class=\"sc-136cd478-0 ekTCfV\" readability=\"40\">\n<p>-La verdad que s\u00ed, porque nosotros lo armamos \u00edntegramente a Armenio y nos tuvimos que ir por causas que fueron extrafutbol\u00edsticas, pero la verdad que me pone contento que ellos tambi\u00e9n hayan llegado a esa final. Cuando nosotros asumimos en Acassuso, el equipo ya estaba dentro del Reducido, lo mantuvimos y tuvimos la chance de poder jugar la final contra Armenio y poder ganarla. Lo ven\u00edamos buscando porque se nos hab\u00eda negado en otras oportunidades, pero lo importante es que llegamos al objetivo final.<\/p>\n<\/div>\n<div id=\"element-body-20\" class=\"sc-136cd478-0 ekTCfV\" readability=\"32\">\n<p><strong>-\u00bfCre\u00e9s que hay una impaciencia que no deja los procesos fluir?<\/strong><\/p>\n<\/div>\n<div id=\"element-body-21\" class=\"sc-136cd478-0 ekTCfV\" readability=\"36\">\n<p>-Hoy es todo resultado. El entrenador depende siempre de eso y no tanto del proyecto. Es lo que pasa en el d\u00eda a d\u00eda. Todos los s\u00e1bados o domingos ten\u00e9s una prueba de 90 minutos que ten\u00e9s que superarla para poder estar tranquilo, pero cuando uno hace bien las cosas los resultados est\u00e1n y esperamos seguir por esta senda.<\/p>\n<\/div>\n<div id=\"element-body-22\" class=\"sc-136cd478-0 ekTCfV\" readability=\"33\">\n<p><strong>-Con estos resultados que vienen sacando, \u00bfqu\u00e9 te dice la CD?<\/strong><\/p>\n<\/div>\n<div id=\"element-body-23\" class=\"sc-136cd478-0 ekTCfV\" readability=\"36\">\n<p>-Ellos han depositado plena confianza en m\u00ed desde el momento que yo llegu\u00e9 y ahora sigue todo igual. Nos sentimos muy a gusto trabajando, nos dan todo lo que hemos pedido, as\u00ed que la verdad que no podemos quejarnos.<\/p>\n<\/div>\n<div id=\"element-body-24\" class=\"sc-136cd478-0 ekTCfV\" readability=\"32\">\n<p><strong>-\u00bfTe queda alguna deuda pendiente como t\u00e9cnico?<\/strong><\/p>\n<\/div>\n<div id=\"element-body-25\" class=\"sc-136cd478-0 ekTCfV\" readability=\"42\">\n<p>-Hoy la verdad que no. Porque nosotros completamos lo que est\u00e1bamos buscando, que era ascender al Nacional. Obviamente que siempre uno tiene metas nuevas y en alg\u00fan momento ser\u00e1 ascender a Primera, pero lo m\u00e1s importante es que, por ahora, lo que nos hemos propuesto lo hemos conseguido. Llegar a la Liga Profesional es uno de los sue\u00f1os que todo entrenador quiere tener, y m\u00e1s cuando uno empieza en el Ascenso. Estar\u00eda muy lindo llegar ah\u00ed y es un sue\u00f1o que tenemos como cuerpo t\u00e9cnico y como equipo que, esperemos, en alg\u00fan momento se pueda completar.<\/p>\n<\/div>\n<div id=\"element-body-26\" class=\"sc-a7166897-0 eoLsBE\" readability=\"32.5\">\n<section readability=\"5\"><picture><img alt=\"El delicado momento econ\u00f3mico de Chaco for Ever: &quot;Nuestra realidad, hoy, es preocupante&quot;\" loading=\"lazy\" width=\"290\" height=\"290\" decoding=\"async\" data-nimg=\"1\" src=\"http:\/\/cordobadirecto.com\/wp-content\/uploads\/2026\/03\/lema-el-dt-del-equipo-sensacion-del-nacional-tenemos-que-mantener-los-pies-sobre-la-tierra-2.jpg\"><\/picture>\n<p><span>Mir\u00e1 tambi\u00e9n<\/span><\/p>\n<hr>\n<h3>El delicado momento econ\u00f3mico de Chaco for Ever: &#8220;Nuestra realidad, hoy, es preocupante&#8221;<\/h3>\n<\/p>\n<\/section>\n<\/div>\n<div id=\"element-body-27\" class=\"sc-a7166897-0 eoLsBE\" readability=\"31\">\n<section readability=\"2\"><picture><img alt=\"Se retira el Pulga Rodr\u00edguez y Col\u00f3n prepara su partido homenaje\" loading=\"lazy\" width=\"290\" height=\"290\" decoding=\"async\" data-nimg=\"1\" src=\"http:\/\/cordobadirecto.com\/wp-content\/uploads\/2026\/03\/lema-el-dt-del-equipo-sensacion-del-nacional-tenemos-que-mantener-los-pies-sobre-la-tierra-3.jpg\"><\/picture>\n<p><span>Mir\u00e1 tambi\u00e9n<\/span><\/p>\n<hr>\n<h3>Se retira el Pulga Rodr\u00edguez y Col\u00f3n prepara su partido homenaje<\/h3>\n<\/p>\n<\/section>\n<\/div>\n<div id=\"element-body-28\" class=\"sc-a7166897-0 eoLsBE\" readability=\"31\">\n<section readability=\"2\"><picture><img alt=\"El club de la Primera B que cambi\u00f3 de entrenador tras menos de un mes de competencia\" loading=\"lazy\" width=\"290\" height=\"290\" decoding=\"async\" data-nimg=\"1\" src=\"http:\/\/cordobadirecto.com\/wp-content\/uploads\/2026\/03\/lema-el-dt-del-equipo-sensacion-del-nacional-tenemos-que-mantener-los-pies-sobre-la-tierra-4.jpg\"><\/picture>\n<p><span>Mir\u00e1 tambi\u00e9n<\/span><\/p>\n<hr>\n<h3>El club de la Primera B que cambi\u00f3 de entrenador tras menos de un mes de competencia<\/h3>\n<\/p>\n<\/section>\n<\/div>\n<\/div>\n","protected":false},"excerpt":{"rendered":"<p>08\/03\/2026 19:20hs. El 2025 de Acassuso fue casi imposible de mejorar. Dos vueltas esperad\u00edsimas por todo el pueblo quemero. La primera se dio a principio de a\u00f1o. Fue en 2007 la \u00faltima vez que Ssuso hab\u00eda jugado un partido oficial en su cancha. Es que en ese a\u00f1o la hab\u00eda dejado de usar, luego de [&hellip;]<\/p>\n","protected":false},"author":1,"featured_media":189998,"comment_status":"closed","ping_status":"closed","sticky":false,"template":"","format":"standard","meta":[],"categories":[21],"tags":[],"_links":{"self":[{"href":"http:\/\/cordobadirecto.com\/index.php\/wp-json\/wp\/v2\/posts\/189997"}],"collection":[{"href":"http:\/\/cordobadirecto.com\/index.php\/wp-json\/wp\/v2\/posts"}],"about":[{"href":"http:\/\/cordobadirecto.com\/index.php\/wp-json\/wp\/v2\/types\/post"}],"author":[{"embeddable":true,"href":"http:\/\/cordobadirecto.com\/index.php\/wp-json\/wp\/v2\/users\/1"}],"replies":[{"embeddable":true,"href":"http:\/\/cordobadirecto.com\/index.php\/wp-json\/wp\/v2\/comments?post=189997"}],"version-history":[{"count":0,"href":"http:\/\/cordobadirecto.com\/index.php\/wp-json\/wp\/v2\/posts\/189997\/revisions"}],"wp:featuredmedia":[{"embeddable":true,"href":"http:\/\/cordobadirecto.com\/index.php\/wp-json\/wp\/v2\/media\/189998"}],"wp:attachment":[{"href":"http:\/\/cordobadirecto.com\/index.php\/wp-json\/wp\/v2\/media?parent=189997"}],"wp:term":[{"taxonomy":"category","embeddable":true,"href":"http:\/\/cordobadirecto.com\/index.php\/wp-json\/wp\/v2\/categories?post=189997"},{"taxonomy":"post_tag","embeddable":true,"href":"http:\/\/cordobadirecto.com\/index.php\/wp-json\/wp\/v2\/tags?post=189997"}],"curies":[{"name":"wp","href":"https:\/\/api.w.org\/{rel}","templated":true}]}}