{"id":190006,"date":"2026-03-09T10:42:39","date_gmt":"2026-03-09T10:42:39","guid":{"rendered":"https:\/\/estaciontrip.com.ar\/?p=11417"},"modified":"2026-03-09T10:42:39","modified_gmt":"2026-03-09T10:42:39","slug":"la-cumbre-se-suma-a-la-red-de-localidades-sede-de-eventos-de-cordoba","status":"publish","type":"post","link":"http:\/\/cordobadirecto.com\/index.php\/2026\/03\/09\/la-cumbre-se-suma-a-la-red-de-localidades-sede-de-eventos-de-cordoba\/","title":{"rendered":"La Cumbre se suma a la red de localidades sede de eventos de C\u00f3rdoba"},"content":{"rendered":"<p><em>Se enmarca en el segmento denominado MICE que abarca la organizaci\u00f3n de reuniones, congresos, ferias, exposiciones, grandes encuentros deportivos y musicales, entre otros.<\/em><\/p>\n<p>La localidad de La Cumbre se suma a los destinos de C\u00f3rdoba que ofrecen las condiciones necesarias de infraestructura y servicios tur\u00edsticos para ser sedes de grandes eventos como congresos, ferias, encuentros deportivos, entre otros.<\/p>\n<p>La incorporaci\u00f3n se formaliz\u00f3 mediante un convenio firmado entre el presidente de la Agencia C\u00f3rdoba Turismo, Dar\u00edo Capitani; y el intendente de La Cumbre, Pablo Alicio. En el documento se establece que la localidad del valle de Punilla, pasa a formar parte de la Red de Destinos Sede de Eventos de la provincia de C\u00f3rdoba, creada con el objeto de fortalecer el turismo de reuniones (MICE) y posicionar a los destinos que la conforman dentro del circuito provincial y nacional.<\/p>\n<p>Esta iniciativa, que cuenta con el acompa\u00f1amiento del C\u00f3rdoba Convention &amp; Visitors Bureau -que aporta su experiencia en captaci\u00f3n y gesti\u00f3n de eventos-, constituye un espacio de articulaci\u00f3n entre destinos que cuentan con infraestructura y capacidades para albergar eventos, congresos, ferias, encuentros deportivos y culturales.<\/p>\n<p>\u00abEs un orgullo enorme ser parte de esta red que promueve el trabajo colaborativo, el intercambio de informaci\u00f3n estrat\u00e9gica y la profesionalizaci\u00f3n de la gesti\u00f3n de eventos en cada localidad\u00bb, destac\u00f3 el intendente Alicio.<\/p>\n<figure class=\"wp-block-image size-large is-resized\"><a href=\"https:\/\/estaciontrip.com.ar\/wp-content\/uploads\/2026\/03\/Convenio-entre-Agencia-Cordoba-Turismo-y-La-Cumbre.jpg\"><img loading=\"lazy\" decoding=\"async\" width=\"1024\" height=\"768\" src=\"http:\/\/cordobadirecto.com\/wp-content\/uploads\/2026\/03\/la-cumbre-se-suma-a-la-red-de-localidades-sede-de-eventos-de-cordoba.jpg\" alt class=\"wp-image-11418\" srcset=\"http:\/\/cordobadirecto.com\/wp-content\/uploads\/2026\/03\/la-cumbre-se-suma-a-la-red-de-localidades-sede-de-eventos-de-cordoba.jpg 1024w, http:\/\/cordobadirecto.com\/wp-content\/uploads\/2026\/03\/la-cumbre-se-suma-a-la-red-de-localidades-sede-de-eventos-de-cordoba-1.jpg 300w, http:\/\/cordobadirecto.com\/wp-content\/uploads\/2026\/03\/la-cumbre-se-suma-a-la-red-de-localidades-sede-de-eventos-de-cordoba-2.jpg 768w, http:\/\/cordobadirecto.com\/wp-content\/uploads\/2026\/03\/la-cumbre-se-suma-a-la-red-de-localidades-sede-de-eventos-de-cordoba-3.jpg 1080w\" sizes=\"(max-width: 1024px) 100vw, 1024px\"><\/a><\/figure>\n","protected":false},"excerpt":{"rendered":"<p>Se enmarca en el segmento denominado MICE que abarca la organizaci\u00f3n de reuniones, congresos, ferias, exposiciones, grandes encuentros deportivos y musicales, entre otros. La localidad de La Cumbre se suma a los destinos de C\u00f3rdoba que ofrecen las condiciones necesarias de infraestructura y servicios tur\u00edsticos para ser sedes de grandes eventos como congresos, ferias, encuentros [&hellip;]<\/p>\n","protected":false},"author":1,"featured_media":190007,"comment_status":"closed","ping_status":"closed","sticky":false,"template":"","format":"standard","meta":[],"categories":[22],"tags":[],"_links":{"self":[{"href":"http:\/\/cordobadirecto.com\/index.php\/wp-json\/wp\/v2\/posts\/190006"}],"collection":[{"href":"http:\/\/cordobadirecto.com\/index.php\/wp-json\/wp\/v2\/posts"}],"about":[{"href":"http:\/\/cordobadirecto.com\/index.php\/wp-json\/wp\/v2\/types\/post"}],"author":[{"embeddable":true,"href":"http:\/\/cordobadirecto.com\/index.php\/wp-json\/wp\/v2\/users\/1"}],"replies":[{"embeddable":true,"href":"http:\/\/cordobadirecto.com\/index.php\/wp-json\/wp\/v2\/comments?post=190006"}],"version-history":[{"count":0,"href":"http:\/\/cordobadirecto.com\/index.php\/wp-json\/wp\/v2\/posts\/190006\/revisions"}],"wp:featuredmedia":[{"embeddable":true,"href":"http:\/\/cordobadirecto.com\/index.php\/wp-json\/wp\/v2\/media\/190007"}],"wp:attachment":[{"href":"http:\/\/cordobadirecto.com\/index.php\/wp-json\/wp\/v2\/media?parent=190006"}],"wp:term":[{"taxonomy":"category","embeddable":true,"href":"http:\/\/cordobadirecto.com\/index.php\/wp-json\/wp\/v2\/categories?post=190006"},{"taxonomy":"post_tag","embeddable":true,"href":"http:\/\/cordobadirecto.com\/index.php\/wp-json\/wp\/v2\/tags?post=190006"}],"curies":[{"name":"wp","href":"https:\/\/api.w.org\/{rel}","templated":true}]}}