{"id":190128,"date":"2026-03-10T03:21:50","date_gmt":"2026-03-10T03:21:50","guid":{"rendered":"https:\/\/cordobadirecto.com\/index.php\/2026\/03\/10\/la-provincia-presento-una-nueva-oferta-salarial-y-uepc-suspendio-el-paro-docente-del-miercoles\/"},"modified":"2026-03-10T03:21:50","modified_gmt":"2026-03-10T03:21:50","slug":"la-provincia-presento-una-nueva-oferta-salarial-y-uepc-suspendio-el-paro-docente-del-miercoles","status":"publish","type":"post","link":"http:\/\/cordobadirecto.com\/index.php\/2026\/03\/10\/la-provincia-presento-una-nueva-oferta-salarial-y-uepc-suspendio-el-paro-docente-del-miercoles\/","title":{"rendered":"La Provincia present\u00f3 una <b>nueva<\/b> oferta salarial y Uepc suspendi\u00f3 el paro docente del mi\u00e9rcoles"},"content":{"rendered":"<p>La Uni\u00f3n de Educadores de la Provincia de <b>C\u00f3rdoba<\/b> (UEPC) decidi\u00f3 suspender el paro de 24 horas que hab\u00eda sido anunciada para el mi\u00e9rcoles 11 de marzo. <\/p>\n","protected":false},"excerpt":{"rendered":"<p>La Uni\u00f3n de Educadores de la Provincia de C\u00f3rdoba (UEPC) decidi\u00f3 suspender el paro de 24 horas que hab\u00eda sido anunciada para el mi\u00e9rcoles 11 de marzo.<\/p>\n","protected":false},"author":1,"featured_media":0,"comment_status":"closed","ping_status":"closed","sticky":false,"template":"","format":"standard","meta":[],"categories":[40],"tags":[],"_links":{"self":[{"href":"http:\/\/cordobadirecto.com\/index.php\/wp-json\/wp\/v2\/posts\/190128"}],"collection":[{"href":"http:\/\/cordobadirecto.com\/index.php\/wp-json\/wp\/v2\/posts"}],"about":[{"href":"http:\/\/cordobadirecto.com\/index.php\/wp-json\/wp\/v2\/types\/post"}],"author":[{"embeddable":true,"href":"http:\/\/cordobadirecto.com\/index.php\/wp-json\/wp\/v2\/users\/1"}],"replies":[{"embeddable":true,"href":"http:\/\/cordobadirecto.com\/index.php\/wp-json\/wp\/v2\/comments?post=190128"}],"version-history":[{"count":0,"href":"http:\/\/cordobadirecto.com\/index.php\/wp-json\/wp\/v2\/posts\/190128\/revisions"}],"wp:attachment":[{"href":"http:\/\/cordobadirecto.com\/index.php\/wp-json\/wp\/v2\/media?parent=190128"}],"wp:term":[{"taxonomy":"category","embeddable":true,"href":"http:\/\/cordobadirecto.com\/index.php\/wp-json\/wp\/v2\/categories?post=190128"},{"taxonomy":"post_tag","embeddable":true,"href":"http:\/\/cordobadirecto.com\/index.php\/wp-json\/wp\/v2\/tags?post=190128"}],"curies":[{"name":"wp","href":"https:\/\/api.w.org\/{rel}","templated":true}]}}