{"id":190212,"date":"2026-03-10T23:36:20","date_gmt":"2026-03-10T23:36:20","guid":{"rendered":"https:\/\/www.ole.com.ar\/autos\/tc2000-carrera-callejero-primera-fecha_0_b1gs2MrkbT.html"},"modified":"2026-03-10T23:36:20","modified_gmt":"2026-03-10T23:36:20","slug":"el-tc2000-vuelve-a-correr-en-un-circuito-callejero-en-buenos-aires","status":"publish","type":"post","link":"http:\/\/cordobadirecto.com\/index.php\/2026\/03\/10\/el-tc2000-vuelve-a-correr-en-un-circuito-callejero-en-buenos-aires\/","title":{"rendered":"El TC2000 vuelve a correr en un circuito callejero en Buenos Aires"},"content":{"rendered":"<p><time class=\"createDate\" datetime=\"2026-03-10T20:36:20-03:00\">10\/03\/2026 20:36hs.<\/time><\/p>\n<div id=\"storyBody\">\n<div id=\"element-body-0\" class=\"sc-136cd478-0 ekTCfV\" readability=\"36.279220779221\">\n<p>El sur de Buenos Aires se prepara para vivir un fin de semana diferente con la llegada del <strong>Callejero de Buenos Aires<\/strong> del <strong><a href=\"https:\/\/www.ole.com.ar\/tema\/stc2000.html\" title=\"STC2000\" alt=\"STC2000\" class=\"slug\">TC2000<\/a><\/strong>. El evento se realizar\u00e1 el <strong>14 y 15 de marzo en la zona del Parque de la Ciudad<\/strong> y reunir\u00e1 automovilismo, shows en vivo, gastronom\u00eda y actividades recreativas en un mismo espacio.<\/p>\n<\/div>\n<div id=\"element-body-1\" class=\"sc-136cd478-0 ekTCfV\" readability=\"39\">\n<p>Durante dos d\u00edas, miles de vecinos podr\u00e1n acercarse para ver de cerca a los autos de la categor\u00eda en plena competencia y disfrutar de distintas propuestas pensadas para todas las edades. Habr\u00e1 un patio de comidas con foodtrucks, un jard\u00edn cervecero, puestos de merchandising, juegos para chicos y una exhibici\u00f3n de autos cl\u00e1sicos.<\/p>\n<\/div>\n<div id=\"element-body-2\" class=\"sc-136cd478-0 ekTCfV\" readability=\"37\">\n<p><strong>\u201cVa a ser una fiesta del automovilismo, no solamente una carrera, sino un festival para que la gente lo disfrute\u201d, <\/strong>explic\u00f3 el secretario de Deportes de la Ciudad, Fabi\u00e1n Turnes.<\/p>\n<\/div>\n<div id=\"element-body-3\" class=\"sc-136cd478-0 ekTCfV\" readability=\"34\">\n<p>El evento <strong>contar\u00e1 adem\u00e1s con un sector VIP<\/strong> y <strong>una fan zone<\/strong> con diferentes actividades. El paddock y los boxes estar\u00e1n dentro del Parque de la Ciudad y habr\u00e1 estacionamientos junto a los ingresos generales y para el VIP. Las entradas se pueden comprar en ticketek.com.ar y en tc2000.com.ar.<\/p>\n<\/div>\n<div class=\"sc-e7b891c4-0 ifHnQL image-embed\" id=\"element-body-4\"><img alt=\"La Chevrolet Tracker que acelerar\u00e1 en el Callejero de Buenos Aires por el TC2000. (Prensa TC2000)\" loading=\"lazy\" width=\"720\" height=\"100\" decoding=\"async\" data-nimg=\"1\" src=\"http:\/\/cordobadirecto.com\/wp-content\/uploads\/2026\/03\/el-tc2000-vuelve-a-correr-en-un-circuito-callejero-en-buenos-aires.jpg\"><span class=\"epigraphe\">La Chevrolet Tracker que acelerar\u00e1 en el Callejero de Buenos Aires por el TC2000. (Prensa TC2000)<\/span><\/div>\n<p><h2><strong>El regreso del TC2000 a un circuito urbano<\/strong><\/h2>\n<\/p>\n<div id=\"element-body-6\" class=\"sc-136cd478-0 ekTCfV\" readability=\"34\">\n<p>La competencia <strong>marcar\u00e1 el inicio de la temporada del Campeonato de TC2000 YPF Energ\u00eda Argentina<\/strong> y tendr\u00e1 un acontecimiento especial: <strong>el regreso de la categor\u00eda a un circuito urbano porte\u00f1o despu\u00e9s de 13 a\u00f1os<\/strong>.<\/p>\n<\/div>\n<div id=\"element-body-7\" class=\"sc-136cd478-0 ekTCfV\" readability=\"38\">\n<p><strong>El circuito tiene una extensi\u00f3n de 2.509 metros y recorrer\u00e1 las avenidas General Roca y Escalada, <\/strong>adem\u00e1s de un sector del Parque de la Ciudad. Contar\u00e1 con \u00e1reas especialmente dise\u00f1adas para que la gente disfrute m\u00e1s all\u00e1 de la carrera. En la recta principal, ubicada sobre la avenida Roca y con 952 metros de longitud, los autos podr\u00edan alcanzar velocidades cercanas a los 250 kil\u00f3metros por hora.<\/p>\n<\/div>\n<div id=\"element-body-8\" class=\"sc-136cd478-0 ekTCfV\" readability=\"35.107438016529\">\n<p>Este es el <strong>comienzo de un ambicioso calendario con vistas a 2027<\/strong>, cuando <strong>Buenos Aires ser\u00e1 Capital Mundial del Deporte<\/strong> con el regreso confirmado del <strong><a href=\"https:\/\/www.ole.com.ar\/tema\/motogp.html\" title=\"MotoGP\" alt=\"MotoGP\" class=\"slug\">MotoGP<\/a><\/strong> al aut\u00f3dromo Oscar y Juan G\u00e1lvez despu\u00e9s de 28 a\u00f1os, entre otros grandes eventos.<\/p>\n<\/div>\n<div id=\"element-body-9\" class=\"sc-136cd478-0 ekTCfV\" readability=\"36.329710144928\">\n<p>E <strong>l Aut\u00f3dromo hoy est\u00e1 en un proceso de remodelaci\u00f3n<\/strong>, no se puede usar y por eso se corre en el circuito callejero. En enero comenzaron los trabajos, que tambi\u00e9n <strong>apuntan a recibir una fecha del campeonato de <a href=\"https:\/\/www.ole.com.ar\/tema\/formula-1.html\" title=\"F\u00f3rmula 1\" alt=\"F\u00f3rmula 1\" class=\"slug\">F\u00f3rmula 1<\/a><\/strong> para la Argentina. Las obras para ajustarlo a los est\u00e1ndares internacionales y transformarlo en uno de los m\u00e1s modernos de la regi\u00f3n son un hito en el marco de las m\u00faltiples acciones que la Ciudad viene desplegando como parte del compromiso de la gesti\u00f3n de Jorge Macri para revitalizar y seguir dando impulso a la zona sur.<\/p>\n<\/div>\n<div class=\"sc-e7b891c4-0 ifHnQL image-embed\" id=\"element-body-10\"><img alt=\"El TC2000 Callejero\" loading=\"lazy\" width=\"720\" height=\"100\" decoding=\"async\" data-nimg=\"1\" src=\"http:\/\/cordobadirecto.com\/wp-content\/uploads\/2026\/03\/el-tc2000-vuelve-a-correr-en-un-circuito-callejero-en-buenos-aires-1.jpg\"><span class=\"epigraphe\">El TC2000 Callejero<\/span><\/div>\n<p><h2><strong>Todo lo que se podr\u00e1 hacer en el Callejero del TC2000<\/strong><\/h2>\n<\/p>\n<div id=\"element-body-12\" class=\"sc-136cd478-0 ekTCfV\" readability=\"37\">\n<p>Adem\u00e1s de la carrera, el evento contar\u00e1 con distintas propuestas para el p\u00fablico. En el domo del Gobierno de la Ciudad se presentar\u00e1 una muestra interactiva sobre la historia del Aut\u00f3dromo G\u00e1lvez, donde tambi\u00e9n se entregar\u00e1n fragmentos de una antigua tribuna como recuerdo para los fan\u00e1ticos.<\/p>\n<\/div>\n<div id=\"element-body-13\" class=\"sc-136cd478-0 ekTCfV\" readability=\"35\">\n<p>La fan zone tendr\u00e1 simuladores de conducci\u00f3n de alta precisi\u00f3n y estaciones de manejo con butacas cockpit, adem\u00e1s de dos simuladores de F\u00f3rmula 1. Tambi\u00e9n se exhibir\u00e1 una r\u00e9plica del hist\u00f3rico auto de Juan Manuel Fangio conocido como la \u201cFlecha de Plata\u201d.<\/p>\n<\/div>\n<div id=\"element-body-14\" class=\"sc-136cd478-0 ekTCfV\" readability=\"34\">\n<p>El sector gastron\u00f3mico incluir\u00e1 un espacio con foodtrucks y un jard\u00edn cervecero. Las automotrices tambi\u00e9n tendr\u00e1n sus stands con simuladores y veh\u00edculos de su portfolio. Y en el espacio de Autos Cl\u00e1sicos los distintos clubes exhibir\u00e1n veh\u00edculos antiguos y modelos<\/p>\n<\/div>\n<div id=\"element-body-15\" class=\"sc-136cd478-0 ekTCfV\" readability=\"37\">\n<p>El mundo de las motos estar\u00e1 bien presente: se exhibir\u00e1n motos de cross y el grupo de polic\u00edas motorizados Brigada Blanca brindar\u00e1 un show de acrobacias. Habr\u00e1 adem\u00e1s una colecci\u00f3n de objetos hist\u00f3ricos del TC2000, incluyendo trofeos, cascos y buzos. Y en el Espacio Artista un grupo de pintores intervendr\u00e1 un pared\u00f3n de chapa en vivo junto con una galer\u00eda de obras inspiradas en el mundo del automovilismo.<\/p>\n<\/div>\n<div id=\"element-body-16\" class=\"sc-136cd478-0 ekTCfV\" readability=\"36\">\n<p>Para los m\u00e1s chicos habr\u00e1 actividades espec\u00edficas, con inflables, camas el\u00e1sticas, un domo de dibujo y un circuito de karting a pedal. <\/p>\n<\/div>\n<\/div>\n","protected":false},"excerpt":{"rendered":"<p>10\/03\/2026 20:36hs. El sur de Buenos Aires se prepara para vivir un fin de semana diferente con la llegada del Callejero de Buenos Aires del TC2000. El evento se realizar\u00e1 el 14 y 15 de marzo en la zona del Parque de la Ciudad y reunir\u00e1 automovilismo, shows en vivo, gastronom\u00eda y actividades recreativas en [&hellip;]<\/p>\n","protected":false},"author":1,"featured_media":190213,"comment_status":"closed","ping_status":"closed","sticky":false,"template":"","format":"standard","meta":[],"categories":[21],"tags":[],"_links":{"self":[{"href":"http:\/\/cordobadirecto.com\/index.php\/wp-json\/wp\/v2\/posts\/190212"}],"collection":[{"href":"http:\/\/cordobadirecto.com\/index.php\/wp-json\/wp\/v2\/posts"}],"about":[{"href":"http:\/\/cordobadirecto.com\/index.php\/wp-json\/wp\/v2\/types\/post"}],"author":[{"embeddable":true,"href":"http:\/\/cordobadirecto.com\/index.php\/wp-json\/wp\/v2\/users\/1"}],"replies":[{"embeddable":true,"href":"http:\/\/cordobadirecto.com\/index.php\/wp-json\/wp\/v2\/comments?post=190212"}],"version-history":[{"count":0,"href":"http:\/\/cordobadirecto.com\/index.php\/wp-json\/wp\/v2\/posts\/190212\/revisions"}],"wp:featuredmedia":[{"embeddable":true,"href":"http:\/\/cordobadirecto.com\/index.php\/wp-json\/wp\/v2\/media\/190213"}],"wp:attachment":[{"href":"http:\/\/cordobadirecto.com\/index.php\/wp-json\/wp\/v2\/media?parent=190212"}],"wp:term":[{"taxonomy":"category","embeddable":true,"href":"http:\/\/cordobadirecto.com\/index.php\/wp-json\/wp\/v2\/categories?post=190212"},{"taxonomy":"post_tag","embeddable":true,"href":"http:\/\/cordobadirecto.com\/index.php\/wp-json\/wp\/v2\/tags?post=190212"}],"curies":[{"name":"wp","href":"https:\/\/api.w.org\/{rel}","templated":true}]}}