{"id":190214,"date":"2026-03-10T23:15:08","date_gmt":"2026-03-10T23:15:08","guid":{"rendered":"https:\/\/www.ole.com.ar\/autos\/tc2000-callejero-buenos-aires-mapa-actividades-saber_0_CpFEOs6150.html"},"modified":"2026-03-10T23:15:08","modified_gmt":"2026-03-10T23:15:08","slug":"tc2000-en-el-callejero-de-buenos-aires-mapa-actividades-y-todo-lo-que-hay-que-saber","status":"publish","type":"post","link":"http:\/\/cordobadirecto.com\/index.php\/2026\/03\/10\/tc2000-en-el-callejero-de-buenos-aires-mapa-actividades-y-todo-lo-que-hay-que-saber\/","title":{"rendered":"TC2000 en el Callejero de Buenos Aires: mapa, actividades y todo lo que hay que saber"},"content":{"rendered":"<p><time class=\"createDate\" datetime=\"2026-03-10T20:15:08-03:00\">10\/03\/2026 20:15hs.<\/time><\/p>\n<div id=\"storyBody\">\n<div id=\"element-body-0\" class=\"sc-136cd478-0 ekTCfV\" readability=\"35\">\n<p><strong>El sur de Buenos Aires se prepara para vivir un fin de semana diferente. <\/strong>Este 14 y 15 de marzo, el Callejero de Buenos Aires del TC2000 convertir\u00e1 a la zona del Parque de la Ciudad en un gran festival al aire libre donde el automovilismo ser\u00e1 solo una parte de la experiencia.<\/p>\n<\/div>\n<div id=\"element-body-1\" class=\"sc-136cd478-0 ekTCfV\" readability=\"37\">\n<p>Durante dos d\u00edas, miles de vecinos podr\u00e1n acercarse para disfrutar de autos de carrera a toda velocidad en una de las competencias m\u00e1s convocantes del automovilismo, <strong>shows en vivo, gastronom\u00eda y actividades para toda la familia.<\/strong><\/p>\n<\/div>\n<div id=\"element-body-2\" class=\"sc-136cd478-0 ekTCfV\" readability=\"36\">\n<p>Habr\u00e1 un patio de comidas con foodtrucks, un jard\u00edn cervecero, tiendas de merchandising, inflables y juegos para chicos y <strong>una exhibici\u00f3n de autos cl\u00e1sicos para los m\u00e1s fierreros.<\/strong><\/p>\n<\/div>\n<div class=\"sc-e7b891c4-0 ifHnQL image-embed\" id=\"element-body-3\"><img alt=\"As\u00ed es el callejero en el que correr\u00e1 el TC2000.\" loading=\"lazy\" width=\"720\" height=\"100\" decoding=\"async\" data-nimg=\"1\" src=\"http:\/\/cordobadirecto.com\/wp-content\/uploads\/2026\/03\/tc2000-en-el-callejero-de-buenos-aires-mapa-actividades-y-todo-lo-que-hay-que-saber.jpg\"><span class=\"epigraphe\">As\u00ed es el callejero en el que correr\u00e1 el TC2000.<\/span><\/div>\n<div id=\"element-body-4\" class=\"sc-136cd478-0 ekTCfV\" readability=\"39\">\n<p><strong>\u201cVa a ser una fiesta del automovilismo, no solamente una carrera, sino un festival para que la gente lo disfrute\u201d<\/strong>, cont\u00f3 el secretario de Deportes porte\u00f1o, Fabi\u00e1n Turnes. El evento tendr\u00e1 un sector VIP y un Fan Zone con propuestas recreativas para recibir a miles de personas. El paddock y los boxes estar\u00e1n dentro del Parque de la Ciudad y habr\u00e1 estacionamientos junto a los ingresos generales y para el VIP. <strong> Las entradas se pueden comprar en ticketek.com.ar y en tc2000.com.ar.<\/strong><\/p>\n<\/div>\n<div id=\"element-body-5\" class=\"sc-136cd478-0 ekTCfV\" readability=\"40\">\n<p>El circuito tiene 2.509 metros a lo largo de las avenidas General Roca y Escalada y un sector del Parque de la Ciudad. Contar\u00e1 con \u00e1reas especialmente dise\u00f1adas para que la gente disfrute m\u00e1s all\u00e1 de la carrera, <strong>en la que los autos podr\u00edan alcanzar los 250 kil\u00f3metros por hora en la recta principal, de 952 metros, sobre la avenida Roca.<\/strong> Son 10 cuadras pensadas para que todos los vecinos puedan acercarse y ver, de manera gratuita, las m\u00e1quinas a toda velocidad.<\/p>\n<\/div>\n<p><h2>El TC2000 volver\u00e1 a las calles de Buenos Aires<\/h2>\n<\/p>\n<div id=\"element-body-7\" class=\"sc-136cd478-0 ekTCfV\" readability=\"34\">\n<p>La carrera marcar\u00e1 el inicio de la temporada del Campeonato de TC2000 YPF Energ\u00eda Argentina y tendr\u00e1 un condimento especial: <strong>ser\u00e1 el regreso de la categor\u00eda a un circuito urbano porte\u00f1o despu\u00e9s de 13 a\u00f1os.<\/strong><\/p>\n<\/div>\n<div id=\"element-body-8\" class=\"sc-136cd478-0 ekTCfV\" readability=\"36\">\n<p>Este es el comienzo de un ambicioso calendario con vistas a 2027, cuando Buenos Aires ser\u00e1 Capital Mundial del Deporte con <strong>el regreso confirmado del MotoGP al aut\u00f3dromo Oscar y Juan G\u00e1lvez despu\u00e9s de 28 a\u00f1os<\/strong>, entre otros grandes eventos.<\/p>\n<\/div>\n<div id=\"element-body-9\" class=\"sc-136cd478-0 ekTCfV\" readability=\"37\">\n<p>El Aut\u00f3dromo hoy est\u00e1 en un proceso de remodelaci\u00f3n, no se puede usar y por eso se corre en el circuito callejero. <strong>En enero comenzaron los trabajos, que tambi\u00e9n apuntan a recibir una fecha del campeonato de F\u00f3rmula 1 para la Argentina.<\/strong> Las obras para ajustarlo a los est\u00e1ndares internacionales y transformarlo en uno de los m\u00e1s modernos de la regi\u00f3n son un hito en el marco de las m\u00faltiples acciones que la Ciudad viene desplegando como parte del compromiso de la gesti\u00f3n de Jorge Macri para revitalizar y seguir dando impulso a la zona sur.<\/p>\n<\/div>\n<div id=\"element-body-10\" class=\"sc-136cd478-0 ekTCfV\" readability=\"35\">\n<p>Mientras tanto, este fin de semana el sur porte\u00f1o ser\u00e1 el escenario donde <strong>la velocidad, la m\u00fasica y la gastronom\u00eda<\/strong> ofrecer\u00e1n una experiencia \u00fanica para vecinos y visitantes.<\/p>\n<\/div>\n<div class=\"sc-e7b891c4-0 ifHnQL image-embed\" id=\"element-body-11\"><img alt=\"La Chevrolet Tracker que acelerar\u00e1 en el Callejero de Buenos Aires por el TC2000. (Prensa TC2000)\" loading=\"lazy\" width=\"720\" height=\"100\" decoding=\"async\" data-nimg=\"1\" src=\"http:\/\/cordobadirecto.com\/wp-content\/uploads\/2026\/03\/tc2000-en-el-callejero-de-buenos-aires-mapa-actividades-y-todo-lo-que-hay-que-saber-1.jpg\"><span class=\"epigraphe\">La Chevrolet Tracker que acelerar\u00e1 en el Callejero de Buenos Aires por el TC2000. (Prensa TC2000)<\/span><\/div>\n<p><h2>Todo lo que se podr\u00e1 hacer en el Callejero del TC2000<\/h2>\n<\/p>\n<div id=\"element-body-13\" class=\"sc-136cd478-0 ekTCfV\" readability=\"69\">\n<p>\u25aa\ufe0fEn el domo del Gobierno de la Ciudad se podr\u00e1 apreciar la historia del Aut\u00f3dromo G\u00e1lvez a trav\u00e9s de muestras interactivas y se entregar\u00e1n fragmentos de una tribuna del como recordatorio para los fan\u00e1ticos.<\/p>\n<p>\u25aa\ufe0fEn varios stands de la fan zone se podr\u00e1n disputar carreras en simuladores de alta precisi\u00f3n, con estaciones de manejo, pantallas y butacas cockpit.<\/p>\n<p>\u25aa\ufe0fHabr\u00e1 tambi\u00e9n dos simuladores de F1 y se exhibir\u00e1 una r\u00e9plica del hist\u00f3rico auto de Juan Manuel Fangio, el &#8220;Flecha de Plata&#8221;.<\/p>\n<p>\u25aa\ufe0fTambi\u00e9n se podr\u00e1 participar de una competencia de reflejos y conducci\u00f3n virtual para mayores de 18.<\/p>\n<p>\u25aa\ufe0fEl sector gastron\u00f3mico tendr\u00e1 un espacio para sentarse y disfrutar de un momento de descanso dentro del evento. Habr\u00e1 un jard\u00edn cervecero.<\/p>\n<p>\u25aa\ufe0fLas automotrices tambi\u00e9n tendr\u00e1n sus stands con simuladores y veh\u00edculos de su portfolio. Y en el espacio de Autos Cl\u00e1sicos los distintos clubes exhibir\u00e1n veh\u00edculos antiguos y modelos hist\u00f3ricos que forman parte de la cultura y la pasi\u00f3n por el automovilismo.<\/p>\n<p>\u25aa\ufe0fEl mundo de las motos estar\u00e1 bien presente: se exhibir\u00e1n motos de cross y el grupo de polic\u00edas motorizados Brigada Blanca brindar\u00e1 un show de acrobacias.<\/p>\n<p>\u25aa\ufe0fHabr\u00e1 adem\u00e1s una colecci\u00f3n de objetos hist\u00f3ricos del TC2000, incluyendo trofeos, cascos y buzos.<\/p>\n<p>\u25aa\ufe0fY en el Espacio Artista un grupo de pintores intervendr\u00e1 un pared\u00f3n de chapa en vivo junto con una galer\u00eda de obras inspiradas en el mundo del automovilismo.<\/p>\n<p>\u25aa\ufe0fPara los chicos habr\u00e1 un domo de dibujo, inflables, camas el\u00e1sticas y un circuito de karting a pedal.<\/p>\n<\/div>\n<div id=\"element-body-14\" class=\"sc-a7166897-0 eoLsBE\" readability=\"31\">\n<section readability=\"2\"><picture><img alt=\"Por qu\u00e9 los pilotos est\u00e1n en contra de la nueva F\u00f3rmula 1\" loading=\"lazy\" width=\"290\" height=\"290\" decoding=\"async\" data-nimg=\"1\" src=\"http:\/\/cordobadirecto.com\/wp-content\/uploads\/2026\/03\/tc2000-en-el-callejero-de-buenos-aires-mapa-actividades-y-todo-lo-que-hay-que-saber-2.jpg\"><\/picture>\n<p><span>Mir\u00e1 tambi\u00e9n<\/span><\/p>\n<hr>\n<h3>Por qu\u00e9 los pilotos est\u00e1n en contra de la nueva F\u00f3rmula 1<\/h3>\n<\/p>\n<\/section>\n<\/div>\n<div id=\"element-body-15\" class=\"sc-a7166897-0 eoLsBE\" readability=\"31.5\">\n<section readability=\"3\"><picture><img alt=\"Franco Colapinto disfruta de China, donde le espera un desaf\u00edo in\u00e9dito\" loading=\"lazy\" width=\"290\" height=\"290\" decoding=\"async\" data-nimg=\"1\" src=\"http:\/\/cordobadirecto.com\/wp-content\/uploads\/2026\/03\/tc2000-en-el-callejero-de-buenos-aires-mapa-actividades-y-todo-lo-que-hay-que-saber-3.jpg\"><\/picture>\n<p><span>Mir\u00e1 tambi\u00e9n<\/span><\/p>\n<hr>\n<h3>Franco Colapinto disfruta de China, donde le espera un desaf\u00edo in\u00e9dito<\/h3>\n<\/p>\n<\/section>\n<\/div>\n<div id=\"element-body-16\" class=\"sc-a7166897-0 eoLsBE\" readability=\"31\">\n<section readability=\"2\"><picture><img alt=\"La IndyCar se burla de la F\u00f3rmula 1: &quot;Ac\u00e1 corremos&quot;\" loading=\"lazy\" width=\"290\" height=\"290\" decoding=\"async\" data-nimg=\"1\" src=\"http:\/\/cordobadirecto.com\/wp-content\/uploads\/2026\/03\/tc2000-en-el-callejero-de-buenos-aires-mapa-actividades-y-todo-lo-que-hay-que-saber-4.jpg\"><\/picture>\n<p><span>Mir\u00e1 tambi\u00e9n<\/span><\/p>\n<hr>\n<h3>La IndyCar se burla de la F\u00f3rmula 1: &#8220;Ac\u00e1 corremos&#8221;<\/h3>\n<\/p>\n<\/section>\n<\/div>\n<div id=\"element-body-17\" class=\"sc-a7166897-0 eoLsBE\" readability=\"31\">\n<section readability=\"2\"><picture><img alt=\"Colapinto fue el maestro de la velocidad: qu\u00e9 es esta distinci\u00f3n de la F\u00f3rmula 1\" loading=\"lazy\" width=\"290\" height=\"290\" decoding=\"async\" data-nimg=\"1\" src=\"http:\/\/cordobadirecto.com\/wp-content\/uploads\/2026\/03\/tc2000-en-el-callejero-de-buenos-aires-mapa-actividades-y-todo-lo-que-hay-que-saber-5.jpg\"><\/picture>\n<p><span>Mir\u00e1 tambi\u00e9n<\/span><\/p>\n<hr>\n<h3>Colapinto fue el maestro de la velocidad: qu\u00e9 es esta distinci\u00f3n de la F\u00f3rmula 1<\/h3>\n<\/p>\n<\/section>\n<\/div>\n<\/div>\n","protected":false},"excerpt":{"rendered":"<p>10\/03\/2026 20:15hs. El sur de Buenos Aires se prepara para vivir un fin de semana diferente. Este 14 y 15 de marzo, el Callejero de Buenos Aires del TC2000 convertir\u00e1 a la zona del Parque de la Ciudad en un gran festival al aire libre donde el automovilismo ser\u00e1 solo una parte de la experiencia. [&hellip;]<\/p>\n","protected":false},"author":1,"featured_media":190215,"comment_status":"closed","ping_status":"closed","sticky":false,"template":"","format":"standard","meta":[],"categories":[21],"tags":[],"_links":{"self":[{"href":"http:\/\/cordobadirecto.com\/index.php\/wp-json\/wp\/v2\/posts\/190214"}],"collection":[{"href":"http:\/\/cordobadirecto.com\/index.php\/wp-json\/wp\/v2\/posts"}],"about":[{"href":"http:\/\/cordobadirecto.com\/index.php\/wp-json\/wp\/v2\/types\/post"}],"author":[{"embeddable":true,"href":"http:\/\/cordobadirecto.com\/index.php\/wp-json\/wp\/v2\/users\/1"}],"replies":[{"embeddable":true,"href":"http:\/\/cordobadirecto.com\/index.php\/wp-json\/wp\/v2\/comments?post=190214"}],"version-history":[{"count":0,"href":"http:\/\/cordobadirecto.com\/index.php\/wp-json\/wp\/v2\/posts\/190214\/revisions"}],"wp:featuredmedia":[{"embeddable":true,"href":"http:\/\/cordobadirecto.com\/index.php\/wp-json\/wp\/v2\/media\/190215"}],"wp:attachment":[{"href":"http:\/\/cordobadirecto.com\/index.php\/wp-json\/wp\/v2\/media?parent=190214"}],"wp:term":[{"taxonomy":"category","embeddable":true,"href":"http:\/\/cordobadirecto.com\/index.php\/wp-json\/wp\/v2\/categories?post=190214"},{"taxonomy":"post_tag","embeddable":true,"href":"http:\/\/cordobadirecto.com\/index.php\/wp-json\/wp\/v2\/tags?post=190214"}],"curies":[{"name":"wp","href":"https:\/\/api.w.org\/{rel}","templated":true}]}}