{"id":190216,"date":"2026-03-11T02:33:22","date_gmt":"2026-03-11T02:33:22","guid":{"rendered":"https:\/\/www.ole.com.ar\/futbol-ascenso\/ascenso-primera-nacional-afa-godoy-cruz_0_JS6IzBchKG.html"},"modified":"2026-03-11T02:33:22","modified_gmt":"2026-03-11T02:33:22","slug":"mansur-y-el-desafio-de-mantener-la-calma-en-godoy-cruz-la-gente-tiene-que-apoyar","status":"publish","type":"post","link":"http:\/\/cordobadirecto.com\/index.php\/2026\/03\/11\/mansur-y-el-desafio-de-mantener-la-calma-en-godoy-cruz-la-gente-tiene-que-apoyar\/","title":{"rendered":"Mansur y el desaf\u00edo de mantener la calma en Godoy Cruz: &#8220;La gente tiene que apoyar&#8221;"},"content":{"rendered":"<p><time class=\"createDate\" datetime=\"2026-03-10T19:59:35-03:00\">10\/03\/2026 19:59hs.<\/time><\/p>\n<div id=\"storyBody\">\n<div id=\"element-body-0\" class=\"sc-136cd478-0 ekTCfV\" readability=\"33.028248587571\">\n<p>Semanas despu\u00e9s del empate de <a href=\"https:\/\/www.ole.com.ar\/tema\/godoy-cruz.html\" title=\"Godoy Cruz\" alt=\"Godoy Cruz\" class=\"slug\">Godoy Cruz<\/a> y <a href=\"https:\/\/www.ole.com.ar\/tema\/deportivo-madryn.html\" title=\"Deportivo Madryn\" alt=\"Deportivo Madryn\" class=\"slug\">Deportivo Madryn<\/a>, el clima todav\u00eda se siente en Mendoza. Los incidentes ocurridos en las tribunas del <strong>Feliciano Gambarte<\/strong> dejaron repercusiones y obligaron a la dirigencia del club a tomar postura. En ese contexto, el presidente <a href=\"https:\/\/www.ole.com.ar\/tema\/jose-mansur.html\" title=\"Jos\u00e9 Mansur\" alt=\"Jos\u00e9 Mansur\" class=\"slug\">Jos\u00e9 Mansur<\/a> decidi\u00f3 romper el silencio y referirse p\u00fablicamente a lo sucedido.<\/p>\n<\/div>\n<div id=\"element-body-1\" class=\"sc-136cd478-0 ekTCfV\" readability=\"32.272479564033\">\n<p>El dirigente habl\u00f3 a pocas horas de que el club presente un descargo ante el <a href=\"https:\/\/www.ole.com.ar\/tema\/tribunal-de-disciplina-afa.html\" title=\"Tribunal de Disciplina AFA\" alt=\"Tribunal de Disciplina AFA\" class=\"slug\">Tribunal de Disciplina de la AFA<\/a>. All\u00ed se analizar\u00e1n los hechos ocurridos en el estadio y se evaluar\u00e1 si corresponde aplicar una sanci\u00f3n. <a href=\"https:\/\/www.ole.com.ar\/tema\/jose-mansur.html\" title=\"Jos\u00e9 Mansur\" alt=\"Jos\u00e9 Mansur\" class=\"slug\">Mansur<\/a> reconoci\u00f3 que la situaci\u00f3n preocupa, especialmente porque los antecedentes disciplinarios del club podr\u00edan influir en la decisi\u00f3n final.<\/p>\n<\/div>\n<div id=\"element-body-2\" class=\"sc-136cd478-0 ekTCfV\" readability=\"35.644688644689\">\n<p>M\u00e1s all\u00e1 de esa incertidumbre, el mandatario busc\u00f3 dejar un mensaje directo a los hinchas. <strong>\u201cLa gente va a entender que para ver a un <a href=\"https:\/\/www.ole.com.ar\/tema\/godoy-cruz.html\" title=\"Godoy Cruz\" alt=\"Godoy Cruz\" class=\"slug\">Godoy Cruz<\/a> grande tiene que apoyar\u201d<\/strong>, expres\u00f3, marcando la importancia que tiene el respaldo del p\u00fablico en este momento del equipo.<\/p>\n<\/div>\n<p><h3>La importancia de las c\u00e1maras de la cancha <\/h3>\n<\/p>\n<div id=\"element-body-4\" class=\"sc-136cd478-0 ekTCfV\" readability=\"33.25\">\n<p>Uno de los puntos centrales de sus declaraciones estuvo relacionado con la identificaci\u00f3n de los hinchas involucrados en los disturbios. <strong><a href=\"https:\/\/www.ole.com.ar\/tema\/jose-mansur.html\" title=\"Jos\u00e9 Mansur\" alt=\"Jos\u00e9 Mansur\" class=\"slug\">Mansur<\/a> explic\u00f3 que el club cuenta con un sistema de vigilancia que permite registrar con precisi\u00f3n lo que ocurre dentro del estadio.<\/strong><\/p>\n<\/div>\n<div id=\"element-body-5\" class=\"sc-136cd478-0 ekTCfV\" readability=\"33.423423423423\">\n<p>Seg\u00fan detall\u00f3, <strong> <a href=\"https:\/\/www.ole.com.ar\/tema\/godoy-cruz.html\" title=\"Godoy Cruz\" alt=\"Godoy Cruz\" class=\"slug\">Godoy Cruz<\/a> posee un sistema de 64 c\u00e1maras distribuidas en distintos sectores del Gambarte<\/strong>. Esto permiti\u00f3 revisar lo sucedido durante el partido y <strong>detectar a varios de los protagonistas de los incidentes.<\/strong><\/p>\n<\/div>\n<div id=\"element-body-6\" class=\"sc-136cd478-0 ekTCfV\" readability=\"37.736111111111\">\n<p><strong>\u201cEs dif\u00edcil que lo que suceda en la cancha se te escape\u201d<\/strong>, asegur\u00f3 el presidente en di\u00e1logo con Nihuil. En ese sentido, adelant\u00f3 que varias personas ya fueron individualizadas y que deber\u00e1n afrontar las sanciones correspondientes seg\u00fan lo que hayan cometido. Adem\u00e1s, indic\u00f3 que algunos de esos casos ser\u00e1n derivados al programa <a href=\"https:\/\/www.ole.com.ar\/tema\/tribuna-segura.html\" title=\"Tribuna segura\" alt=\"Tribuna segura\" class=\"slug\">Tribuna Segura<\/a>, lo que podr\u00eda implicar restricciones para ingresar a estadios en el futuro.<\/p>\n<\/div>\n<div id=\"element-body-7\" class=\"sc-136cd478-0 ekTCfV\" readability=\"37\">\n<p>Sobre los insultos al plantel y pidi\u00f3 bajar la tensi\u00f3n en el estadio. Reconoci\u00f3 el enojo de los hinchas, pero remarc\u00f3 que las agresiones no ayudan al equipo y advirti\u00f3 que quienes excedan los l\u00edmites ser\u00e1n sancionados. Aclar\u00f3 <strong>que no se trata de una persecuci\u00f3n, sino de una medida para cuidar al resto de los socios y recuperar un clima positivo en el estadio. <\/strong><\/p>\n<\/div>\n<p><h3>Un an\u00e1lisis del presente del Tomba <\/h3>\n<\/p>\n<div id=\"element-body-9\" class=\"sc-136cd478-0 ekTCfV\" readability=\"36\">\n<p>M\u00e1s all\u00e1 del conflicto con los hinchas, el presidente tambi\u00e9n habl\u00f3 sobre la actualidad futbol\u00edstica, en particular, se refiri\u00f3 al trabajo que viene realizando el entrenador Mariano Toedtli.<\/p>\n<\/div>\n<div id=\"element-body-10\" class=\"sc-136cd478-0 ekTCfV\" readability=\"36\">\n<p>El dirigente reconoci\u00f3 que la pretemporada fue compleja, especialmente porque hubo futbolistas que evaluaban dejar el club y eso gener\u00f3 cierta incomodidad en el armado del plantel. \u201c <strong>Mucha gente se quer\u00eda ir y fue inc\u00f3modo c\u00f3mo se trabaj\u00f3\u201d<\/strong>, explic\u00f3.<\/p>\n<\/div>\n<div id=\"element-body-11\" class=\"sc-136cd478-0 ekTCfV\" readability=\"37\">\n<p>Tambi\u00e9n destac\u00f3 las caracter\u00edsticas del torneo que afronta el equipo, al que describi\u00f3 como una competencia dura, donde cada partido se juega con mucha intensidad y donde, adem\u00e1s, no hay VAR.<\/p>\n<\/div>\n<div class=\"sc-e7b891c4-0 ifHnQL image-embed\" id=\"element-body-12\"><img alt=\"Mariano Toedtli, se queda en Godoy Cruz. \" loading=\"lazy\" width=\"720\" height=\"100\" decoding=\"async\" data-nimg=\"1\" src=\"http:\/\/cordobadirecto.com\/wp-content\/uploads\/2026\/03\/mansur-y-el-desafio-de-mantener-la-calma-en-godoy-cruz-la-gente-tiene-que-apoyar.jpg\"><span class=\"epigraphe\">Mariano Toedtli, se queda en Godoy Cruz. <\/span><\/div>\n<div id=\"element-body-13\" class=\"sc-136cd478-0 ekTCfV\" readability=\"34\">\n<p>En medio de algunas versiones que indicaban lo contrario, <strong>Mansur confirm\u00f3 que Toedtli no present\u00f3 la renuncia tras el \u00faltimo partido.<\/strong><\/p>\n<\/div>\n<div id=\"element-body-14\" class=\"sc-a7166897-0 eoLsBE\" readability=\"31\">\n<section readability=\"2\"><picture><img alt=\"As\u00ed fue el primer partido de local del equipo de la familia Messi en la Primera C\" loading=\"lazy\" width=\"290\" height=\"290\" decoding=\"async\" data-nimg=\"1\" src=\"http:\/\/cordobadirecto.com\/wp-content\/uploads\/2026\/03\/mansur-y-el-desafio-de-mantener-la-calma-en-godoy-cruz-la-gente-tiene-que-apoyar-1.jpg\"><\/picture>\n<p><span>Mir\u00e1 tambi\u00e9n<\/span><\/p>\n<hr>\n<h3>As\u00ed fue el primer partido de local del equipo de la familia Messi en la Primera C<\/h3>\n<\/p>\n<\/section>\n<\/div>\n<div id=\"element-body-15\" class=\"sc-a7166897-0 eoLsBE\" readability=\"31.5\">\n<section readability=\"3\"><picture><img alt=\"Coleoni habl\u00f3 con Ol\u00e9 del buen momento de San Miguel: \u201cGanar en casa tiene m\u00edstica\u201d \" loading=\"lazy\" width=\"290\" height=\"290\" decoding=\"async\" data-nimg=\"1\" src=\"http:\/\/cordobadirecto.com\/wp-content\/uploads\/2026\/03\/mansur-y-el-desafio-de-mantener-la-calma-en-godoy-cruz-la-gente-tiene-que-apoyar-2.jpg\"><\/picture>\n<p><span>Mir\u00e1 tambi\u00e9n<\/span><\/p>\n<hr>\n<h3>Coleoni habl\u00f3 con Ol\u00e9 del buen momento de San Miguel: \u201cGanar en casa tiene m\u00edstica\u201d<br \/>\n<\/h3>\n<\/p>\n<\/section>\n<\/div>\n<div id=\"element-body-16\" class=\"sc-a7166897-0 eoLsBE\" readability=\"31.5\">\n<section readability=\"3\"><picture><img alt=\"De las 23 rojas en Cruzeiro - Atl\u00e9tico Mineiro al r\u00e9cord argentino: el d\u00eda de los 36 expulsados en un partido del Ascenso\" loading=\"lazy\" width=\"290\" height=\"290\" decoding=\"async\" data-nimg=\"1\" src=\"http:\/\/cordobadirecto.com\/wp-content\/uploads\/2026\/03\/mansur-y-el-desafio-de-mantener-la-calma-en-godoy-cruz-la-gente-tiene-que-apoyar-3.jpg\"><\/picture>\n<p><span>Mir\u00e1 tambi\u00e9n<\/span><\/p>\n<hr>\n<h3>De las 23 rojas en Cruzeiro &#8211; Atl\u00e9tico Mineiro al r\u00e9cord argentino: el d\u00eda de los 36 expulsados en un partido del Ascenso<\/h3>\n<\/p>\n<\/section>\n<\/div>\n<\/div>\n","protected":false},"excerpt":{"rendered":"<p>10\/03\/2026 19:59hs. Semanas despu\u00e9s del empate de Godoy Cruz y Deportivo Madryn, el clima todav\u00eda se siente en Mendoza. Los incidentes ocurridos en las tribunas del Feliciano Gambarte dejaron repercusiones y obligaron a la dirigencia del club a tomar postura. En ese contexto, el presidente Jos\u00e9 Mansur decidi\u00f3 romper el silencio y referirse p\u00fablicamente a [&hellip;]<\/p>\n","protected":false},"author":1,"featured_media":190217,"comment_status":"closed","ping_status":"closed","sticky":false,"template":"","format":"standard","meta":[],"categories":[21],"tags":[],"_links":{"self":[{"href":"http:\/\/cordobadirecto.com\/index.php\/wp-json\/wp\/v2\/posts\/190216"}],"collection":[{"href":"http:\/\/cordobadirecto.com\/index.php\/wp-json\/wp\/v2\/posts"}],"about":[{"href":"http:\/\/cordobadirecto.com\/index.php\/wp-json\/wp\/v2\/types\/post"}],"author":[{"embeddable":true,"href":"http:\/\/cordobadirecto.com\/index.php\/wp-json\/wp\/v2\/users\/1"}],"replies":[{"embeddable":true,"href":"http:\/\/cordobadirecto.com\/index.php\/wp-json\/wp\/v2\/comments?post=190216"}],"version-history":[{"count":0,"href":"http:\/\/cordobadirecto.com\/index.php\/wp-json\/wp\/v2\/posts\/190216\/revisions"}],"wp:featuredmedia":[{"embeddable":true,"href":"http:\/\/cordobadirecto.com\/index.php\/wp-json\/wp\/v2\/media\/190217"}],"wp:attachment":[{"href":"http:\/\/cordobadirecto.com\/index.php\/wp-json\/wp\/v2\/media?parent=190216"}],"wp:term":[{"taxonomy":"category","embeddable":true,"href":"http:\/\/cordobadirecto.com\/index.php\/wp-json\/wp\/v2\/categories?post=190216"},{"taxonomy":"post_tag","embeddable":true,"href":"http:\/\/cordobadirecto.com\/index.php\/wp-json\/wp\/v2\/tags?post=190216"}],"curies":[{"name":"wp","href":"https:\/\/api.w.org\/{rel}","templated":true}]}}