{"id":19035,"date":"2021-09-18T00:57:21","date_gmt":"2021-09-18T00:57:21","guid":{"rendered":"http:\/\/cordobadirecto.com\/index.php\/2021\/09\/18\/director-del-festival-de-san-sebastian-el-cine-argentino-siempre-tiene-una-fuerza-muy-grande\/"},"modified":"2021-09-18T00:57:21","modified_gmt":"2021-09-18T00:57:21","slug":"director-del-festival-de-san-sebastian-el-cine-argentino-siempre-tiene-una-fuerza-muy-grande","status":"publish","type":"post","link":"http:\/\/cordobadirecto.com\/index.php\/2021\/09\/18\/director-del-festival-de-san-sebastian-el-cine-argentino-siempre-tiene-una-fuerza-muy-grande\/","title":{"rendered":"Director del Festival de San Sebasti\u00e1n: &#8220;El cine argentino siempre tiene una fuerza muy grande&#8221;"},"content":{"rendered":"<div class=\"image\" id=\"image\" readability=\"7\"> <img src=\"http:\/\/cordobadirecto.com\/wp-content\/uploads\/2021\/09\/director-del-festival-de-san-sebastian-el-cine-argentino-siempre-tiene-una-fuerza-muy-grande.jpg\" alt=\"Luis Rebordinos. Foto: Prensa Festival\" title=\"Luis Rebordinos. Foto: Prensa Festival\"><\/p>\n<p>Luis Rebordinos. Foto: Prensa Festival<\/p>\n<\/div>\n<p>Con una gala en donde adem\u00e1s de proyectarse &#8220;Yi Miao Zhong&#8221; (&#8220;Un segundo&#8221;) de Zhang Yimou como pel\u00edcula de apertura se entregar\u00e1 del premio Donostia a la trayectoria a la actriz francesa Marion Cotillard, este viernes comienza de manera presencial la 69na. edici\u00f3n del Festival de San Sebasti\u00e1n, en el norte de Espa\u00f1a, que como en otros a\u00f1os, presenta una fuerte presencia argentina.<\/p>\n<p>&#8220;Camila saldr\u00e1 esta noche&#8221; (In\u00e9s Barrionuevo) en la Competencia Oficial, &#8220;Carajita&#8221; (Silvina Schnicer y Ulises Porra) y &#8220;Ese fin de semana&#8221; (Mara Pescio) en New Directors; &#8220;Jes\u00fas L\u00f3pez&#8221; (Maximiliano Schonfeld), &#8220;El empleado y el patr\u00f3n&#8221; (Manuel Nieto Zas), &#8220;Azor&#8221; (Andreas Fontana) y &#8220;Piedra noche&#8221; (Iv\u00e1n Fund) en Horizontes Latinos; y &#8220;Competencia Oficial&#8221; (Gast\u00f3n Duprat y Mariano Cohn) en Perlak, son algunas de las pel\u00edculas argentina que pueblan los diferentes apartados del festival, a las que se suman en las secciones paralelas &#8220;Vortex&#8221; de Gaspar No\u00e9 en Zabaltegi-Tabakalera y &#8220;Ob Scena&#8221; de Paloma Orlandini Castro, incluida en Nest, el espacio en donde los estudiantes de cine de todo el mundo compiten con sus cortos.<\/p>\n<p><strong>&#8220;El cine argentino siempre tiene una fuerza muy grande en San Sebasti\u00e1n&#8221; <\/strong>afirma sin dudar el presidente del festival, Jos\u00e9 Luis Rebordinos, en comunicaci\u00f3n con T\u00e9lam a horas del inicio del certamen.<\/p>\n<p>Lo cierto es que la participaci\u00f3n nacional en el festival donostiarra es la oportunidad de medirse con t\u00edtulos y autores de todo el mundo, en donde conviven ecl\u00e9ticamente el maistream, las tendencias cinematogr\u00e1ficas m\u00e1s relevantes y las figuras a nivel global, que como dice Rebordinos, &#8220;es un esquema con el que llevamos varios a\u00f1os y nos funciona muy bien&#8221;.<\/p>\n<p>Adem\u00e1s del Donostia a Marion Cotillard, tambi\u00e9n recibir\u00e1 el galard\u00f3n Johnny Depp, mientras que en la extensa lista de visitas a Donostia figuran Pedro Almod\u00f3var, Pen\u00e9lope Cruz, Jessica Chastain, Javier Bardem, Antonio Banderas, Dolores Fonzi, Louis Garrel, Vincent Lindon y Stanley Tucci, solo para mencionar algunas de las presencias relevantes de este a\u00f1o.<\/p>\n<div class=\"image\" id=\"image\" readability=\"7\"> <img src=\"http:\/\/cordobadirecto.com\/wp-content\/uploads\/2021\/09\/director-del-festival-de-san-sebastian-el-cine-argentino-siempre-tiene-una-fuerza-muy-grande-1.jpg\" alt=\"Johnny Depp Foto: Prensa Festival\" title=\"Johnny Depp Foto: Prensa Festival\"><\/p>\n<p>Johnny Depp Foto: Prensa Festival<\/p>\n<\/div>\n<p>Y claro, la expectativa por la proyecci\u00f3n de las nuevas pel\u00edculas de Laurent Cantet (&#8220;Arthur Rambo&#8221;), Wes Anderson (&#8220;The French Dispatch&#8221;), Louis Garrel (&#8220;La Croisade&#8221;),Terence Davies (&#8220;Benediction&#8221;), Todd Haynes (&#8220;The Velvet Underground&#8221;), Ryusuke Hamaguchi (&#8220;Wheel Of Fortune And Fantasy&#8221;), Sean Baker (&#8220;Red Rocket&#8221;) y Fran\u00e7ois Ozon (&#8220;Tout s&#8217;est bien pass\u00e9&#8221;), entre muchas otras, adem\u00e1s de las nuevas figuras, los encuentros y homenajes.<\/p>\n<div class=\"image\" id=\"image\" readability=\"10\"> <img src=\"http:\/\/cordobadirecto.com\/wp-content\/uploads\/2021\/09\/director-del-festival-de-san-sebastian-el-cine-argentino-siempre-tiene-una-fuerza-muy-grande-2.jpg\" alt=\"&quot;Competencia Oficial&quot;, con los actores Antonio Banderas, Pen\u00e9lope Cruz y Oscar Martinez. Foto: Prensa Festival\" title=\"&quot;Competencia Oficial&quot;, con los actores Antonio Banderas, Pen\u00e9lope Cruz y Oscar Martinez. Foto: Prensa Festival\"><\/p>\n<p>&#8220;Competencia Oficial&#8221;, con los actores Antonio Banderas, Pen\u00e9lope Cruz y Oscar Martinez. Foto: Prensa Festival<\/p>\n<\/div>\n<p><strong>&#8211; T\u00e9lam: \u00bfCu\u00e1les son las principales novedades de esta edici\u00f3n del Festival de San Sebasti\u00e1n?<\/strong><br \/>&#8211; Jos\u00e9 Luis Rebordinos: No hay grandes novedades porque tenemos es un esquema con el que llevamos varios a\u00f1os y nos funciona muy bien, entonces lo que hacemos es intentar llenarlo de contendido, en las \u00faltimas ediciones lo que hicimos es que el festival tuviera cada vez mayor presencia de la industria, que no sea solo un festival de p\u00fablico y en esa l\u00ednea es la que fuimos trabajando<\/p>\n<p><strong>&#8211; T.: Una vez m\u00e1s el cine argentino tiene una fuerte participaci\u00f3n en el festival. \u00bfOcupa un lugar particular en Donostia?<\/strong><br \/>&#8211; J.L.R.: El cine argentino siempre tienen una fuerza muy grande en San Sebasti\u00e1n, primero porque hemos tenido siempre una muy buena relaci\u00f3n con una persona clave como Bernardo Bergeret (director ejecutivo de Ventana Sur), alguien que ha movido el cine argentino por todo el mundo, siempre ayud\u00e1ndonos con amabilidad, eso ha sido muy importante para que nos situ\u00e1ramos con fuerza frente a la industria argentina, luego y con permiso del resto de Latinoam\u00e9rica, para mi es la cinematograf\u00eda m\u00e1s potente que existe en estos momentos en esa regi\u00f3n.<\/p>\n<p><strong>&#8211; T.: \u00bfCu\u00e1les son las razones para los premios Donostia a la trayectoria de Marion Cotillard y Johnny Depp?<\/strong><br \/>&#8211; J.L.R.: Como hacemos siempre, buscando figuras a las que admiramos, respetamos y nos gusta mucho su trabajo. En el caso de Marion Cotillard es alguien que intentamos hace a\u00f1os darle el Donostia y sab\u00edamos que iba a disponer unos d\u00edas porque estaba promocionando &#8220;Bigger than us&#8221;, de Flore Vasseur, una pel\u00edcula sobre la sostenibilidad y el cambio clim\u00e1tico, as\u00ed que nos movimos y hemos conseguido que venga. Para nosotros es incre\u00edble porque es una de las grand\u00edsimas actrices del cine actual.<\/p>\n<p>En cuanto a Johnny Depp, lo tuvimos el a\u00f1o pasado presentando &#8220;Crock of Gold&#8221; como productor, hubo una muy buena relaci\u00f3n, a la gente le dio mucha pena no poder sacarse selfies y aut\u00f3grafos con \u00e9l, entonces decidimos ofrecerle el premio para que los espectadores pudieran disfrutarlo, pero lamentablemente seguimos con las medidas de restricci\u00f3n por la Covid-19, as\u00ed que solo lo podr\u00e1n gozar de su presencia por el cine y en los actos con los medios de comunicaci\u00f3n.<\/p>\n<p><strong>&#8211; T.: La ciudad y sobre todo el p\u00fablico apoyan fuertemente al festival. \u00bfEse sost\u00e9n se mantuvo intacto hasta el presente?<\/strong><br \/>&#8211; J.L.R.: Si, la ciudad y el p\u00fablico nos apoyan, somos un festival de p\u00fablico, incluso el a\u00f1o pasado ese apoyo se mantuvo intacto porque realmente se llenaron las salas aunque a un 50%, por la Covid-19. Para nosotros es muy importante.<\/p>\n<p><strong>&#8211; T.: Tanto el a\u00f1o pasado como en esta edici\u00f3n, el festival se hizo de manera presencial, casi una declaraci\u00f3n de principios en medio de la pandemia. \u00bfCu\u00e1l es el futuro en este contexto que se puede repetir, al que se le suma el streaming generalizado que adoptaron otros prestigiosos festivales?<\/strong><br \/>&#8211; J.L.R.: Para nosotros el cine hay que verlo en salas, luego hay otras opciones, es decir, no estamos en contra de las plataformas o de los dispositivos electr\u00f3nicos, pero la mejor manera es ver una pel\u00edcula es en las salas de cine, lo hemos defendido y lo seguiremos defendiendo. Nunca vamos a hacer un streaming generalizado. <\/p>\n","protected":false},"excerpt":{"rendered":"<p>Luis Rebordinos. Foto: Prensa Festival Con una gala en donde adem\u00e1s de proyectarse &#8220;Yi Miao Zhong&#8221; (&#8220;Un segundo&#8221;) de Zhang Yimou como pel\u00edcula de apertura se entregar\u00e1 del premio Donostia a la trayectoria a la actriz francesa Marion Cotillard, este viernes comienza de manera presencial la 69na. edici\u00f3n del Festival de San Sebasti\u00e1n, en el [&hellip;]<\/p>\n","protected":false},"author":1,"featured_media":19036,"comment_status":"closed","ping_status":"closed","sticky":false,"template":"","format":"standard","meta":[],"categories":[20],"tags":[],"_links":{"self":[{"href":"http:\/\/cordobadirecto.com\/index.php\/wp-json\/wp\/v2\/posts\/19035"}],"collection":[{"href":"http:\/\/cordobadirecto.com\/index.php\/wp-json\/wp\/v2\/posts"}],"about":[{"href":"http:\/\/cordobadirecto.com\/index.php\/wp-json\/wp\/v2\/types\/post"}],"author":[{"embeddable":true,"href":"http:\/\/cordobadirecto.com\/index.php\/wp-json\/wp\/v2\/users\/1"}],"replies":[{"embeddable":true,"href":"http:\/\/cordobadirecto.com\/index.php\/wp-json\/wp\/v2\/comments?post=19035"}],"version-history":[{"count":0,"href":"http:\/\/cordobadirecto.com\/index.php\/wp-json\/wp\/v2\/posts\/19035\/revisions"}],"wp:featuredmedia":[{"embeddable":true,"href":"http:\/\/cordobadirecto.com\/index.php\/wp-json\/wp\/v2\/media\/19036"}],"wp:attachment":[{"href":"http:\/\/cordobadirecto.com\/index.php\/wp-json\/wp\/v2\/media?parent=19035"}],"wp:term":[{"taxonomy":"category","embeddable":true,"href":"http:\/\/cordobadirecto.com\/index.php\/wp-json\/wp\/v2\/categories?post=19035"},{"taxonomy":"post_tag","embeddable":true,"href":"http:\/\/cordobadirecto.com\/index.php\/wp-json\/wp\/v2\/tags?post=19035"}],"curies":[{"name":"wp","href":"https:\/\/api.w.org\/{rel}","templated":true}]}}