{"id":190382,"date":"2026-03-12T20:02:25","date_gmt":"2026-03-12T20:02:25","guid":{"rendered":"https:\/\/www.ole.com.ar\/autos\/argentino-competira-verstappen-24-horas-nurburgring_0_aekgJuXqvM.html"},"modified":"2026-03-12T20:02:25","modified_gmt":"2026-03-12T20:02:25","slug":"quien-es-el-argentino-que-competira-contra-max-verstappen-en-las-24-horas-de-nurburgring","status":"publish","type":"post","link":"http:\/\/cordobadirecto.com\/index.php\/2026\/03\/12\/quien-es-el-argentino-que-competira-contra-max-verstappen-en-las-24-horas-de-nurburgring\/","title":{"rendered":"\u00bfQui\u00e9n es el argentino que competir\u00e1 contra Max Verstappen en las 24 Horas de N\u00fcrburgring?"},"content":{"rendered":"<p><time class=\"createDate\" datetime=\"2026-03-12T17:02:25-03:00\">12\/03\/2026 17:02hs.<\/time><\/p>\n<div id=\"storyBody\">\n<div id=\"element-body-0\" class=\"sc-136cd478-0 ekTCfV\" readability=\"33.821548821549\">\n<p>Mientras gran parte de la atenci\u00f3n del automovilismo est\u00e1 puesta en el Gran Premio de <strong><a href=\"https:\/\/www.ole.com.ar\/tema\/formula-1.html\" title=\"F\u00f3rmula 1\" alt=\"F\u00f3rmula 1\" class=\"slug\">F\u00f3rmula 1<\/a><\/strong> de China, este mi\u00e9rcoles se conoci\u00f3 una noticia importante para el deporte motor argentino: <strong>Santiago Baztarrica tendr\u00e1 la oportunidad de competir en las m\u00edticas 24 Horas de N\u00fcrburgring en 2026.<\/strong><\/p>\n<\/div>\n<div id=\"element-body-1\" class=\"sc-136cd478-0 ekTCfV\" readability=\"35\">\n<p>El piloto oriundo de 9 de Julio confirm\u00f3 que participar\u00e1 en la tradicional prueba de resistencia que se disputa en el hist\u00f3rico circuito alem\u00e1n. <strong>Ser\u00e1 una experiencia clave en su desarrollo deportivo, <\/strong>ya que marcar\u00e1 su desembarco en las competencias de endurance.<\/p>\n<\/div>\n<div class=\"sc-e7b891c4-0 ifHnQL image-embed\" id=\"element-body-2\"><img alt=\"Santiago Baztarrica, en plena acci\u00f3n durante su participaci\u00f3n en la F4 Espa\u00f1ola. (@santiago_baztarrica en IG).\" loading=\"lazy\" width=\"720\" height=\"100\" decoding=\"async\" data-nimg=\"1\" src=\"http:\/\/cordobadirecto.com\/wp-content\/uploads\/2026\/03\/quien-es-el-argentino-que-competira-contra-max-verstappen-en-las-24-horas-de-nurburgring.jpg\"><span class=\"epigraphe\">Santiago Baztarrica, en plena acci\u00f3n durante su participaci\u00f3n en la F4 Espa\u00f1ola. (@santiago_baztarrica en IG).<\/span><\/div>\n<div id=\"element-body-3\" class=\"sc-136cd478-0 ekTCfV\" readability=\"28.392749244713\">\n<p><strong>Baztarrica correr\u00e1 con un BMW M240i<\/strong> del equipo Adrenalin Motorsport y compartir\u00e1 el auto con Nico Silva y Benjam\u00edn Albers dentro de la clase AT3 de la N\u00fcrburgring Langstrecke Serie (NLS). <strong><a href=\"https:\/\/www.ole.com.ar\/autos\/bombazo-max-verstappen-cambia-categoria-formula-red-bull_0_N0X9A6t6i7.html\" target=\"_self\" title=\"En esa misma competencia tambi\u00e9n dir\u00e1 presente el neerland\u00e9s\" alt=\"En esa misma competencia tambi\u00e9n dir\u00e1 presente el neerland\u00e9s\" rel=\"noopener\">En esa misma competencia tambi\u00e9n dir\u00e1 presente el neerland\u00e9s<\/a> <a href=\"https:\/\/www.ole.com.ar\/tema\/max-verstappen.html\" title=\"Max Verstappen\" alt=\"Max Verstappen\" class=\"slug\">Max Verstappen<\/a>,<\/strong> quien participar\u00e1 con su propio equipo, Verstappen Racing.<\/p>\n<\/div>\n<div id=\"element-body-4\" class=\"sc-136cd478-0 ekTCfV\" readability=\"35\">\n<p><strong>Tras su paso por la F\u00f3rmula 4 Espa\u00f1ola durante la temporada 2025,<\/strong> el argentino iniciar\u00e1 as\u00ed una nueva etapa en su carrera, <strong>enfocada en las carreras de resistencia.<\/strong><\/p>\n<\/div>\n<div id=\"element-body-5\" class=\"sc-136cd478-0 ekTCfV\" readability=\"38\">\n<p><strong>Su actividad comenzar\u00e1 este jueves, <\/strong>cuando realice el Permit Course, requisito necesario para habilitarlo a competir en el exigente trazado alem\u00e1n. El viernes tendr\u00e1 una tanda matutina junto a un instructor y por la tarde participar\u00e1 de las pr\u00e1cticas y la clasificaci\u00f3n. <strong> Finalmente, el s\u00e1bado disputar\u00e1 una carrera de cuatro horas.<\/strong><\/p>\n<\/div>\n<div id=\"element-body-6\" class=\"sc-136cd478-0 ekTCfV\" readability=\"35\">\n<p>\u201cVoy a estar corriendo la NLS. <strong>Estoy muy contento con este proyecto y encantado de poder competir en un circuito tan m\u00edtico.<\/strong> Voy a tratar de adaptarme lo m\u00e1s r\u00e1pido posible\u201d, expres\u00f3 el piloto argentino.<\/p>\n<\/div>\n<div class=\"sc-e7b891c4-0 ifHnQL image-embed\" id=\"element-body-7\"><img alt=\"Santiago Baztarrica, en plena acci\u00f3n durante su paso por la F4 Espa\u00f1ola.\n(@santiago_baztarrica en IG).\" loading=\"lazy\" width=\"720\" height=\"100\" decoding=\"async\" data-nimg=\"1\" src=\"http:\/\/cordobadirecto.com\/wp-content\/uploads\/2026\/03\/quien-es-el-argentino-que-competira-contra-max-verstappen-en-las-24-horas-de-nurburgring-1.jpg\"><span class=\"epigraphe\">Santiago Baztarrica, en plena acci\u00f3n durante su paso por la F4 Espa\u00f1ola.<br \/>\n(@santiago_baztarrica en IG).<\/span><\/div>\n<div id=\"element-body-8\" class=\"sc-a7166897-0 eoLsBE\" readability=\"31\">\n<section readability=\"2\"><picture><img alt=\"TC2000: \u00bfQui\u00e9nes son los m\u00e1ximos ganadores en circuitos urbanos? \" loading=\"lazy\" width=\"290\" height=\"290\" decoding=\"async\" data-nimg=\"1\" src=\"http:\/\/cordobadirecto.com\/wp-content\/uploads\/2026\/03\/quien-es-el-argentino-que-competira-contra-max-verstappen-en-las-24-horas-de-nurburgring-2.jpg\"><\/picture>\n<p><span>Mir\u00e1 tambi\u00e9n<\/span><\/p>\n<hr>\n<h3>TC2000: \u00bfQui\u00e9nes son los m\u00e1ximos ganadores en circuitos urbanos?<br \/>\n<\/h3>\n<\/p>\n<\/section>\n<\/div>\n<div id=\"element-body-9\" class=\"sc-a7166897-0 eoLsBE\" readability=\"31.5\">\n<section readability=\"3\"><picture><img alt=\"Franco Colapinto se ilusiona en la previa del GP de China: &quot;Tenemos otra oportunidad ac\u00e1 e intentaremos aprovecharla al m\u00e1ximo&quot;\" loading=\"lazy\" width=\"290\" height=\"290\" decoding=\"async\" data-nimg=\"1\" src=\"http:\/\/cordobadirecto.com\/wp-content\/uploads\/2026\/03\/quien-es-el-argentino-que-competira-contra-max-verstappen-en-las-24-horas-de-nurburgring-3.jpg\"><\/picture>\n<p><span>Mir\u00e1 tambi\u00e9n<\/span><\/p>\n<hr>\n<h3>Franco Colapinto se ilusiona en la previa del GP de China: &#8220;Tenemos otra oportunidad ac\u00e1 e intentaremos aprovecharla al m\u00e1ximo&#8221;<\/h3>\n<\/p>\n<\/section>\n<\/div>\n<div id=\"element-body-10\" class=\"sc-a7166897-0 eoLsBE\" readability=\"31\">\n<section readability=\"2\"><picture><img alt=\"El TC2000 vuelve a correr en un circuito callejero en Buenos Aires\" loading=\"lazy\" width=\"290\" height=\"290\" decoding=\"async\" data-nimg=\"1\" src=\"http:\/\/cordobadirecto.com\/wp-content\/uploads\/2026\/03\/quien-es-el-argentino-que-competira-contra-max-verstappen-en-las-24-horas-de-nurburgring-4.jpg\"><\/picture>\n<p><span>Mir\u00e1 tambi\u00e9n<\/span><\/p>\n<hr>\n<h3>El TC2000 vuelve a correr en un circuito callejero en Buenos Aires<\/h3>\n<\/p>\n<\/section>\n<\/div>\n<\/div>\n","protected":false},"excerpt":{"rendered":"<p>12\/03\/2026 17:02hs. Mientras gran parte de la atenci\u00f3n del automovilismo est\u00e1 puesta en el Gran Premio de F\u00f3rmula 1 de China, este mi\u00e9rcoles se conoci\u00f3 una noticia importante para el deporte motor argentino: Santiago Baztarrica tendr\u00e1 la oportunidad de competir en las m\u00edticas 24 Horas de N\u00fcrburgring en 2026. El piloto oriundo de 9 de [&hellip;]<\/p>\n","protected":false},"author":1,"featured_media":190383,"comment_status":"closed","ping_status":"closed","sticky":false,"template":"","format":"standard","meta":[],"categories":[21],"tags":[],"_links":{"self":[{"href":"http:\/\/cordobadirecto.com\/index.php\/wp-json\/wp\/v2\/posts\/190382"}],"collection":[{"href":"http:\/\/cordobadirecto.com\/index.php\/wp-json\/wp\/v2\/posts"}],"about":[{"href":"http:\/\/cordobadirecto.com\/index.php\/wp-json\/wp\/v2\/types\/post"}],"author":[{"embeddable":true,"href":"http:\/\/cordobadirecto.com\/index.php\/wp-json\/wp\/v2\/users\/1"}],"replies":[{"embeddable":true,"href":"http:\/\/cordobadirecto.com\/index.php\/wp-json\/wp\/v2\/comments?post=190382"}],"version-history":[{"count":0,"href":"http:\/\/cordobadirecto.com\/index.php\/wp-json\/wp\/v2\/posts\/190382\/revisions"}],"wp:featuredmedia":[{"embeddable":true,"href":"http:\/\/cordobadirecto.com\/index.php\/wp-json\/wp\/v2\/media\/190383"}],"wp:attachment":[{"href":"http:\/\/cordobadirecto.com\/index.php\/wp-json\/wp\/v2\/media?parent=190382"}],"wp:term":[{"taxonomy":"category","embeddable":true,"href":"http:\/\/cordobadirecto.com\/index.php\/wp-json\/wp\/v2\/categories?post=190382"},{"taxonomy":"post_tag","embeddable":true,"href":"http:\/\/cordobadirecto.com\/index.php\/wp-json\/wp\/v2\/tags?post=190382"}],"curies":[{"name":"wp","href":"https:\/\/api.w.org\/{rel}","templated":true}]}}