{"id":19059,"date":"2021-09-18T15:28:00","date_gmt":"2021-09-18T15:28:00","guid":{"rendered":"http:\/\/cordobadirecto.com\/index.php\/2021\/09\/18\/compre-nacional-una-herramienta-utilizada-en-el-mundo-en-momentos-de-crisis-o-para-desarrollarse\/"},"modified":"2021-09-18T15:28:00","modified_gmt":"2021-09-18T15:28:00","slug":"compre-nacional-una-herramienta-utilizada-en-el-mundo-en-momentos-de-crisis-o-para-desarrollarse","status":"publish","type":"post","link":"http:\/\/cordobadirecto.com\/index.php\/2021\/09\/18\/compre-nacional-una-herramienta-utilizada-en-el-mundo-en-momentos-de-crisis-o-para-desarrollarse\/","title":{"rendered":"Compre nacional, una herramienta utilizada en el mundo en momentos de crisis o para desarrollarse"},"content":{"rendered":"<div class=\"image\" id=\"image\" readability=\"9\"> <img src=\"http:\/\/cordobadirecto.com\/wp-content\/uploads\/2021\/09\/compre-nacional-una-herramienta-utilizada-en-el-mundo-en-momentos-de-crisis-o-para-desarrollarse.jpg\" alt=\"Compre nacional: una pr\u00e1ctica que se ha implementado o potenciado para salir adelante en tiempos de crisis pero que tambi\u00e9n se ha mantenido como un principio para garantizar los desarrollos econ\u00f3micos locales.Foto: AFP\" title=\"Compre nacional: una pr\u00e1ctica que se ha implementado o potenciado para salir adelante en tiempos de crisis pero que tambi\u00e9n se ha mantenido como un principio para garantizar los desarrollos econ\u00f3micos locales.Foto: AFP\"><\/p>\n<p>Compre nacional: una pr\u00e1ctica que se ha implementado o potenciado para salir adelante en tiempos de crisis pero que tambi\u00e9n se ha mantenido como un principio para garantizar los desarrollos econ\u00f3micos locales.Foto: AFP<\/p>\n<\/div>\n<p>Tanto en la regi\u00f3n como en muchas de las grandes econom\u00edas del mundo la pol\u00edtica de compre nacional utilizada para las contrataciones y compras del Estado es una pr\u00e1ctica que se ha implementado o potenciado para salir adelante en tiempos de crisis pero que tambi\u00e9n se ha mantenido como un principio para garantizar los desarrollos econ\u00f3micos locales.<\/p>\n<p><strong>El ejemplo m\u00e1s cercano en el tiempo es el de Estados Unidos<\/strong>: el mismo d\u00eda que asumi\u00f3 la Presidencia en enero pasado, Joe Biden anunci\u00f3 que su Gobierno iba a priorizar la compra de productos estadounidenses, una idea de la que ya hablaba su predecesor, Donald Trump.<\/p>\n<p>El decreto firmado por Biden tuvo por objetivo declarado impulsar la producci\u00f3n nacional y salvar empleos industriales mediante, adem\u00e1s, el aumento de las inversiones en las industrias manufactureras.<\/p>\n<blockquote readability=\"7\">\n<p>En EEUU, esta tendencia a utilizar la pol\u00edtica de compras p\u00fablicas para perseguir objetivos estrat\u00e9gicos se acentu\u00f3 luego de la crisis financiera y econ\u00f3mica de 2008-2009<span class=\"comilla\">\u201d<\/span><\/p>\n<\/blockquote>\n<p>Seg\u00fan la legislaci\u00f3n que reglamenta las compras p\u00fablicas de EEUU, que data de 1933, las pol\u00edticas de contrataci\u00f3n, adem\u00e1s de sus objetivos primarios de buscar eficiencia y calidad,<strong> persiguen objetivos adicionales de car\u00e1cter estrat\u00e9gico en t\u00e9rminos del modelo de desarrollo de un pa\u00eds o de una regi\u00f3n.<\/strong><\/p>\n<p>En EEUU, esta tendencia a utilizar la pol\u00edtica de compras p\u00fablicas para perseguir objetivos estrat\u00e9gicos se acentu\u00f3 luego de la crisis financiera y econ\u00f3mica de 2008-2009.<\/p>\n<p><strong>La ley de compre brasilero es similar a la ley de compre estadounidense de EEUU, s\u00f3lo que el alcance de la normativa brasile\u00f1a es m\u00e1s amplio<\/strong>, al regular todos los niveles del Estado. En EEUU, en cambio, es s\u00f3lo a nivel federal con la salvedad de que los estados pueden tomarlo como gu\u00eda para incorporar sus objetivos estrat\u00e9gicos.<\/p>\n<div class=\"image\" id=\"image\" readability=\"8\"> <img src=\"http:\/\/cordobadirecto.com\/wp-content\/uploads\/2021\/09\/compre-nacional-una-herramienta-utilizada-en-el-mundo-en-momentos-de-crisis-o-para-desarrollarse-1.jpg\" alt=\"La prioridad a la industria nacional en Brasil est\u00e1 contemplada en la Constituci\u00f3n Nacional. Foto: AFP\" title=\"La prioridad a la industria nacional en Brasil est\u00e1 contemplada en la Constituci\u00f3n Nacional. Foto: AFP\"><\/p>\n<p>La prioridad a la industria nacional en Brasil est\u00e1 contemplada en la Constituci\u00f3n Nacional. Foto: AFP<\/p>\n<\/div>\n<p>Incluso, la prioridad a la industria nacional en Brasil est\u00e1 contemplada en la Constituci\u00f3n Nacional.<\/p>\n<p>En el capitulo V sobre el sistema tributario,<strong> la Carta Magna establece que se dar\u00e1n incentivos fiscales para la industrializaci\u00f3n a los productores locales en su lugar de origen<\/strong>, mientras que en su apartado sobre el orden econ\u00f3mico y social sostiene que se podr\u00e1 intervenir determinadas industrias o actividades cuando &#8220;sea indispensable&#8221; para organizar un sector que no pueda desarrollarse eficientemente bajo el r\u00e9gimen de competencia y libertad individual.<\/p>\n<p>La expresidenta Dilma Rousseff ech\u00f3 mano de este compre nacional en 2013 para hacer frente a la crisis financiera mundial cuyo impacto se sinti\u00f3 en el pa\u00eds a\u00f1os m\u00e1s tarde.<\/p>\n<p>&#8220;El Gobierno hace muchas compras porque necesita ofrecer buenos servicios a la poblaci\u00f3n y adem\u00e1s porque es importante que utilice su poder de compra para estimular a la industria, generar empleo y aumentar la renta de los trabajadores&#8221;, explic\u00f3 Rousseff tras destinar 4.000 millones de d\u00f3lares a un programa de compras estatales de productos industriales de origen nacional.<\/p>\n<div class=\"image\" id=\"image\" readability=\"8\"> <img src=\"http:\/\/cordobadirecto.com\/wp-content\/uploads\/2021\/09\/compre-nacional-una-herramienta-utilizada-en-el-mundo-en-momentos-de-crisis-o-para-desarrollarse-2.jpg\" alt=\"Dilma Rousseff ech\u00f3 mano de este compre nacional en 2013 para hacer frente a la crisis financiera mundial.\" title=\"Dilma Rousseff ech\u00f3 mano de este compre nacional en 2013 para hacer frente a la crisis financiera mundial.\"><\/p>\n<p>Dilma Rousseff ech\u00f3 mano de este compre nacional en 2013 para hacer frente a la crisis financiera mundial.<\/p>\n<\/div>\n<p><strong>M\u00e9xico es otro ejemplo.<\/strong><\/p>\n<p>La potencia latinoamericana tiene un tratado de libre comercio con EEUU y Canad\u00e1 desde 1994, pero el fomento al desarrollo de proveedores locales est\u00e1 contenido en la Ley de Adquisiciones, Arrendamientos y Servicios del Sector P\u00fablico.<\/p>\n<p>All\u00ed se establece que <strong>en las licitaciones internacionales abiertas, las ofertas de participantes nacionales tendr\u00e1n un margen de preferencia de hasta un 15%<\/strong> respecto de los bienes de importaci\u00f3n.<\/p>\n<p>De manera similar, los estados federados dan un margen de preferencia a los participantes con domicilio fiscal en sus estados. Adem\u00e1s, existen algunas legislaciones a nivel estadual que contemplan la posibilidad de llevar a cabo licitaciones p\u00fablicas en las que \u00fanicamente pueden presentarse proveedores locales.<\/p>\n<p><strong>El caso de China es diferente a todos<\/strong>: en primer lugar porque el costo de los productos nacionales es hasta diez veces m\u00e1s bajo que el de los extranjeros, pero adem\u00e1s, a los chinos no les terminan de convencer los productos extranjeros.<\/p>\n<div class=\"image\" id=\"image\" readability=\"8\"> <img src=\"http:\/\/cordobadirecto.com\/wp-content\/uploads\/2021\/09\/compre-nacional-una-herramienta-utilizada-en-el-mundo-en-momentos-de-crisis-o-para-desarrollarse-3.jpg\" alt=\"El caso de China es diferente a todos: en primer lugar porque el costo de los productos nacionales es hasta diez veces m\u00e1s bajo que el de los extranjeros. Foto: AFP\" title=\"El caso de China es diferente a todos: en primer lugar porque el costo de los productos nacionales es hasta diez veces m\u00e1s bajo que el de los extranjeros. Foto: AFP\"><\/p>\n<p>El caso de China es diferente a todos: en primer lugar porque el costo de los productos nacionales es hasta diez veces m\u00e1s bajo que el de los extranjeros. Foto: AFP<\/p>\n<\/div>\n<p>&#8220;Hay algo muy fuerte en las costumbres y clases. Lo extranjero no termina de interpretar \u00b4el gusto chino'&#8221;, explic\u00f3 a T\u00e9lam la polit\u00f3loga Luc\u00eda Fern\u00e1ndez, que vivi\u00f3 en Beijing durante cuatro a\u00f1os.<\/p>\n<p>Seg\u00fan Fern\u00e1ndez,<strong> quienes s\u00ed consumen productos extranjeros en China son &#8220;las nuevas clases medias&#8221;<\/strong>, entre quienes est\u00e1 de moda comprar online o en sus locales instalados en el pa\u00eds.<\/p>\n<p>En ese sentido, Fern\u00e1ndez evalu\u00f3 que &#8220;lo extranjero no es tan extranjero&#8221; dado que las empresas, desde que visibilizaron el mercado que se les abr\u00eda en el gigante asi\u00e1tico, directamente instalaron sus negocios y fabrican todo all\u00ed mismo, a\u00fan con las trabas impositivas que impone Beijing para incentivar la producci\u00f3n local.<\/p>\n<blockquote readability=\"9\">\n<p>&#8220;Hay algo muy fuerte en las costumbres y clases. Lo extranjero no termina de interpretar \u00b4el gusto chino'&#8221;<span class=\"comilla\">\u201d<\/span><\/p>\n<p><span>Luc\u00eda Fern\u00e1ndez, polit\u00f3loga<\/span><\/p>\n<\/blockquote>\n<p><strong>Corea del Sur, que centraliza la compra de bienes y servicios del Estado en un sistema integrado, tambi\u00e9n limita la competencia a empresas locales <\/strong>debajo de ciertos umbrales o techos, al igual que Israel, cuya normativa se\u00f1ala que se priorizar\u00e1n los productos nacionales frente a los extranjeros siempre y cuando la diferencia en los precios no supere el 15%.<\/p>\n<p><strong>En los pa\u00edses europeos la cuesti\u00f3n est\u00e1 enredada con la normativa de la Uni\u00f3n Europea (UE),<\/strong> cuya directiva sobre las compras p\u00fablicas prioriza la innovaci\u00f3n por encima de todo y aclara que cuando superen determinado valor, deben elaborarse disposiciones que coordinen los procedimientos de contrataci\u00f3n nacionales.<\/p>\n<p>Con un mercado com\u00fan de dimensiones continentales, pa\u00edses como Francia compran donde m\u00e1s les conviene pero a los consumidores les recomiendan &#8220;comprar nacional&#8221; y marcan con un &#8220;fabrique en France&#8221; todos los productos locales, que son los m\u00e1s vendidos sin importar su precio. <\/p>\n","protected":false},"excerpt":{"rendered":"<p>Compre nacional: una pr\u00e1ctica que se ha implementado o potenciado para salir adelante en tiempos de crisis pero que tambi\u00e9n se ha mantenido como un principio para garantizar los desarrollos econ\u00f3micos locales.Foto: AFP Tanto en la regi\u00f3n como en muchas de las grandes econom\u00edas del mundo la pol\u00edtica de compre nacional utilizada para las contrataciones [&hellip;]<\/p>\n","protected":false},"author":1,"featured_media":19060,"comment_status":"closed","ping_status":"closed","sticky":false,"template":"","format":"standard","meta":[],"categories":[24],"tags":[],"_links":{"self":[{"href":"http:\/\/cordobadirecto.com\/index.php\/wp-json\/wp\/v2\/posts\/19059"}],"collection":[{"href":"http:\/\/cordobadirecto.com\/index.php\/wp-json\/wp\/v2\/posts"}],"about":[{"href":"http:\/\/cordobadirecto.com\/index.php\/wp-json\/wp\/v2\/types\/post"}],"author":[{"embeddable":true,"href":"http:\/\/cordobadirecto.com\/index.php\/wp-json\/wp\/v2\/users\/1"}],"replies":[{"embeddable":true,"href":"http:\/\/cordobadirecto.com\/index.php\/wp-json\/wp\/v2\/comments?post=19059"}],"version-history":[{"count":0,"href":"http:\/\/cordobadirecto.com\/index.php\/wp-json\/wp\/v2\/posts\/19059\/revisions"}],"wp:featuredmedia":[{"embeddable":true,"href":"http:\/\/cordobadirecto.com\/index.php\/wp-json\/wp\/v2\/media\/19060"}],"wp:attachment":[{"href":"http:\/\/cordobadirecto.com\/index.php\/wp-json\/wp\/v2\/media?parent=19059"}],"wp:term":[{"taxonomy":"category","embeddable":true,"href":"http:\/\/cordobadirecto.com\/index.php\/wp-json\/wp\/v2\/categories?post=19059"},{"taxonomy":"post_tag","embeddable":true,"href":"http:\/\/cordobadirecto.com\/index.php\/wp-json\/wp\/v2\/tags?post=19059"}],"curies":[{"name":"wp","href":"https:\/\/api.w.org\/{rel}","templated":true}]}}