{"id":19061,"date":"2021-09-18T15:16:00","date_gmt":"2021-09-18T15:16:00","guid":{"rendered":"http:\/\/cordobadirecto.com\/index.php\/2021\/09\/18\/claves-para-entender-las-elecciones-en-alemania\/"},"modified":"2021-09-18T15:16:00","modified_gmt":"2021-09-18T15:16:00","slug":"claves-para-entender-las-elecciones-en-alemania","status":"publish","type":"post","link":"http:\/\/cordobadirecto.com\/index.php\/2021\/09\/18\/claves-para-entender-las-elecciones-en-alemania\/","title":{"rendered":"Claves para entender las elecciones en Alemania"},"content":{"rendered":"<div class=\"image\" id=\"image\" readability=\"8\"> <img src=\"http:\/\/cordobadirecto.com\/wp-content\/uploads\/2021\/09\/claves-para-entender-las-elecciones-en-alemania.jpg\" alt=\"Olaf Scholz, actual ministro de Finanzas y vicecanciller. Foto: AFP\" title=\"Olaf Scholz, actual ministro de Finanzas y vicecanciller. Foto: AFP\"><\/p>\n<p>Olaf Scholz, actual ministro de Finanzas y vicecanciller. Foto: AFP<\/p>\n<\/div>\n<p>Claves para entender qu\u00e9 implican en Alemania las elecciones legislativas del 26 de septiembre, que lo \u00fanico que aseguran hasta ahora es el fin del cuarto mandato de la canciller Angela Merkel, que est\u00e1 a solo tres meses de superar el r\u00e9cord de permanencia en el puesto del tambi\u00e9n democristiano Helmut Kohl.<\/p>\n<p>1- Adi\u00f3s de Merkel<\/p>\n<p>La canciller de 67 a\u00f1os, que gobierna la primera econom\u00eda europea desde 2005, anunci\u00f3 en octubre de 2018, cuando su Uni\u00f3n Dem\u00f3crata Cristiana (CDU) sufri\u00f3 un rev\u00e9s electoral en la regi\u00f3n de Hesse, que no buscar\u00eda un quinto mandato.<\/p>\n<p>Sin embargo, la canciller no dejar\u00e1 sus funciones en la noche electoral del 26 de septiembre, deber\u00e1 mantenerse en funciones hasta la designaci\u00f3n de un sucesor en el Parlamento alem\u00e1n, el Bundestag. Este periodo de transici\u00f3n puede durar semanas o meses, el tiempo que tarden los partidos en conseguir una mayor\u00eda para formar un gobierno de coalici\u00f3n.<\/p>\n<p>En 2005, los dos partidos m\u00e1s importantes de Alemania, la CDU y el Partido Social Dem\u00f3crata (SPD) tardaron dos meses para formar una alianza. Despu\u00e9s de los comicios de septiembre de 2017, las negociaciones se alargaron hasta febrero de 2018: la CDU trat\u00f3 en un primer momento de aliarse con Los Verdes y el Partido Dem\u00f3crata Libre (FDP), pero finalmente tuvo que pactar con el SPD.<\/p>\n<p>Los centros de votaci\u00f3n en los 299 distritos electorales del pa\u00eds abrir\u00e1n a las 8 hasta las 16 hora local. Se prev\u00e9 que las emisoras publiquen una encuesta a boca de urna, seguida de los resultados proyectados basados \u200b\u200ben conteos p\u00fablicos en distritos electorales representativos al cerrar las urnas. Podr\u00e1n votar, adem\u00e1s, titulares de un pasaporte alem\u00e1n que hayan vivido en el pa\u00eds durante al menos tres meses y los ciudadanos alemanes que viven en el extranjero.<\/p>\n<div class=\"image\" id=\"image\"> <img src=\"http:\/\/cordobadirecto.com\/wp-content\/uploads\/2021\/09\/claves-para-entender-las-elecciones-en-alemania-1.jpg\" alt=\"Foto: AFP\" title=\"Foto: AFP\"><\/p>\n<p>Foto: AFP<\/p>\n<\/div>\n<p>2- Partidos pol\u00edticos<\/p>\n<p>Se presentar\u00e1n 47 partidos. Cada votante emitir\u00e1 dos votos: uno para un candidato que se presente en su circunscripci\u00f3n y otro para una lista de postulantes en su estado federado.<\/p>\n<p>Se espera que seis superen el umbral del 5% que limita el n\u00famero de partidos que pueden enviar al menos un delegado al Parlamento: el SPD, de centro izquierda; la CDU, de centro derecha; el ecologista Los Verdes; el Partido Dem\u00f3crata Libre (FDP) a favor de las empresas; la ultraderechista Alternativa para Alemania (AfD) y el izquierdista Die Linke (La Izquierda).<\/p>\n<p>Tres partidos ya nominaron oficialmente a sus candidatos para reemplazar a Merkel: la CDU present\u00f3 a su l\u00edder del partido, Armin Laschet; el SPD al actual ministro de Finanzas y vicecanciller, Olaf Scholz; y Los Verdes a su col\u00edder Annalena Baerbock.<\/p>\n<p>Despu\u00e9s de que la CDU y Los Verdes presentaran a sus candidatos en la primavera, el partido ecologista super\u00f3 brevemente a los conservadores, aunque su popularidad se debilit\u00f3 luego de que su l\u00edder fuera acusada de plagio y de inflar su curr\u00edculum. La intenci\u00f3n de voto de la fuerza ahora es del 15-17%.<\/p>\n<p>El candidato de la CDU, Laschet se vio propenso a cometer errores y mostrar debilidad dentro de su propio partido, y en las \u00faltimas semanas el SPD se convirti\u00f3 en el nuevo favorito.<\/p>\n<div class=\"image\" id=\"image\" readability=\"8\"> <img src=\"http:\/\/cordobadirecto.com\/wp-content\/uploads\/2021\/09\/claves-para-entender-las-elecciones-en-alemania-2.jpg\" alt=\"Armin Laschet, l\u00edder de la CUD. Foto: AFP\" title=\"Armin Laschet, l\u00edder de la CUD. Foto: AFP\"><\/p>\n<p>Armin Laschet, l\u00edder de la CUD. Foto: AFP<\/p>\n<\/div>\n<p>En tanto, AfD, popular sobre todo en el este alem\u00e1n y que en los comicios de 2017 aprovech\u00f3 una ola de malestar popular sobre la llegada masiva de migrantes para entrar por primera vez en el Parlamento intentar\u00e1 sacar r\u00e9dito en las urnas a la preocupaci\u00f3n por una nueva oleada de inmigrantes afganos.<\/p>\n<p>No obstante, seg\u00fan el diario brit\u00e1nico The Guardian, se prev\u00e9 que ning\u00fan partido obtenga m\u00e1s del 25-27% de los votos, por lo que el pr\u00f3ximo canciller no ser\u00e1 presentado autom\u00e1ticamente, a menos que pueda construir una coalici\u00f3n que tenga una mayor\u00eda gobernante.<\/p>\n<p>3- Principales puntos de la campa\u00f1a<\/p>\n<p>Si bien Paul Maurice, del Comit\u00e9 de Estudios francoalemanes de IFRI explic\u00f3, citado por la agencia de noticias AFP, que se asiste a &#8220;una campa\u00f1a -puede que sea por un efecto Merkel- que est\u00e1 muy centrada en la persona, y no se habla suficiente de los programas&#8221;, hay algunos puntos que cobraron relevancia en las \u00faltimas semanas.<\/p>\n<p>Uno de ellos es el calentamiento global: el gobierno saliente comprometi\u00f3 a Alemania a convertirse en un pa\u00eds neutral en materia de gases de efecto invernadero para 2045, debate que tras las inundaciones de mediados de julio en el oeste recobraron centralidad.<\/p>\n<p>Los Verdes y Die Linke quieren alcanzar el mismo objetivo antes, en parte eliminando las centrales el\u00e9ctricas de carb\u00f3n para el a\u00f1o 2030, ocho a\u00f1os antes de lo planeado actualmente.<\/p>\n<p>El FDP quiere alcanzar la neutralidad clim\u00e1tica para 2050.<\/p>\n<p>AfD rechaza el consenso cient\u00edfico sobre el cambio clim\u00e1tico provocado por el hombre y no present\u00f3 una pol\u00edtica clim\u00e1tica.<\/p>\n<p>Mientras que CDU y FDP hacen hincapi\u00e9 en el comercio de emisiones, SPD, Los Verdes y Die Linke quieren introducir l\u00edmites de velocidad en las autopistas alemanas y hacer que los vuelos de corta distancia sean poco atractivos o incluso ilegales.<\/p>\n<div class=\"image\" id=\"image\" readability=\"7\"> <img src=\"http:\/\/cordobadirecto.com\/wp-content\/uploads\/2021\/09\/claves-para-entender-las-elecciones-en-alemania-3.jpg\" alt=\"Uno de los principales temas de campa\u00f1a es el calentamiento global.\" title=\"Uno de los principales temas de campa\u00f1a es el calentamiento global.\"><\/p>\n<p>Uno de los principales temas de campa\u00f1a es el calentamiento global.<\/p>\n<\/div>\n<p>Otro tema relevante son las consecuencias econ\u00f3micas de la pandemia de coronavirus, en los que CDU y FDP rechazan futuros aumentos de impuestos, pese a que Alemania asumi\u00f3 grandes deudas para amortizar el efecto de los dos confinamientos prolongados.<\/p>\n<p>El SPD y Los Verdes prometen ofrecer desgravaciones fiscales a peque\u00f1as empresas y reintroducir un impuesto sobre el patrimonio de alrededor del 1% para las personas con altos ingresos.<\/p>\n<p>En cuanto al rol de Alemania en la Uni\u00f3n Europea (UE), todos los grandes partidos, excepto la AfD, expresan su compromiso con el proyecto europeo, pero sus manifiestos a este respecto fueron cortos en detalles.<\/p>\n<p>4- Escenario postelectoral<\/p>\n<p>La cuesti\u00f3n clave es si la ventaja de SPD implicar\u00e1 un giro hacia la izquierda en Alemania. Para alcanzar la mayor\u00eda, ese partido tendr\u00e1 que negociar con uno o dos partidos. La idea de que los socialdem\u00f3cratas formen gobierno con Los Verdes y La Izquierda tiene en vilo a la CDU, en el poder durante 16 a\u00f1os.<\/p>\n<p>La actual coalici\u00f3n de conservadores y socialdem\u00f3cratas tard\u00f3 cinco meses y medio en formarse tras las elecciones de 2017, un r\u00e9cord de la posguerra. Las negociaciones entre la CDU, Los Verdes y el FDP fracasaron, abriendo la puerta a otra gran coalici\u00f3n.<\/p>\n<p>Este a\u00f1o, Los Verdes tambi\u00e9n est\u00e1n muy presentes como opci\u00f3n, e incluso La Izquierda ve un posible papel en el gobierno. Es poco probable que la ultraderecha AfD consiga entrar en una alianza, ya que los dem\u00e1s partidos se niegan a cooperar con ella.<\/p>\n<p>Es posible que el contrato que selle la pr\u00f3xima coalici\u00f3n se haga esperar bastante. Las encuestas actuales indican que el pr\u00f3ximo Gobierno alem\u00e1n requerir\u00e1 un acuerdo de poder compartido entre tres partidos diferentes, como una coalici\u00f3n entre SPD, Verdes y FDP o CDU, Verdes y FDP.. <\/p>\n","protected":false},"excerpt":{"rendered":"<p>Olaf Scholz, actual ministro de Finanzas y vicecanciller. Foto: AFP Claves para entender qu\u00e9 implican en Alemania las elecciones legislativas del 26 de septiembre, que lo \u00fanico que aseguran hasta ahora es el fin del cuarto mandato de la canciller Angela Merkel, que est\u00e1 a solo tres meses de superar el r\u00e9cord de permanencia en [&hellip;]<\/p>\n","protected":false},"author":1,"featured_media":19062,"comment_status":"closed","ping_status":"closed","sticky":false,"template":"","format":"standard","meta":[],"categories":[24],"tags":[],"_links":{"self":[{"href":"http:\/\/cordobadirecto.com\/index.php\/wp-json\/wp\/v2\/posts\/19061"}],"collection":[{"href":"http:\/\/cordobadirecto.com\/index.php\/wp-json\/wp\/v2\/posts"}],"about":[{"href":"http:\/\/cordobadirecto.com\/index.php\/wp-json\/wp\/v2\/types\/post"}],"author":[{"embeddable":true,"href":"http:\/\/cordobadirecto.com\/index.php\/wp-json\/wp\/v2\/users\/1"}],"replies":[{"embeddable":true,"href":"http:\/\/cordobadirecto.com\/index.php\/wp-json\/wp\/v2\/comments?post=19061"}],"version-history":[{"count":0,"href":"http:\/\/cordobadirecto.com\/index.php\/wp-json\/wp\/v2\/posts\/19061\/revisions"}],"wp:featuredmedia":[{"embeddable":true,"href":"http:\/\/cordobadirecto.com\/index.php\/wp-json\/wp\/v2\/media\/19062"}],"wp:attachment":[{"href":"http:\/\/cordobadirecto.com\/index.php\/wp-json\/wp\/v2\/media?parent=19061"}],"wp:term":[{"taxonomy":"category","embeddable":true,"href":"http:\/\/cordobadirecto.com\/index.php\/wp-json\/wp\/v2\/categories?post=19061"},{"taxonomy":"post_tag","embeddable":true,"href":"http:\/\/cordobadirecto.com\/index.php\/wp-json\/wp\/v2\/tags?post=19061"}],"curies":[{"name":"wp","href":"https:\/\/api.w.org\/{rel}","templated":true}]}}