{"id":19091,"date":"2021-09-18T09:31:30","date_gmt":"2021-09-18T09:31:30","guid":{"rendered":"https:\/\/www.bbc.com\/mundo\/noticias-internacional-58545228"},"modified":"2021-09-18T09:31:30","modified_gmt":"2021-09-18T09:31:30","slug":"la-destruccion-de-esmirna-como-los-turcos-acabaron-con-la-presencia-griega-en-su-territorio-quemando-una-ciudad","status":"publish","type":"post","link":"http:\/\/cordobadirecto.com\/index.php\/2021\/09\/18\/la-destruccion-de-esmirna-como-los-turcos-acabaron-con-la-presencia-griega-en-su-territorio-quemando-una-ciudad\/","title":{"rendered":"La destrucci\u00f3n de Esmirna: c\u00f3mo los turcos acabaron con la presencia griega en su territorio quemando una ciudad"},"content":{"rendered":"<div dir=\"ltr\" class=\"e1j2237y5 bbc-q4ibpr e57qer20\">\n<div class=\"bbc-1atl7vu e1c9i7u14\">\n<ul role=\"list\" class=\"bbc-cdrraw e1c9i7u12\">\n<li role=\"listitem\" class=\"bbc-1a3w4ok e1c9i7u11\">Norberto Paredes @norbertparedes<\/li>\n<li role=\"listitem\" class=\"bbc-1p92jtu e1c9i7u10\">BBC News Mundo<\/li>\n<\/ul>\n<\/div>\n<\/div>\n<p><time datetime=\"2021-09-18\" class=\"bbc-14xtggo e4zesg50\">18 septiembre 2021<\/time><\/p>\n<div dir=\"ltr\" class=\"bbc-1ka88fa e57qer20\">\n<figure class=\"bbc-1qdcvv9 e6bmn90\">\n<div dir=\"ltr\" class=\"bbc-172p16q e57qer20\">\n<div dir=\"ltr\" class=\"bbc-189y18v e57qer20\" readability=\"6.5\">\n<div data-e2e=\"image-placeholder\" class=\"bbc-997y1y e1whu0\" readability=\"8\"><img loading=\"lazy\" srcset=\"http:\/\/cordobadirecto.com\/wp-content\/uploads\/2021\/09\/la-destruccion-de-esmirna-como-los-turcos-acabaron-con-la-presencia-griega-en-su-territorio-quemando-una-ciudad-8.jpg 240w, http:\/\/cordobadirecto.com\/wp-content\/uploads\/2021\/09\/la-destruccion-de-esmirna-como-los-turcos-acabaron-con-la-presencia-griega-en-su-territorio-quemando-una-ciudad-9.jpg 320w, http:\/\/cordobadirecto.com\/wp-content\/uploads\/2021\/09\/la-destruccion-de-esmirna-como-los-turcos-acabaron-con-la-presencia-griega-en-su-territorio-quemando-una-ciudad-10.jpg 480w, http:\/\/cordobadirecto.com\/wp-content\/uploads\/2021\/09\/la-destruccion-de-esmirna-como-los-turcos-acabaron-con-la-presencia-griega-en-su-territorio-quemando-una-ciudad-11.jpg 624w, http:\/\/cordobadirecto.com\/wp-content\/uploads\/2021\/09\/la-destruccion-de-esmirna-como-los-turcos-acabaron-con-la-presencia-griega-en-su-territorio-quemando-una-ciudad.jpg 640w\" alt=\"Esmirna\" src=\"http:\/\/cordobadirecto.com\/wp-content\/uploads\/2021\/09\/la-destruccion-de-esmirna-como-los-turcos-acabaron-con-la-presencia-griega-en-su-territorio-quemando-una-ciudad.jpg\" width=\"640\" height=\"360\" class=\"eehpdyc0 bbc-oabvne e1enwo3v0\"><\/p>\n<p role=\"text\" class=\"bbc-1s1cxbv etq3yw90\"><span class=\"bbc-1gnhmg2 e1yt7oin0\">Fuente de la imagen, <\/span><span lang=\"en-GB\">Dominio p\u00fablico<\/span><\/p>\n<\/div>\n<\/div>\n<\/div>\n<\/figure>\n<\/div>\n<div dir=\"ltr\" class=\"bbc-19j92fr e57qer20\" readability=\"9\">\n<p dir=\"ltr\" class=\"bbc-bm53ic e1cc2ql70\"><b>A principios del siglo pasado, yac\u00eda en la costa occidental de lo que hoy es Turqu\u00eda una ciudad mayoritariamente griega ba\u00f1ada por el mar Mediterr\u00e1neo. <\/b><\/p>\n<\/div>\n<div dir=\"ltr\" class=\"bbc-19j92fr e57qer20\" readability=\"10\">\n<p dir=\"ltr\" class=\"bbc-bm53ic e1cc2ql70\">Esmirna era una pr\u00f3spera urbe donde los turcos eran minor\u00eda y representaban menos de un tercio de la poblaci\u00f3n, frente a una mayor\u00eda griega y cristiana. Ambos grupos conviv\u00edan con comunidades m\u00e1s peque\u00f1as de armenios y jud\u00edos.<\/p>\n<\/div>\n<div dir=\"ltr\" class=\"bbc-19j92fr e57qer20\" readability=\"10\">\n<p dir=\"ltr\" class=\"bbc-bm53ic e1cc2ql70\">En ese entonces sus habitantes ignoraban que<b> la multiculturalidad que caracterizaba la metr\u00f3polis dejar\u00eda de existir un par de d\u00e9cadas despu\u00e9s<\/b> y que aquella ciudad milenaria pasar\u00eda a llamarse \u0130zmir, la traducci\u00f3n turca del nombre griego original. <\/p>\n<\/div>\n<div dir=\"ltr\" class=\"bbc-19j92fr e57qer20\" readability=\"12\">\n<p dir=\"ltr\" class=\"bbc-bm53ic e1cc2ql70\">En agosto de 1922, tras ganar la batalla final de Dumlupinar de la Guerra greco-turca, el ej\u00e9rcito de Mustafa Kemal Atat\u00fcrk -considerado como &#8220;el padre de la Turqu\u00eda moderna&#8221;-, dio un paso m\u00e1s hacia el objetivo de disminuir la influencia hel\u00e9nica en Anatolia (ahora Turqu\u00eda). <\/p>\n<\/div>\n<div dir=\"ltr\" class=\"bbc-19j92fr e57qer20\" readability=\"10\">\n<p dir=\"ltr\" class=\"bbc-bm53ic e1cc2ql70\">La batalla de Dumlupinar, adem\u00e1s de marcar el final del sangriento conflicto que se extendi\u00f3 de 1919 a 1922, represent\u00f3 <b>el principio del fin de la presencia griega en Asia Menor<\/b>. <\/p>\n<\/div>\n<div dir=\"ltr\" class=\"bbc-19j92fr e57qer20\" readability=\"11\">\n<p dir=\"ltr\" class=\"bbc-bm53ic e1cc2ql70\">Al sacar al ej\u00e9rcito del entonces reino de Grecia, Atat\u00fcrk tambi\u00e9n comenz\u00f3 a expulsar a una gran cantidad de griegos \u00e9tnicos, algo que luego se institucionaliz\u00f3 y se denomin\u00f3 &#8220;el intercambio de poblaciones entre Grecia y Turqu\u00eda&#8221;.<\/p>\n<\/div>\n<div dir=\"ltr\" class=\"bbc-1ka88fa e57qer20\">\n<figure class=\"bbc-1qdcvv9 e6bmn90\">\n<div dir=\"ltr\" class=\"bbc-172p16q e57qer20\">\n<div dir=\"ltr\" class=\"bbc-189y18v e57qer20\" readability=\"6.5\">\n<div data-e2e=\"image-placeholder\" class=\"bbc-997y1y e1whu0\" readability=\"8\"><noscript><img loading=\"lazy\" srcset=\"http:\/\/cordobadirecto.com\/wp-content\/uploads\/2021\/09\/la-destruccion-de-esmirna-como-los-turcos-acabaron-con-la-presencia-griega-en-su-territorio-quemando-una-ciudad-12.jpg 240w, http:\/\/cordobadirecto.com\/wp-content\/uploads\/2021\/09\/la-destruccion-de-esmirna-como-los-turcos-acabaron-con-la-presencia-griega-en-su-territorio-quemando-una-ciudad-13.jpg 320w, http:\/\/cordobadirecto.com\/wp-content\/uploads\/2021\/09\/la-destruccion-de-esmirna-como-los-turcos-acabaron-con-la-presencia-griega-en-su-territorio-quemando-una-ciudad-14.jpg 480w, http:\/\/cordobadirecto.com\/wp-content\/uploads\/2021\/09\/la-destruccion-de-esmirna-como-los-turcos-acabaron-con-la-presencia-griega-en-su-territorio-quemando-una-ciudad-15.jpg 624w, http:\/\/cordobadirecto.com\/wp-content\/uploads\/2021\/09\/la-destruccion-de-esmirna-como-los-turcos-acabaron-con-la-presencia-griega-en-su-territorio-quemando-una-ciudad-16.jpg 800w\" alt=\"Miles de refugiados se agolparon en el muelle del paseo mar\u00edtimo de Esmirna buscando refugio cuando la ciudad estaba en llamas.\" src=\"http:\/\/cordobadirecto.com\/wp-content\/uploads\/2021\/09\/la-destruccion-de-esmirna-como-los-turcos-acabaron-con-la-presencia-griega-en-su-territorio-quemando-una-ciudad-1.jpg\" width=\"976\" height=\"549\" class=\"eehpdyc0 bbc-oabvne e1enwo3v0\"><\/noscript><\/p>\n<p role=\"text\" class=\"bbc-1s1cxbv etq3yw90\"><span class=\"bbc-1gnhmg2 e1yt7oin0\">Fuente de la imagen, <\/span><span lang=\"en-GB\">Getty Images<\/span><\/p>\n<\/div>\n<\/div>\n<div dir=\"ltr\" class=\"bbc-3edg7g e57qer20\" readability=\"6.5\"><figcaption dir=\"ltr\" class=\"bbc-1t9zlwf eede9f50\" readability=\"3\"><span class=\"bbc-1gnhmg2 e1yt7oin0\">Pie de foto, <\/span><\/p>\n<p>Miles de refugiados se agolparon en el muelle del paseo mar\u00edtimo de Esmirna buscando refugio cuando la ciudad estaba en llamas.<\/p>\n<\/figcaption><\/div>\n<\/div>\n<\/figure>\n<\/div>\n<div dir=\"ltr\" class=\"bbc-19j92fr e57qer20\" readability=\"12\">\n<p dir=\"ltr\" class=\"bbc-bm53ic e1cc2ql70\">Mediante este intercambio de poblaci\u00f3n estipulado en el Tratado de Lausana de 1923, cerca de 1,5 millones de cristianos ortodoxos griegos -muchos de los cuales nunca hab\u00edan vivido fuera de Turqu\u00eda- fueron expulsados de este pa\u00eds y un n\u00famero menor de musulmanes fue deportado de Grecia a territorio turco.<\/p>\n<\/div>\n<p><h2 id=\"La-quema-de-Esmirna\" tabindex=\"-1\" class=\"bbc-l3e97o e14hemmw0\">La quema de Esmirna<\/h2>\n<\/p>\n<div dir=\"ltr\" class=\"bbc-19j92fr e57qer20\" readability=\"9\">\n<p dir=\"ltr\" class=\"bbc-bm53ic e1cc2ql70\">Uno de los episodios m\u00e1s oscuros de lo que algunos denominan controvertidamente &#8220;<b>el genocidio griego<\/b>&#8221; fue la quema de Esmirna, que sucedi\u00f3 poco despu\u00e9s. <\/p>\n<\/div>\n<div dir=\"ltr\" class=\"bbc-19j92fr e57qer20\" readability=\"13\">\n<p dir=\"ltr\" class=\"bbc-bm53ic e1cc2ql70\">&#8220;Fue el golpe m\u00e1s grande que ha sufrido el helenismo y uno de los m\u00e1s grandes para el cristianismo&#8221;, le dice a BBC Mundo Vasilios Meichanetsidis, coautor del libro &#8220;<i class=\"bbc-h1y5j7 ewc4zcb0\">The Genocide of the Ottoman Greeks&#8221;<\/i> (El genocidio de los otomanos griegos), un an\u00e1lisis sobre la &#8220;campa\u00f1a de exterminio&#8221; de los cristianos de Asia Menor &#8220;patrocinada por el Estado&#8221;. <\/p>\n<\/div>\n<div dir=\"ltr\" class=\"ek1plzs1 bbc-9m7iam e57qer20\">\n<figure class=\"bbc-1qdcvv9 e6bmn90\">\n<div dir=\"ltr\" class=\"bbc-vx18wi e57qer20\">\n<div dir=\"ltr\" class=\"bbc-rprdln e57qer20\" readability=\"6.5\">\n<div data-e2e=\"image-placeholder\" class=\"bbc-997y1y e1whu0\" readability=\"8\"><noscript><img loading=\"lazy\" srcset=\"http:\/\/cordobadirecto.com\/wp-content\/uploads\/2021\/09\/la-destruccion-de-esmirna-como-los-turcos-acabaron-con-la-presencia-griega-en-su-territorio-quemando-una-ciudad-17.jpg 240w, http:\/\/cordobadirecto.com\/wp-content\/uploads\/2021\/09\/la-destruccion-de-esmirna-como-los-turcos-acabaron-con-la-presencia-griega-en-su-territorio-quemando-una-ciudad-18.jpg 320w, http:\/\/cordobadirecto.com\/wp-content\/uploads\/2021\/09\/la-destruccion-de-esmirna-como-los-turcos-acabaron-con-la-presencia-griega-en-su-territorio-quemando-una-ciudad-19.jpg 412w\" alt=\"Atat\u00fcrk.\" src=\"http:\/\/cordobadirecto.com\/wp-content\/uploads\/2021\/09\/la-destruccion-de-esmirna-como-los-turcos-acabaron-con-la-presencia-griega-en-su-territorio-quemando-una-ciudad-2.jpg\" width=\"412\" height=\"549\" class=\"eehpdyc0 bbc-oabvne e1enwo3v0\"><\/noscript><\/p>\n<p role=\"text\" class=\"bbc-1s1cxbv etq3yw90\"><span class=\"bbc-1gnhmg2 e1yt7oin0\">Fuente de la imagen, <\/span><span lang=\"en-GB\">Getty Images<\/span><\/p>\n<\/div>\n<\/div>\n<div dir=\"ltr\" class=\"bbc-3edg7g e57qer20\" readability=\"7\"><figcaption dir=\"ltr\" class=\"bbc-1t9zlwf eede9f50\" readability=\"4\"><span class=\"bbc-1gnhmg2 e1yt7oin0\">Pie de foto, <\/span><\/p>\n<p>Pese a que Atat\u00fcrk fue un l\u00edder autoritario, la mayor\u00eda en Turqu\u00eda tiene una opini\u00f3n favorable respecto a su figura.<\/p>\n<\/figcaption><\/div>\n<\/div>\n<\/figure>\n<\/div>\n<div dir=\"ltr\" class=\"bbc-19j92fr e57qer20\" readability=\"10\">\n<p dir=\"ltr\" class=\"bbc-bm53ic e1cc2ql70\">Meichanetsidis asegura que la quema de Esmirna fue un golpe incluso m\u00e1s potente que la ca\u00edda de Constantinopla, porque con ella &#8220;el helenismo y el cristianismo fueron exterminados&#8221; del Imperio Otomano &#8220;por completo y para siempre&#8221;. <\/p>\n<\/div>\n<div dir=\"ltr\" class=\"bbc-19j92fr e57qer20\" readability=\"12\">\n<p dir=\"ltr\" class=\"bbc-bm53ic e1cc2ql70\">El incendio comenz\u00f3<b> la tarde del 13 de septiembre<\/b>, -cuatro d\u00edas despu\u00e9s de que el ej\u00e9rcito de Atat\u00fcrk entrara en Esmirna tras el retiro de las tropas griegas-, en el barrio armenio de la ciudad (que ahora se le llama Basmane) y se extendi\u00f3 r\u00e1pidamente debido al fuerte viento que soplaba aquel d\u00eda. <\/p>\n<\/div>\n<div dir=\"ltr\" class=\"bbc-19j92fr e57qer20\" readability=\"10\">\n<p dir=\"ltr\" class=\"bbc-bm53ic e1cc2ql70\">Adem\u00e1s, seg\u00fan los historiadores, las autoridades hicieron muy pocos esfuerzos para apagar las feroces llamas.<\/p>\n<\/div>\n<p><h2 id=\"La-destrucci\u00f3n-del-barrio-griego-y-el-armenio\" tabindex=\"-1\" class=\"bbc-l3e97o e14hemmw0\">La destrucci\u00f3n del barrio griego y el armenio<\/h2>\n<\/p>\n<div dir=\"ltr\" class=\"bbc-19j92fr e57qer20\" readability=\"11\">\n<p dir=\"ltr\" class=\"bbc-bm53ic e1cc2ql70\">&#8220;Una de las primeras personas en notar el comienzo del fuego fue Minnie Mills (&#8230;) Ella acababa de terminar su almuerzo cuando not\u00f3 que uno de los edificios vecinos estaba en llamas. Se puso de pie para mirar m\u00e1s de cerca y se sorprendi\u00f3 por lo que presenci\u00f3&#8221;, se\u00f1ala el historiador brit\u00e1nico Giles Milton en su libro &#8220;<i class=\"bbc-h1y5j7 ewc4zcb0\">Paradise Lost: Smyrna 1922<\/i>&#8221; (Para\u00edso perdido: Esmirna 1922).<\/p>\n<\/div>\n<div dir=\"ltr\" class=\"bbc-19j92fr e57qer20\" readability=\"11\">\n<p dir=\"ltr\" class=\"bbc-bm53ic e1cc2ql70\">Minnie Mills, quien era directora del Instituto Americano para Ni\u00f1as de la ciudad, le cont\u00f3 al autor que<b> vio a un oficial turco entrar a una casa<\/b> con peque\u00f1as latas de petr\u00f3leo o gasolina y que poco despu\u00e9s la casa estaba en llamas. <\/p>\n<\/div>\n<div dir=\"ltr\" class=\"bbc-19j92fr e57qer20\" readability=\"11\">\n<p dir=\"ltr\" class=\"bbc-bm53ic e1cc2ql70\">Ella no fue la \u00fanica testigo del instituto: &#8220;Nuestros maestros y ni\u00f1as vieron a los turcos con uniformes de soldados normales y algunos con uniformes de oficiales. Usaron palos largos con trapos en la punta que sumergieron en una lata con un l\u00edquido y que luego llevaron a las casas que poco despu\u00e9s resultaron quemadas &#8220;, afirm\u00f3 Mills.<\/p>\n<\/div>\n<div dir=\"ltr\" class=\"bbc-1ka88fa e57qer20\">\n<figure class=\"bbc-1qdcvv9 e6bmn90\">\n<div dir=\"ltr\" class=\"bbc-172p16q e57qer20\">\n<div dir=\"ltr\" class=\"bbc-189y18v e57qer20\" readability=\"6.5\">\n<div data-e2e=\"image-placeholder\" class=\"bbc-997y1y e1whu0\" readability=\"8\"><noscript><img loading=\"lazy\" srcset=\"http:\/\/cordobadirecto.com\/wp-content\/uploads\/2021\/09\/la-destruccion-de-esmirna-como-los-turcos-acabaron-con-la-presencia-griega-en-su-territorio-quemando-una-ciudad-20.jpg 240w, http:\/\/cordobadirecto.com\/wp-content\/uploads\/2021\/09\/la-destruccion-de-esmirna-como-los-turcos-acabaron-con-la-presencia-griega-en-su-territorio-quemando-una-ciudad-21.jpg 320w, http:\/\/cordobadirecto.com\/wp-content\/uploads\/2021\/09\/la-destruccion-de-esmirna-como-los-turcos-acabaron-con-la-presencia-griega-en-su-territorio-quemando-una-ciudad-22.jpg 480w, http:\/\/cordobadirecto.com\/wp-content\/uploads\/2021\/09\/la-destruccion-de-esmirna-como-los-turcos-acabaron-con-la-presencia-griega-en-su-territorio-quemando-una-ciudad-23.jpg 624w, http:\/\/cordobadirecto.com\/wp-content\/uploads\/2021\/09\/la-destruccion-de-esmirna-como-los-turcos-acabaron-con-la-presencia-griega-en-su-territorio-quemando-una-ciudad-24.jpg 800w\" alt=\"La ciudad de Esmirna bajo las llamas el 14 de septiembre de 1922.\" src=\"http:\/\/cordobadirecto.com\/wp-content\/uploads\/2021\/09\/la-destruccion-de-esmirna-como-los-turcos-acabaron-con-la-presencia-griega-en-su-territorio-quemando-una-ciudad-3.jpg\" width=\"976\" height=\"549\" class=\"eehpdyc0 bbc-oabvne e1enwo3v0\"><\/noscript><\/p>\n<p role=\"text\" class=\"bbc-1s1cxbv etq3yw90\"><span class=\"bbc-1gnhmg2 e1yt7oin0\">Fuente de la imagen, <\/span><span lang=\"en-GB\">Getty Images<\/span><\/p>\n<\/div>\n<\/div>\n<div dir=\"ltr\" class=\"bbc-3edg7g e57qer20\" readability=\"6\"><figcaption dir=\"ltr\" class=\"bbc-1t9zlwf eede9f50\" readability=\"2\"><span class=\"bbc-1gnhmg2 e1yt7oin0\">Pie de foto, <\/span><\/p>\n<p>La ciudad de Esmirna bajo las llamas el 14 de septiembre de 1922.<\/p>\n<\/figcaption><\/div>\n<\/div>\n<\/figure>\n<\/div>\n<div dir=\"ltr\" class=\"bbc-19j92fr e57qer20\" readability=\"9\">\n<p dir=\"ltr\" class=\"bbc-bm53ic e1cc2ql70\">Al d\u00eda siguiente del inicio del incendio, miles de refugiados se agolparon en el muelle del paseo mar\u00edtimo de Esmirna buscando refugio en una ciudad que estaba en llamas. <\/p>\n<\/div>\n<div dir=\"ltr\" class=\"bbc-19j92fr e57qer20\" readability=\"9\">\n<p dir=\"ltr\" class=\"bbc-bm53ic e1cc2ql70\">Seg\u00fan los historiadores, <b>el calor del fuego era tan intenso<\/b> que a muchos les preocupaba que los refugiados murieran.<\/p>\n<\/div>\n<div dir=\"ltr\" class=\"bbc-19j92fr e57qer20\" readability=\"10\">\n<p dir=\"ltr\" class=\"bbc-bm53ic e1cc2ql70\">&#8220;Durante toda la ma\u00f1ana se pudo ver el resplandor y luego las llamas de la ardiente Esmirna&#8221;, relata el teniente estadounidense Aaron Stanton Merrill en el libro &#8220;<i class=\"bbc-h1y5j7 ewc4zcb0\">Fires of Hatred<\/i>&#8221; (Fuegos de odio) de Norman Naimark.<\/p>\n<\/div>\n<div dir=\"ltr\" class=\"bbc-19j92fr e57qer20\" readability=\"11\">\n<p dir=\"ltr\" class=\"bbc-bm53ic e1cc2ql70\">&#8220;Llegamos aproximadamente una hora antes del amanecer y la escena era indescriptible. La ciudad entera estaba en llamas (&#8230;) Miles de refugiados sin hogar iban y ven\u00edan en el muelle abrasador, presos del p\u00e1nico hasta el punto de la locura. Era doloroso escuchar <b>los gritos desgarradores de las mujeres<\/b> y los ni\u00f1os&#8221;. <\/p>\n<\/div>\n<div dir=\"ltr\" class=\"bbc-19j92fr e57qer20\" readability=\"8\">\n<p dir=\"ltr\" class=\"bbc-bm53ic e1cc2ql70\">El incendio dur\u00f3 nueve d\u00edas y destruy\u00f3 completamente los barrios habitados por griegos y armenios; el sector musulm\u00e1n y el jud\u00edo no sufrieron da\u00f1os.<\/p>\n<\/div>\n<div dir=\"ltr\" class=\"bbc-19j92fr e57qer20\" readability=\"8\">\n<p dir=\"ltr\" class=\"bbc-bm53ic e1cc2ql70\">Existen diferentes relatos e informes que difieren sobre qui\u00e9nes fueron los responsables del incendio. <\/p>\n<\/div>\n<div dir=\"ltr\" class=\"bbc-19j92fr e57qer20\" readability=\"10\">\n<p dir=\"ltr\" class=\"bbc-bm53ic e1cc2ql70\">Pero hoy, la mayor\u00eda de los expertos est\u00e1n de acuerdo en que <b>los soldados turcos prendieron fuego a hogares<\/b> y negocios griegos y armenios. Algunas fuentes proturcas sostienen que fueron los griegos y armenios que prendieron fuego en sus propios barrios para da\u00f1ar la reputaci\u00f3n turca.<\/p>\n<\/div>\n<div dir=\"ltr\" class=\"ek1plzs1 bbc-9m7iam e57qer20\">\n<figure class=\"bbc-1qdcvv9 e6bmn90\">\n<div dir=\"ltr\" class=\"bbc-vx18wi e57qer20\">\n<div dir=\"ltr\" class=\"bbc-rprdln e57qer20\" readability=\"6.5\">\n<div data-e2e=\"image-placeholder\" class=\"bbc-997y1y e1whu0\" readability=\"8\"><noscript><img loading=\"lazy\" srcset=\"http:\/\/cordobadirecto.com\/wp-content\/uploads\/2021\/09\/la-destruccion-de-esmirna-como-los-turcos-acabaron-con-la-presencia-griega-en-su-territorio-quemando-una-ciudad-25.jpg 240w, http:\/\/cordobadirecto.com\/wp-content\/uploads\/2021\/09\/la-destruccion-de-esmirna-como-los-turcos-acabaron-con-la-presencia-griega-en-su-territorio-quemando-una-ciudad-26.jpg 320w, http:\/\/cordobadirecto.com\/wp-content\/uploads\/2021\/09\/la-destruccion-de-esmirna-como-los-turcos-acabaron-con-la-presencia-griega-en-su-territorio-quemando-una-ciudad-27.jpg 480w, http:\/\/cordobadirecto.com\/wp-content\/uploads\/2021\/09\/la-destruccion-de-esmirna-como-los-turcos-acabaron-con-la-presencia-griega-en-su-territorio-quemando-una-ciudad-28.jpg 624w, http:\/\/cordobadirecto.com\/wp-content\/uploads\/2021\/09\/la-destruccion-de-esmirna-como-los-turcos-acabaron-con-la-presencia-griega-en-su-territorio-quemando-una-ciudad-29.jpg 778w\" alt=\"Esmirna\" src=\"http:\/\/cordobadirecto.com\/wp-content\/uploads\/2021\/09\/la-destruccion-de-esmirna-como-los-turcos-acabaron-con-la-presencia-griega-en-su-territorio-quemando-una-ciudad-4.jpg\" width=\"778\" height=\"1024\" class=\"eehpdyc0 bbc-oabvne e1enwo3v0\"><\/noscript><\/p>\n<p role=\"text\" class=\"bbc-1s1cxbv etq3yw90\"><span class=\"bbc-1gnhmg2 e1yt7oin0\">Fuente de la imagen, <\/span><span lang=\"en-GB\">Getty Images<\/span><\/p>\n<\/div>\n<\/div>\n<div dir=\"ltr\" class=\"bbc-3edg7g e57qer20\" readability=\"6\"><figcaption dir=\"ltr\" class=\"bbc-1t9zlwf eede9f50\" readability=\"2\"><span class=\"bbc-1gnhmg2 e1yt7oin0\">Pie de foto, <\/span><\/p>\n<p>Esmirma era una ciudad pr\u00f3spera y multicultural antes del incendio.<\/p>\n<\/figcaption><\/div>\n<\/div>\n<\/figure>\n<\/div>\n<p><h2 id=\"La-ciudad-ten\u00eda-que-quemarse\" tabindex=\"-1\" class=\"bbc-l3e97o e14hemmw0\">&#8220;La ciudad ten\u00eda que quemarse&#8221;<\/h2>\n<\/p>\n<div dir=\"ltr\" class=\"bbc-19j92fr e57qer20\" readability=\"15\">\n<p dir=\"ltr\" class=\"bbc-bm53ic e1cc2ql70\">&#8220;Hay controversia sobre el tema, pero la mayor\u00eda de los historiadores, ya sean occidentales, griegos e incluso turcos, ahora admiten que fueros las tropas de Atat\u00fcrk. De acuerdo con la ideolog\u00eda turca de la \u00e9poca, la ciudad ten\u00eda que quemarse&#8221;, asegura Vasilios Meichanetsidis. <\/p>\n<\/div>\n<div dir=\"ltr\" class=\"bbc-19j92fr e57qer20\" readability=\"12\">\n<p dir=\"ltr\" class=\"bbc-bm53ic e1cc2ql70\">&#8220;Los turcos estaban determinados a crear un Estado moderno turco, donde no hubiera minor\u00edas, sino que todos ser\u00edan turcos, turcos musulmanes. Incluso los kurdos vivieron ese <b>proceso de &#8220;turqueizaci\u00f3n&#8221;<\/b> dentro de esa idea nacionalista&#8221; prosigue. <\/p>\n<\/div>\n<div dir=\"ltr\" class=\"bbc-19j92fr e57qer20\" readability=\"10\">\n<p dir=\"ltr\" class=\"bbc-bm53ic e1cc2ql70\">El Otomano era un imperio cosmopolita, multi\u00e9tnico y multireligioso y para muchos &#8220;kemalistas&#8221; (como se les llamaba a los seguidores de Kemal Atat\u00fcrk) esa fue una de las causas de su desmembramiento.<\/p>\n<\/div>\n<div dir=\"ltr\" class=\"bbc-19j92fr e57qer20\" readability=\"10\">\n<p dir=\"ltr\" class=\"bbc-bm53ic e1cc2ql70\">La idea de Atat\u00fcrk era convencer a todas esas etnias y grupos religiosos diferentes de que siguieran formando parte de la Rep\u00fablica Turca bajo el concepto de que hab\u00eda solamente una etnia en el sentido c\u00edvico de la palabra, refiri\u00e9ndose a la &#8220;turqueidad&#8221;: la calidad de ser turco.<\/p>\n<\/div>\n<div dir=\"ltr\" class=\"ek1plzs1 bbc-9m7iam e57qer20\">\n<figure class=\"bbc-1qdcvv9 e6bmn90\">\n<div dir=\"ltr\" class=\"bbc-vx18wi e57qer20\">\n<div dir=\"ltr\" class=\"bbc-rprdln e57qer20\">\n<div data-e2e=\"image-placeholder\" class=\"bbc-997y1y e1whu0\"><noscript><img loading=\"lazy\" srcset=\"http:\/\/cordobadirecto.com\/wp-content\/uploads\/2021\/09\/la-destruccion-de-esmirna-como-los-turcos-acabaron-con-la-presencia-griega-en-su-territorio-quemando-una-ciudad-30.jpg 240w, http:\/\/cordobadirecto.com\/wp-content\/uploads\/2021\/09\/la-destruccion-de-esmirna-como-los-turcos-acabaron-con-la-presencia-griega-en-su-territorio-quemando-una-ciudad-31.jpg 320w, http:\/\/cordobadirecto.com\/wp-content\/uploads\/2021\/09\/la-destruccion-de-esmirna-como-los-turcos-acabaron-con-la-presencia-griega-en-su-territorio-quemando-una-ciudad-32.jpg 480w, http:\/\/cordobadirecto.com\/wp-content\/uploads\/2021\/09\/la-destruccion-de-esmirna-como-los-turcos-acabaron-con-la-presencia-griega-en-su-territorio-quemando-una-ciudad-33.jpg 624w, http:\/\/cordobadirecto.com\/wp-content\/uploads\/2021\/09\/la-destruccion-de-esmirna-como-los-turcos-acabaron-con-la-presencia-griega-en-su-territorio-quemando-una-ciudad-34.jpg 800w\" alt=\"Mapa\" src=\"http:\/\/cordobadirecto.com\/wp-content\/uploads\/2021\/09\/la-destruccion-de-esmirna-como-los-turcos-acabaron-con-la-presencia-griega-en-su-territorio-quemando-una-ciudad-5.jpg\" width=\"900\" height=\"1029\" class=\"eehpdyc0 bbc-oabvne e1enwo3v0\"><\/noscript><\/div>\n<\/div>\n<\/div>\n<\/figure>\n<\/div>\n<div dir=\"ltr\" class=\"bbc-19j92fr e57qer20\" readability=\"9\">\n<p dir=\"ltr\" class=\"bbc-bm53ic e1cc2ql70\">Seg\u00fan Meichanetsidis, la quema de ciudades y de pueblos ya hab\u00eda estado pasando en Anatolia durante 10 a\u00f1os. <\/p>\n<\/div>\n<div dir=\"ltr\" class=\"bbc-19j92fr e57qer20\" readability=\"9\">\n<p dir=\"ltr\" class=\"bbc-bm53ic e1cc2ql70\">&#8220;Los turcos sol\u00edan llegar a estos lugares, <b>masacraban a los armenios o a los griegos<\/b> que encontraban y luego quemaban el lugar para evitar que ning\u00fan refugiado pudiera regresar&#8221;. <\/p>\n<\/div>\n<div dir=\"ltr\" class=\"bbc-19j92fr e57qer20\" readability=\"18\">\n<p dir=\"ltr\" class=\"bbc-bm53ic e1cc2ql70\">Antes de su quema, Esmirna era una de las ciudades m\u00e1s cosmopolitas del Imperio Otomano, con habitantes griegos, armenios, levantinos, jud\u00edos, otomanos turcos, ingleses, estadounidenses y franceses, entre otras nacionalidades. <\/p>\n<\/div>\n<div dir=\"ltr\" class=\"bbc-19j92fr e57qer20\" readability=\"7\">\n<p dir=\"ltr\" class=\"bbc-bm53ic e1cc2ql70\">Era <b>una ciudad que ya no ten\u00eda cabida<\/b> dentro de la Turqu\u00eda que estaba por nacer. <\/p>\n<\/div>\n<div dir=\"ltr\" class=\"bbc-19j92fr e57qer20\" readability=\"10\">\n<p dir=\"ltr\" class=\"bbc-bm53ic e1cc2ql70\">Durante m\u00e1s de 3.000 a\u00f1os, los griegos hab\u00edan vivido en el territorio de lo que hoy es Turqu\u00eda y hasta los \u00faltimos d\u00edas del Imperio Otomano todav\u00eda exist\u00eda una importante comunidad hel\u00e9nica que dominaba gran parte del comercio en Asia Menor. <\/p>\n<\/div>\n<div dir=\"ltr\" class=\"bbc-19j92fr e57qer20\" readability=\"9\">\n<p dir=\"ltr\" class=\"bbc-bm53ic e1cc2ql70\">El proceso para &#8220;turqueizar&#8221; e islamizar una ciudad del tama\u00f1o de Esmirna no era para nada f\u00e1cil. Sin embargo, la guerra greco-turca les dio una oportunidad de oro a los kemalistas.<\/p>\n<\/div>\n<p><h2 id=\"La-herencia-griega-desaparecida-o-transformada\" tabindex=\"-1\" class=\"bbc-l3e97o e14hemmw0\">La herencia griega: desaparecida o transformada<\/h2>\n<\/p>\n<div dir=\"ltr\" class=\"bbc-19j92fr e57qer20\" readability=\"7\">\n<p dir=\"ltr\" class=\"bbc-bm53ic e1cc2ql70\">Se estima que antes de la quema de Esmirna cerca de 2 millones de griegos hac\u00edan vida en Anatolia. <\/p>\n<\/div>\n<div dir=\"ltr\" class=\"bbc-19j92fr e57qer20\" readability=\"9\">\n<p dir=\"ltr\" class=\"bbc-bm53ic e1cc2ql70\">Pero tras el incendio y especialmente despu\u00e9s del intercambio de poblaciones en 1923 y los <b>Disturbios de Estambul de 1955<\/b>, la poblaci\u00f3n griega se redujo dram\u00e1ticamente. <\/p>\n<\/div>\n<div dir=\"ltr\" class=\"bbc-19j92fr e57qer20\" readability=\"11\">\n<p dir=\"ltr\" class=\"bbc-bm53ic e1cc2ql70\">&#8220;Actualmente hay menos de 2.000 en todo el pa\u00eds. En Esmirna hay unos pocos que se han instalado en la ciudad recientemente. Despu\u00e9s de los eventos de 1922, a los griegos se les hizo dif\u00edcil quedarse en Esmirna&#8221;, detalla el historiador Vasilios Meichanetsidis.<\/p>\n<\/div>\n<div dir=\"ltr\" class=\"bbc-19j92fr e57qer20\" readability=\"8\">\n<p dir=\"ltr\" class=\"bbc-bm53ic e1cc2ql70\">Muchos monumentos y recordatorios de la herencia que dejaron los griegos en Turqu\u00eda han desaparecido o <b>han sido transformados con el paso del tiempo<\/b>.<\/p>\n<\/div>\n<div dir=\"ltr\" class=\"bbc-19j92fr e57qer20\" readability=\"10\">\n<p dir=\"ltr\" class=\"bbc-bm53ic e1cc2ql70\">&#8220;Hoy quedan muy pocos recordatorios del pasado griego en Turqu\u00eda, sobre todo en Esmirna, porque el incendio devor\u00f3 todo el barrio de la comunidad en esa ciudad&#8221;. <\/p>\n<\/div>\n<div dir=\"ltr\" class=\"bbc-1ka88fa e57qer20\">\n<figure class=\"bbc-1qdcvv9 e6bmn90\">\n<div dir=\"ltr\" class=\"bbc-172p16q e57qer20\">\n<div dir=\"ltr\" class=\"bbc-189y18v e57qer20\" readability=\"6.5\">\n<div data-e2e=\"image-placeholder\" class=\"bbc-997y1y e1whu0\" readability=\"8\"><noscript><img loading=\"lazy\" srcset=\"http:\/\/cordobadirecto.com\/wp-content\/uploads\/2021\/09\/la-destruccion-de-esmirna-como-los-turcos-acabaron-con-la-presencia-griega-en-su-territorio-quemando-una-ciudad-35.jpg 240w, http:\/\/cordobadirecto.com\/wp-content\/uploads\/2021\/09\/la-destruccion-de-esmirna-como-los-turcos-acabaron-con-la-presencia-griega-en-su-territorio-quemando-una-ciudad-36.jpg 320w, http:\/\/cordobadirecto.com\/wp-content\/uploads\/2021\/09\/la-destruccion-de-esmirna-como-los-turcos-acabaron-con-la-presencia-griega-en-su-territorio-quemando-una-ciudad-37.jpg 480w, http:\/\/cordobadirecto.com\/wp-content\/uploads\/2021\/09\/la-destruccion-de-esmirna-como-los-turcos-acabaron-con-la-presencia-griega-en-su-territorio-quemando-una-ciudad-38.jpg 624w, http:\/\/cordobadirecto.com\/wp-content\/uploads\/2021\/09\/la-destruccion-de-esmirna-como-los-turcos-acabaron-con-la-presencia-griega-en-su-territorio-quemando-una-ciudad-39.jpg 800w\" alt=\"Santa Sof\u00eda en el atardecer.\" src=\"http:\/\/cordobadirecto.com\/wp-content\/uploads\/2021\/09\/la-destruccion-de-esmirna-como-los-turcos-acabaron-con-la-presencia-griega-en-su-territorio-quemando-una-ciudad-6.jpg\" width=\"976\" height=\"549\" class=\"eehpdyc0 bbc-oabvne e1enwo3v0\"><\/noscript><\/p>\n<p role=\"text\" class=\"bbc-1s1cxbv etq3yw90\"><span class=\"bbc-1gnhmg2 e1yt7oin0\">Fuente de la imagen, <\/span><span lang=\"en-GB\">Getty Images<\/span><\/p>\n<\/div>\n<\/div>\n<div dir=\"ltr\" class=\"bbc-3edg7g e57qer20\" readability=\"7.5\"><figcaption dir=\"ltr\" class=\"bbc-1t9zlwf eede9f50\" readability=\"5\"><span class=\"bbc-1gnhmg2 e1yt7oin0\">Pie de foto, <\/span><\/p>\n<p>Atat\u00fcrk transform\u00f3 Santa Sof\u00eda, que era una iglesia ortodoxa, en museo en 1935. El a\u00f1o pasado el gobierno de Tayyip Erdogan dio luz verde a los planes para reconvertirla en una mezquita.<\/p>\n<\/figcaption><\/div>\n<\/div>\n<\/figure>\n<\/div>\n<div dir=\"ltr\" class=\"bbc-1ka88fa e57qer20\">\n<figure class=\"bbc-1qdcvv9 e6bmn90\">\n<div dir=\"ltr\" class=\"bbc-172p16q e57qer20\">\n<div dir=\"ltr\" class=\"bbc-189y18v e57qer20\">\n<div data-e2e=\"image-placeholder\" class=\"bbc-997y1y e1whu0\"><noscript><img loading=\"lazy\" srcset=\"http:\/\/cordobadirecto.com\/wp-content\/uploads\/2021\/09\/la-destruccion-de-esmirna-como-los-turcos-acabaron-con-la-presencia-griega-en-su-territorio-quemando-una-ciudad-40.jpg 240w, http:\/\/cordobadirecto.com\/wp-content\/uploads\/2021\/09\/la-destruccion-de-esmirna-como-los-turcos-acabaron-con-la-presencia-griega-en-su-territorio-quemando-una-ciudad-41.jpg 320w, http:\/\/cordobadirecto.com\/wp-content\/uploads\/2021\/09\/la-destruccion-de-esmirna-como-los-turcos-acabaron-con-la-presencia-griega-en-su-territorio-quemando-una-ciudad-42.jpg 464w\" alt=\"L\u00ednea\" src=\"http:\/\/cordobadirecto.com\/wp-content\/uploads\/2021\/09\/la-destruccion-de-esmirna-como-los-turcos-acabaron-con-la-presencia-griega-en-su-territorio-quemando-una-ciudad-7.jpg\" width=\"464\" height=\"2\" class=\"eehpdyc0 bbc-oabvne e1enwo3v0\"><\/noscript><\/div>\n<\/div>\n<\/div>\n<\/figure>\n<\/div>\n<div dir=\"ltr\" class=\"bbc-19j92fr e57qer20\" readability=\"8\">\n<p dir=\"ltr\" class=\"bbc-bm53ic e1cc2ql70\"><i class=\"bbc-h1y5j7 ewc4zcb0\">Recuerda que<\/i><i class=\"bbc-h1y5j7 ewc4zcb0\"> puedes recibir notificaciones de BBC Mundo. Descarga<\/i><i class=\"bbc-h1y5j7 ewc4zcb0\">nuestra app y act\u00edvalas para no perderte nuestro mejor contenido.<\/i><\/p>\n<\/div>\n","protected":false},"excerpt":{"rendered":"<p>Norberto Paredes @norbertparedes BBC News Mundo 18 septiembre 2021 Fuente de la imagen, Dominio p\u00fablico A principios del siglo pasado, yac\u00eda en la costa occidental de lo que hoy es Turqu\u00eda una ciudad mayoritariamente griega ba\u00f1ada por el mar Mediterr\u00e1neo. Esmirna era una pr\u00f3spera urbe donde los turcos eran minor\u00eda y representaban menos de un [&hellip;]<\/p>\n","protected":false},"author":1,"featured_media":19092,"comment_status":"closed","ping_status":"closed","sticky":false,"template":"","format":"standard","meta":[],"categories":[24],"tags":[],"_links":{"self":[{"href":"http:\/\/cordobadirecto.com\/index.php\/wp-json\/wp\/v2\/posts\/19091"}],"collection":[{"href":"http:\/\/cordobadirecto.com\/index.php\/wp-json\/wp\/v2\/posts"}],"about":[{"href":"http:\/\/cordobadirecto.com\/index.php\/wp-json\/wp\/v2\/types\/post"}],"author":[{"embeddable":true,"href":"http:\/\/cordobadirecto.com\/index.php\/wp-json\/wp\/v2\/users\/1"}],"replies":[{"embeddable":true,"href":"http:\/\/cordobadirecto.com\/index.php\/wp-json\/wp\/v2\/comments?post=19091"}],"version-history":[{"count":0,"href":"http:\/\/cordobadirecto.com\/index.php\/wp-json\/wp\/v2\/posts\/19091\/revisions"}],"wp:featuredmedia":[{"embeddable":true,"href":"http:\/\/cordobadirecto.com\/index.php\/wp-json\/wp\/v2\/media\/19092"}],"wp:attachment":[{"href":"http:\/\/cordobadirecto.com\/index.php\/wp-json\/wp\/v2\/media?parent=19091"}],"wp:term":[{"taxonomy":"category","embeddable":true,"href":"http:\/\/cordobadirecto.com\/index.php\/wp-json\/wp\/v2\/categories?post=19091"},{"taxonomy":"post_tag","embeddable":true,"href":"http:\/\/cordobadirecto.com\/index.php\/wp-json\/wp\/v2\/tags?post=19091"}],"curies":[{"name":"wp","href":"https:\/\/api.w.org\/{rel}","templated":true}]}}