{"id":19191,"date":"2021-09-15T11:32:56","date_gmt":"2021-09-15T11:32:56","guid":{"rendered":"https:\/\/es.digitaltrends.com\/?p=864073"},"modified":"2021-09-15T11:32:56","modified_gmt":"2021-09-15T11:32:56","slug":"facebook-reconoce-que-instagram-es-toxico-para-las-adolescentes","status":"publish","type":"post","link":"http:\/\/cordobadirecto.com\/index.php\/2021\/09\/15\/facebook-reconoce-que-instagram-es-toxico-para-las-adolescentes\/","title":{"rendered":"Facebook reconoce que Instagram es \u201ct\u00f3xico\u201d para las adolescentes"},"content":{"rendered":"<div><img src=\"http:\/\/cordobadirecto.com\/wp-content\/uploads\/2021\/09\/facebook-reconoce-que-instagram-es-toxico-para-las-adolescentes.jpg\" class=\"ff-og-image-inserted\"><\/div>\n<p>Instagram es una de las <a href=\"https:\/\/es.digitaltrends.com\/sociales\/\">redes sociales<\/a> m\u00e1s populares que existen, y parte importante de su p\u00fablico corresponde a adolescentes de distintos pa\u00edses.<\/p>\n<p>El problema es que el uso de esta plataforma podr\u00eda provocar un severo da\u00f1o en la salud mental de los j\u00f3venes, tal como lo reconoce <a href=\"https:\/\/es.digitaltrends.com\/computadoras\/como-descargar-videos-facebook\/\">Facebook<\/a>, la compa\u00f1\u00eda propietaria, en un informe.<\/p>\n<p>Como parte de una investigaci\u00f3n<em>, <a href=\"https:\/\/www.wsj.com\/articles\/facebook-knows-instagram-is-toxic-for-teen-girls-company-documents-show-11631620739\" target=\"_blank\" rel=\"noopener\">The Wall Street Journa<\/a>l<\/em> tuvo acceso a una serie de documentos de la empresa de <a href=\"https:\/\/es.digitaltrends.com\/tendencias\/mark-zuckerberg-brazalete-anti-tiburones\/\">Mark Zuckerberg<\/a> y reconoce el impacto negativo de <a href=\"https:\/\/es.digitaltrends.com\/sociales\/instagram-mejoras-motor-busquedas\/\">Instagram<\/a> en los usuarios de menos edad, especialmente en las adolescentes.<\/p>\n<p>Seg\u00fan el reporte, la red social har\u00eda sentir m\u00e1s inseguras a las j\u00f3venes, en particular respecto a su imagen corporal. \u201cUn 32 por ciento de las chicas dicen que cuando se sienten mal con su cuerpo, Instagram las hace sentir peor\u201d, se\u00f1ala parte del informe.<\/p>\n<p>\u201cEmpeoramos los problemas de imagen corporal de una de cada tres adolescentes\u201d, enfatiza una diapositiva que se present\u00f3 de manera interna en Facebook.<\/p>\n<p>La nota se detiene en un estudio llevado a cabo por Facebook sobre los usuarios adolescentes de Instagram en Estados Unidos y Reino Unido, que descubri\u00f3 que m\u00e1s de 40 por ciento de los que declararon sentirse poco atractivos, dijeron que esos sentimientos empezaron cuando usaron Instagram.<\/p>\n<p>Una de las conclusiones de esta investigaci\u00f3n interna indica que Instagram est\u00e1 dise\u00f1ado para una mayor \u201ccomparaci\u00f3n social\u201d, en relaci\u00f3n a otras aplicaciones rivales como TikTok y Snapchat, que se centran m\u00e1s en la acci\u00f3n o los filtros graciosos.<\/p>\n<p>Estos resultados deben ser tomados con seriedad y responsabilidad por la compa\u00f1\u00eda, m\u00e1s cuando se ha conocido la intenci\u00f3n de Mark Zuckerberg de lanzar un Facebook para ni\u00f1os pr\u00f3ximamente.<\/p>\n<h4 class=\"h-editors-recs-title\"> Recomendaciones del editor\t<\/h4>\n<p> <span id=\"publisher-md\" itemprop=\"publisher\" itemscope itemtype=\"https:\/\/schema.org\/Organization\"> <span itemprop=\"url\" itemtype=\"https:\/\/schema.org\/Url\" content=\"https:\/\/es.digitaltrends.com\"> <span itemprop=\"logo\" itemscope itemtype=\"https:\/\/schema.org\/ImageObject\"> <meta itemprop=\"url\" content=\"https:\/\/cdn.dtcn.com\/dt\/dt-logo-small.png\"> <meta itemprop=\"width\" content=\"0\"> <meta itemprop=\"height\" content=\"0\"> <\/span> <meta itemprop=\"name\" content=\"Digital Trends Espa\u00f1ol\"> <\/span> <span itemprop=\"image\" itemscope itemtype=\"https:\/\/schema.org\/ImageObject\"> <meta itemprop=\"url\" content=\"http:\/\/cordobadirecto.com\/wp-content\/uploads\/2021\/09\/facebook-reconoce-que-instagram-es-toxico-para-las-adolescentes.jpg\"> <\/span> <\/span><\/p>\n","protected":false},"excerpt":{"rendered":"<p>Instagram es una de las redes sociales m\u00e1s populares que existen, y parte importante de su p\u00fablico corresponde a adolescentes de distintos pa\u00edses. El problema es que el uso de esta plataforma podr\u00eda provocar un severo da\u00f1o en la salud mental de los j\u00f3venes, tal como lo reconoce Facebook, la compa\u00f1\u00eda propietaria, en un informe. [&hellip;]<\/p>\n","protected":false},"author":1,"featured_media":19192,"comment_status":"closed","ping_status":"closed","sticky":false,"template":"","format":"standard","meta":[],"categories":[26],"tags":[],"_links":{"self":[{"href":"http:\/\/cordobadirecto.com\/index.php\/wp-json\/wp\/v2\/posts\/19191"}],"collection":[{"href":"http:\/\/cordobadirecto.com\/index.php\/wp-json\/wp\/v2\/posts"}],"about":[{"href":"http:\/\/cordobadirecto.com\/index.php\/wp-json\/wp\/v2\/types\/post"}],"author":[{"embeddable":true,"href":"http:\/\/cordobadirecto.com\/index.php\/wp-json\/wp\/v2\/users\/1"}],"replies":[{"embeddable":true,"href":"http:\/\/cordobadirecto.com\/index.php\/wp-json\/wp\/v2\/comments?post=19191"}],"version-history":[{"count":0,"href":"http:\/\/cordobadirecto.com\/index.php\/wp-json\/wp\/v2\/posts\/19191\/revisions"}],"wp:featuredmedia":[{"embeddable":true,"href":"http:\/\/cordobadirecto.com\/index.php\/wp-json\/wp\/v2\/media\/19192"}],"wp:attachment":[{"href":"http:\/\/cordobadirecto.com\/index.php\/wp-json\/wp\/v2\/media?parent=19191"}],"wp:term":[{"taxonomy":"category","embeddable":true,"href":"http:\/\/cordobadirecto.com\/index.php\/wp-json\/wp\/v2\/categories?post=19191"},{"taxonomy":"post_tag","embeddable":true,"href":"http:\/\/cordobadirecto.com\/index.php\/wp-json\/wp\/v2\/tags?post=19191"}],"curies":[{"name":"wp","href":"https:\/\/api.w.org\/{rel}","templated":true}]}}