{"id":19211,"date":"2021-09-18T23:15:00","date_gmt":"2021-09-18T23:15:00","guid":{"rendered":"http:\/\/cordobadirecto.com\/index.php\/2021\/09\/18\/las-ambiciones-de-massa-y-un-gabinete-de-transicion-politica-la-voz-del-interior\/"},"modified":"2021-09-18T23:15:00","modified_gmt":"2021-09-18T23:15:00","slug":"las-ambiciones-de-massa-y-un-gabinete-de-transicion-politica-la-voz-del-interior","status":"publish","type":"post","link":"http:\/\/cordobadirecto.com\/index.php\/2021\/09\/18\/las-ambiciones-de-massa-y-un-gabinete-de-transicion-politica-la-voz-del-interior\/","title":{"rendered":"Las ambiciones de Massa, \u00bfy un gabinete de transici\u00f3n? | Pol\u00edtica | La Voz del Interior"},"content":{"rendered":"<p>El <b>nuevo<\/b> equipo no despeja las dudas en el oficialismo. &#8230; Debe \u201ctranquilizar\u201d la <b>econom\u00eda<\/b> como prometi\u00f3 en <b>C\u00f3rdoba<\/b> cuando disert\u00f3 hace 15 d\u00edas, y acordar&nbsp;&#8230; <\/p>\n","protected":false},"excerpt":{"rendered":"<p>El nuevo equipo no despeja las dudas en el oficialismo. &#8230; Debe \u201ctranquilizar\u201d la econom\u00eda como prometi\u00f3 en C\u00f3rdoba cuando disert\u00f3 hace 15 d\u00edas, y acordar&nbsp;&#8230;<\/p>\n","protected":false},"author":1,"featured_media":0,"comment_status":"closed","ping_status":"closed","sticky":false,"template":"","format":"standard","meta":[],"categories":[40],"tags":[],"_links":{"self":[{"href":"http:\/\/cordobadirecto.com\/index.php\/wp-json\/wp\/v2\/posts\/19211"}],"collection":[{"href":"http:\/\/cordobadirecto.com\/index.php\/wp-json\/wp\/v2\/posts"}],"about":[{"href":"http:\/\/cordobadirecto.com\/index.php\/wp-json\/wp\/v2\/types\/post"}],"author":[{"embeddable":true,"href":"http:\/\/cordobadirecto.com\/index.php\/wp-json\/wp\/v2\/users\/1"}],"replies":[{"embeddable":true,"href":"http:\/\/cordobadirecto.com\/index.php\/wp-json\/wp\/v2\/comments?post=19211"}],"version-history":[{"count":0,"href":"http:\/\/cordobadirecto.com\/index.php\/wp-json\/wp\/v2\/posts\/19211\/revisions"}],"wp:attachment":[{"href":"http:\/\/cordobadirecto.com\/index.php\/wp-json\/wp\/v2\/media?parent=19211"}],"wp:term":[{"taxonomy":"category","embeddable":true,"href":"http:\/\/cordobadirecto.com\/index.php\/wp-json\/wp\/v2\/categories?post=19211"},{"taxonomy":"post_tag","embeddable":true,"href":"http:\/\/cordobadirecto.com\/index.php\/wp-json\/wp\/v2\/tags?post=19211"}],"curies":[{"name":"wp","href":"https:\/\/api.w.org\/{rel}","templated":true}]}}