{"id":19224,"date":"2021-09-17T20:07:41","date_gmt":"2021-09-17T20:07:41","guid":{"rendered":"https:\/\/www.cordoba.gob.ar\/?p=13457"},"modified":"2021-09-17T20:07:41","modified_gmt":"2021-09-17T20:07:41","slug":"el-auditorio-del-cpc-colon-reabre-sus-puertas","status":"publish","type":"post","link":"http:\/\/cordobadirecto.com\/index.php\/2021\/09\/17\/el-auditorio-del-cpc-colon-reabre-sus-puertas\/","title":{"rendered":"El auditorio del CPC Col\u00f3n reabre sus puertas"},"content":{"rendered":"<div><img src=\"http:\/\/cordobadirecto.com\/wp-content\/uploads\/2021\/09\/el-auditorio-del-cpc-colon-reabre-sus-puertas.jpg\" class=\"ff-og-image-inserted\"><\/div>\n<ul>\n<li><strong>Este s\u00e1bado a las 18 hs, ser\u00e1 el primer concierto presencial a cargo del Ensamble Municipal de M\u00fasica Ciudadana. <\/strong><br \/><strong>El aforo ser\u00e1 de 80 espectadores con reserva previa y la entrada es libre y gratuita.<\/strong><br \/>\n<hr>\n<\/li>\n<\/ul>\n<p>Tras estar m\u00e1s de un a\u00f1o cerrado a ra\u00edz de la pandemia, \u00e9ste s\u00e1bado 18 de septiembre a las 18 horas reabren las puertas del auditorio del CPC para brindar un espect\u00e1culo presencial del Ensamble Municipal de M\u00fasica Ciudadana.<\/p>\n<p>Con un aforo de 80 personas y con entrada libre y gratuita, los vecinos podr\u00e1n disfrutar del ciclo \u201cDes-Concierto\u201d, un espect\u00e1culo de tango a cargo del Ensamble Municipal de M\u00fasica Ciudadana. Al ser un aforo limitado, s\u00f3lo podr\u00e1n ingresar quienes realicen la reserva previa al siguiente <a href=\"https:\/\/forms.gle\/abfEoyvo8rAQagds7\">link<\/a><\/p>\n<p>Este espect\u00e1culo se enmarca en el ciclo de intervenciones art\u00edsticas desarrolladas por la Subsecretar\u00eda de Cultura de la Municipalidad de C\u00f3rdoba, que tiene como objetivo acercar la producci\u00f3n cultural a los vecinos y vecinas.<\/p>\n<p>Cabe destacar, que la infraestructura del auditorio ha sido recientemente revalorizada en el marco del Plan de Recuperaci\u00f3n Edilicia de los CPC impulsado por el intendente Mart\u00edn Llaryora. Los trabajos incluyeron el revestimiento del piso del ingreso, reemplazando la alfombra deteriorada por piso flotante y el cambio de la totalidad del techo de chapa y canaletas del auditorio.<\/p>\n<p><strong>Sobre el Ensamble Municipal de M\u00fasica Ciudadana<\/strong><\/p>\n<p>El Ensamble Municipal de M\u00fasica Ciudadana se constituy\u00f3 en 2004 con el prop\u00f3sito de representar el g\u00e9nero del tango. La ciudad de C\u00f3rdoba hizo su aporte a este movimiento de la mano de compositores como Edmundo Cartos, Cristino Tapia, Ciriaco Ortiz, Zenobio G\u00f3mez, Valeriano Reina, Julio Morcillo, entre otros.<\/p>\n<p>El prop\u00f3sito del Ensamble es, no solo recrear cl\u00e1sicos de Tango, sino tambi\u00e9n rescatar composiciones desconocidas, sumar piezas y compositores actuales y fusionarlas como una forma de mantener vivo y din\u00e1mico este g\u00e9nero.<\/p>\n","protected":false},"excerpt":{"rendered":"<p>Este s\u00e1bado a las 18 hs, ser\u00e1 el primer concierto presencial a cargo del Ensamble Municipal de M\u00fasica Ciudadana. El aforo ser\u00e1 de 80 espectadores con reserva previa y la entrada es libre y gratuita. Tras estar m\u00e1s de un a\u00f1o cerrado a ra\u00edz de la pandemia, \u00e9ste s\u00e1bado 18 de septiembre a las 18 [&hellip;]<\/p>\n","protected":false},"author":1,"featured_media":19225,"comment_status":"closed","ping_status":"closed","sticky":false,"template":"","format":"standard","meta":[],"categories":[44],"tags":[],"_links":{"self":[{"href":"http:\/\/cordobadirecto.com\/index.php\/wp-json\/wp\/v2\/posts\/19224"}],"collection":[{"href":"http:\/\/cordobadirecto.com\/index.php\/wp-json\/wp\/v2\/posts"}],"about":[{"href":"http:\/\/cordobadirecto.com\/index.php\/wp-json\/wp\/v2\/types\/post"}],"author":[{"embeddable":true,"href":"http:\/\/cordobadirecto.com\/index.php\/wp-json\/wp\/v2\/users\/1"}],"replies":[{"embeddable":true,"href":"http:\/\/cordobadirecto.com\/index.php\/wp-json\/wp\/v2\/comments?post=19224"}],"version-history":[{"count":0,"href":"http:\/\/cordobadirecto.com\/index.php\/wp-json\/wp\/v2\/posts\/19224\/revisions"}],"wp:featuredmedia":[{"embeddable":true,"href":"http:\/\/cordobadirecto.com\/index.php\/wp-json\/wp\/v2\/media\/19225"}],"wp:attachment":[{"href":"http:\/\/cordobadirecto.com\/index.php\/wp-json\/wp\/v2\/media?parent=19224"}],"wp:term":[{"taxonomy":"category","embeddable":true,"href":"http:\/\/cordobadirecto.com\/index.php\/wp-json\/wp\/v2\/categories?post=19224"},{"taxonomy":"post_tag","embeddable":true,"href":"http:\/\/cordobadirecto.com\/index.php\/wp-json\/wp\/v2\/tags?post=19224"}],"curies":[{"name":"wp","href":"https:\/\/api.w.org\/{rel}","templated":true}]}}