{"id":19226,"date":"2021-09-17T18:59:38","date_gmt":"2021-09-17T18:59:38","guid":{"rendered":"https:\/\/www.cordoba.gob.ar\/?p=13454"},"modified":"2021-09-17T18:59:38","modified_gmt":"2021-09-17T18:59:38","slug":"obras-privadas-firman-convenio-con-el-colegio-de-arquitectos-para-la-regularizacion-de-tramites-atrasados","status":"publish","type":"post","link":"http:\/\/cordobadirecto.com\/index.php\/2021\/09\/17\/obras-privadas-firman-convenio-con-el-colegio-de-arquitectos-para-la-regularizacion-de-tramites-atrasados\/","title":{"rendered":"Obras Privadas: firman convenio con el Colegio de Arquitectos para la regularizaci\u00f3n de tr\u00e1mites atrasados"},"content":{"rendered":"<div><img src=\"http:\/\/cordobadirecto.com\/wp-content\/uploads\/2021\/09\/obras-privadas-firman-convenio-con-el-colegio-de-arquitectos-para-la-regularizacion-de-tramites-atrasados.jpg\" class=\"ff-og-image-inserted\"><\/div>\n<p>La Municipalidad de C\u00f3rdoba firm\u00f3 un acta acuerdo con la Regional Uno del Colegio de Arquitectos de la Provincia para la regularizaci\u00f3n de tr\u00e1mites atrasados en los CPC, en el \u00c1rea de Obras Privadas.<\/p>\n<p>De la firma participaron el secretario de Participaci\u00f3n Ciudadana, Juan Domingo Viola; el secretario de Desarrollo Urbano, Daniel Rey y el presidente de la Regional 1 del Colegio de Arquitectos, Diego Peralta.<\/p>\n<p>Esta acta tiene como finalidad articular un conjunto de acciones complementarias y de colaboraci\u00f3n mutua con el objetivo de regularizar expedientes atrasados en las \u00e1reas de Obras Privadas que funcionan en los CPC.<\/p>\n<p>De esta manera, el colegio de Arquitectos designar\u00e1 a ocho profesionales arquitectos que llevar\u00e1n adelante la visaci\u00f3n de informes t\u00e9cnicos, informes definitivos y liquidaciones de expedientes atrasados hasta el 31 de agosto del corriente a\u00f1o.<\/p>\n<p>Al respecto Viola indic\u00f3: <em>\u201ceste convenio tiene como objetivo regularizar la situaci\u00f3n que tenemos de expedientes de mucho atraso en las oficinas de Obras Privadas de los CPC, dando una muestra m\u00e1s de que a la situaci\u00f3n de la ciudad, con la participaci\u00f3n de todos los actores colegios profesionales, universidades, instituciones, centros vecinales, podemos sacarla adelante\u201d.<\/em><\/p>\n<p>Por su parte, Daniel Rey, manifest\u00f3: <em>\u201ccon este acuerdo de colaboraci\u00f3n, los arquitectos designados por el Colegio de Arquitectos podr\u00e1n colaborar con nuestras direcciones de Obras Privadas y as\u00ed poder dar una respuesta m\u00e1s r\u00e1pida a los profesionales y a nuestros vecinos\u201d.<\/em><\/p>\n","protected":false},"excerpt":{"rendered":"<p>La Municipalidad de C\u00f3rdoba firm\u00f3 un acta acuerdo con la Regional Uno del Colegio de Arquitectos de la Provincia para la regularizaci\u00f3n de tr\u00e1mites atrasados en los CPC, en el \u00c1rea de Obras Privadas. De la firma participaron el secretario de Participaci\u00f3n Ciudadana, Juan Domingo Viola; el secretario de Desarrollo Urbano, Daniel Rey y el [&hellip;]<\/p>\n","protected":false},"author":1,"featured_media":19227,"comment_status":"closed","ping_status":"closed","sticky":false,"template":"","format":"standard","meta":[],"categories":[44],"tags":[],"_links":{"self":[{"href":"http:\/\/cordobadirecto.com\/index.php\/wp-json\/wp\/v2\/posts\/19226"}],"collection":[{"href":"http:\/\/cordobadirecto.com\/index.php\/wp-json\/wp\/v2\/posts"}],"about":[{"href":"http:\/\/cordobadirecto.com\/index.php\/wp-json\/wp\/v2\/types\/post"}],"author":[{"embeddable":true,"href":"http:\/\/cordobadirecto.com\/index.php\/wp-json\/wp\/v2\/users\/1"}],"replies":[{"embeddable":true,"href":"http:\/\/cordobadirecto.com\/index.php\/wp-json\/wp\/v2\/comments?post=19226"}],"version-history":[{"count":0,"href":"http:\/\/cordobadirecto.com\/index.php\/wp-json\/wp\/v2\/posts\/19226\/revisions"}],"wp:featuredmedia":[{"embeddable":true,"href":"http:\/\/cordobadirecto.com\/index.php\/wp-json\/wp\/v2\/media\/19227"}],"wp:attachment":[{"href":"http:\/\/cordobadirecto.com\/index.php\/wp-json\/wp\/v2\/media?parent=19226"}],"wp:term":[{"taxonomy":"category","embeddable":true,"href":"http:\/\/cordobadirecto.com\/index.php\/wp-json\/wp\/v2\/categories?post=19226"},{"taxonomy":"post_tag","embeddable":true,"href":"http:\/\/cordobadirecto.com\/index.php\/wp-json\/wp\/v2\/tags?post=19226"}],"curies":[{"name":"wp","href":"https:\/\/api.w.org\/{rel}","templated":true}]}}