{"id":19486,"date":"2021-09-21T01:08:40","date_gmt":"2021-09-21T01:08:40","guid":{"rendered":"http:\/\/cordobadirecto.com\/index.php\/2021\/09\/21\/javier-pino-rodriguez-este-disco-plasma-el-trabajo-interior-de-muchos-anos\/"},"modified":"2021-09-21T01:08:40","modified_gmt":"2021-09-21T01:08:40","slug":"javier-pino-rodriguez-este-disco-plasma-el-trabajo-interior-de-muchos-anos","status":"publish","type":"post","link":"http:\/\/cordobadirecto.com\/index.php\/2021\/09\/21\/javier-pino-rodriguez-este-disco-plasma-el-trabajo-interior-de-muchos-anos\/","title":{"rendered":"Javier Pino Rodr\u00edguez: &#8220;Este disco plasma el trabajo interior de muchos a\u00f1os&#8221;"},"content":{"rendered":"<div class=\"image\" id=\"image\" readability=\"8\"> <img src=\"http:\/\/cordobadirecto.com\/wp-content\/uploads\/2021\/09\/javier-pino-rodriguez-este-disco-plasma-el-trabajo-interior-de-muchos-anos.jpg\" alt=\"\u201cEste disco plasma un trabajo interior de muchos a\u00f1os&quot;, dijo el m\u00fasico.\" title=\"\u201cEste disco plasma un trabajo interior de muchos a\u00f1os&quot;, dijo el m\u00fasico.\"><\/p>\n<p>\u201cEste disco plasma un trabajo interior de muchos a\u00f1os&#8221;, dijo el m\u00fasico.<\/p>\n<\/div>\n<p>El guitarrista y compositor <strong>Javier Pino Rodr\u00edguez<\/strong>, quien se destaca en el terreno del <strong>jazz <\/strong>progresivo o jazz fusi\u00f3n, lanz\u00f3 su primer disco solista, \u201c<strong>La teor\u00eda del caos<\/strong>\u201d, resultado de \u201cun trabajo interior de muchos a\u00f1os\u201d, donde volc\u00f3 <strong>composiciones instrumentales<\/strong> propias que se mueven en una din\u00e1mica jugando con variaciones inesperadas y en las que conviven aires latinos y otros universos sonoros.<\/p>\n<p>Luego de una intensa experiencia en el \u00e1mbito del <strong>jazz <\/strong>y otros g\u00e9neros como el <strong>tango<\/strong>, el <strong>rock <\/strong>y la <strong>m\u00fasica contempor\u00e1nea<\/strong>, Rodr\u00edguez asume el desaf\u00edo de apostar a su m\u00fasica, en una propuesta que presenta al frente de un cuarteto -guitarra, bajo, piano y bater\u00eda- y en la que se escucha una b\u00fasqueda alejada de r\u00f3tulos y de cualquier tipo de encasillamiento.<\/p>\n<p>\u201cEste disco plasma un trabajo interior de muchos a\u00f1os y me ilusiona que se note una firma personal en \u00e9l; siento que es una introducci\u00f3n a lo que me gusta hacer y a la m\u00fasica que quiero desarrollar en los pr\u00f3ximos a\u00f1os\u201d, expres\u00f3 en charla con T\u00e9lam el guitarrista, quien este viernes a las 20 mostrar\u00e1 este flamante trabajo en \u00c9ter Club (Cuenca 2783), del barrio porte\u00f1o de Villa del Parque.<\/p>\n<p>Due\u00f1o de una <strong>importante formaci\u00f3n acad\u00e9mica<\/strong> y admirador de m\u00fasicos como Pat Metheny, Avishai Cohen, Hiromi Uehara, Jacob Collier, Steve Vai y Chick Corea, entre otros, Javier Pino Rodr\u00edguez cont\u00f3 que \u201cLa teor\u00eda del caos\u201d significa el paso m\u00e1s firme apostando a su m\u00fasica, ya que siempre prioriz\u00f3 otros proyectos porque le resultaban interesantes y \u201cporque siempre algo aprend\u00e9s\u201d.<\/p>\n<p>\u201cEn los \u00faltimos a\u00f1os decid\u00ed grabar y tocar m\u00e1s seguido mi m\u00fasica por la buena recepci\u00f3n de quienes me iban escuchando y el aliento que me dieron\u201d, agreg\u00f3.<\/p>\n<blockquote readability=\"6\">\n<p>\u201cEste disco plasma un trabajo interior de muchos a\u00f1os y me ilusiona que se note una firma personal en \u00e9l&#8221;.<span class=\"comilla\">\u201d<\/span><\/p>\n<p><span>Javier Pino Rodr\u00edguez<\/span><\/p>\n<\/blockquote>\n<p>En el concierto del viernes -cuyas entradas pueden adquirirse en reservaseterclub@gmail.com- el m\u00fasico estar\u00e1 acompa\u00f1ado acompa\u00f1ado por <strong>Pablo Elorza<\/strong> (bajo), <strong>Santiago Hern\u00e1ndez<\/strong> (bater\u00eda) y <strong>Facundo de Miguel Bajarl\u00eda<\/strong> (piano); y como invitada contar\u00e1 con <strong>Natalia Link<\/strong> (quena y voz), j\u00f3venes talentosos de la escena musical jazzera y popular local.<\/p>\n<p>Pasajes y climas diversos, que van de lo explosivo a lo contemplativo, potenciados por interpretaciones s\u00f3lidas y de alto vuelo, se escuchan en su \u00e1lbum que incluye t\u00edtulos como \u201cLava\u201d, \u201cEterno retorno\u201d, \u201cLa \u00faltima huella\u201d y &#8220;Un equilibrio pasajero\u201d, entre otros, donde Rodr\u00edguez comparte los arreglos con Diego Mu\u00f1iz, a cargo de la producci\u00f3n musical junto a Sebasti\u00e1n Mellino.<\/p>\n<p><strong>T\u00e9lam:<\/strong> \u00bfC\u00f3mo surgi\u00f3 el nombre del disco? \u00bfRefleja tu manera de hacer m\u00fasica?<\/p>\n<p><strong>Javier Pino Rodr\u00edguez:<\/strong> Simplemente me levant\u00e9 una ma\u00f1ana con ese nombre en la cabeza. Siempre estudio y tengo en la cabeza ideas de f\u00edsica y de filosof\u00eda. Me gusta relacionarlas con la m\u00fasica que hago y abordar preguntas existenciales. Desde ya que refleja mis inquietudes y las dudas y conflictos propios de un proceso en el que se generan ideas y se busca hacerlas convivir en el mundo.<\/p>\n<p>A veces una idea me entusiasma y la creo correcta, pero me lleva su tiempo entender por qu\u00e9. Con las semanas fui entendiendo que el proceso de grabaci\u00f3n del disco en pandemia fue ca\u00f3tico y la m\u00fasica est\u00e1 moldeada por ese caos. Adem\u00e1s, siempre veo la composici\u00f3n como un proceso de prueba en donde, as\u00ed como dice la teor\u00eda del caos, una leve modificaci\u00f3n en una de las variables te puede arrojar un resultado completamente distinto e impredecible.<\/p>\n<p><strong>T:<\/strong>\u00bfSent\u00eds que de alg\u00fan modo \u201cLa teor\u00eda del caos\u201d condensa todos estos a\u00f1os con la m\u00fasica?<\/p>\n<p><strong>JPR:<\/strong> Si, no intento encasillarme dentro de un g\u00e9nero, ni siquiera encasillarme como guitarrista. Me gusta que en mi m\u00fasica todos los instrumentos tengan la misma jerarqu\u00eda a pesar de que yo sea quien toca la guitarra. Me gusta entender por qu\u00e9 cada estilo es como es y me quedo con aquello con lo que me siento identificado. Siempre me result\u00f3 relativamente simple sacar m\u00fasica de adentro, y eso hago cuando compongo. Dejo que la m\u00fasica fluya y que sea lo que tenga que ser. Por lo general lo que termina siendo se ve muy influenciado por la instrumentaci\u00f3n de la banda y las personas con las cuales ejecuto la m\u00fasica.<\/p>\n<p><strong>T:<\/strong> \u00bfC\u00f3mo ves este momento del jazz en la Argentina? Si bien hay un p\u00fablico \u00e1vido para escuchar temas instrumentales, propios y con base en el jazz, \u00bfcrees que con la pandemia se dio m\u00e1s lugar a la escucha de m\u00fasica?<\/p>\n<p><strong>JPR:<\/strong> Hace ya varios a\u00f1os que dentro del jazz argentino hay tremendos m\u00fasicos, as\u00ed como tambi\u00e9n en el folclore y el tango. Se generaron c\u00edrculos con poco p\u00fablico, pero que realmente eran apasionantes para aquellos que los conoc\u00edan. Yo creo que la pandemia no ayud\u00f3 en nada a los artistas de Buenos Aires, donde yo vivo. Tampoco s\u00e9 si se escucha m\u00e1s m\u00fasica. Creo que cada vez m\u00e1s se genera una brecha entre la m\u00fasica comercial reconocida como un producto y aquella que tiene un fin art\u00edstico. Eso me parece algo positivo. Por m\u00e1s que la otra m\u00fasica mueva mucha plata y sea la m\u00e1s escuchada, la que tiene un fin art\u00edstico se valora cada vez m\u00e1s y se genera un v\u00ednculo interesante con el p\u00fablico. <\/p>\n","protected":false},"excerpt":{"rendered":"<p>\u201cEste disco plasma un trabajo interior de muchos a\u00f1os&#8221;, dijo el m\u00fasico. El guitarrista y compositor Javier Pino Rodr\u00edguez, quien se destaca en el terreno del jazz progresivo o jazz fusi\u00f3n, lanz\u00f3 su primer disco solista, \u201cLa teor\u00eda del caos\u201d, resultado de \u201cun trabajo interior de muchos a\u00f1os\u201d, donde volc\u00f3 composiciones instrumentales propias que se [&hellip;]<\/p>\n","protected":false},"author":1,"featured_media":19487,"comment_status":"closed","ping_status":"closed","sticky":false,"template":"","format":"standard","meta":[],"categories":[20],"tags":[],"_links":{"self":[{"href":"http:\/\/cordobadirecto.com\/index.php\/wp-json\/wp\/v2\/posts\/19486"}],"collection":[{"href":"http:\/\/cordobadirecto.com\/index.php\/wp-json\/wp\/v2\/posts"}],"about":[{"href":"http:\/\/cordobadirecto.com\/index.php\/wp-json\/wp\/v2\/types\/post"}],"author":[{"embeddable":true,"href":"http:\/\/cordobadirecto.com\/index.php\/wp-json\/wp\/v2\/users\/1"}],"replies":[{"embeddable":true,"href":"http:\/\/cordobadirecto.com\/index.php\/wp-json\/wp\/v2\/comments?post=19486"}],"version-history":[{"count":0,"href":"http:\/\/cordobadirecto.com\/index.php\/wp-json\/wp\/v2\/posts\/19486\/revisions"}],"wp:featuredmedia":[{"embeddable":true,"href":"http:\/\/cordobadirecto.com\/index.php\/wp-json\/wp\/v2\/media\/19487"}],"wp:attachment":[{"href":"http:\/\/cordobadirecto.com\/index.php\/wp-json\/wp\/v2\/media?parent=19486"}],"wp:term":[{"taxonomy":"category","embeddable":true,"href":"http:\/\/cordobadirecto.com\/index.php\/wp-json\/wp\/v2\/categories?post=19486"},{"taxonomy":"post_tag","embeddable":true,"href":"http:\/\/cordobadirecto.com\/index.php\/wp-json\/wp\/v2\/tags?post=19486"}],"curies":[{"name":"wp","href":"https:\/\/api.w.org\/{rel}","templated":true}]}}