{"id":19488,"date":"2021-09-21T01:08:46","date_gmt":"2021-09-21T01:08:46","guid":{"rendered":"http:\/\/cordobadirecto.com\/index.php\/2021\/09\/21\/kicillof-abrio-el-congreso-audiovisual-y-anuncio-que-ahora-se-viene-la-reactivacion\/"},"modified":"2021-09-21T01:08:46","modified_gmt":"2021-09-21T01:08:46","slug":"kicillof-abrio-el-congreso-audiovisual-y-anuncio-que-ahora-se-viene-la-reactivacion","status":"publish","type":"post","link":"http:\/\/cordobadirecto.com\/index.php\/2021\/09\/21\/kicillof-abrio-el-congreso-audiovisual-y-anuncio-que-ahora-se-viene-la-reactivacion\/","title":{"rendered":"Kicillof abri\u00f3 el Congreso Audiovisual y anunci\u00f3 que &#8220;ahora se viene la reactivaci\u00f3n&#8221;"},"content":{"rendered":"<div class=\"image\" id=\"image\" readability=\"8\"> <img src=\"http:\/\/cordobadirecto.com\/wp-content\/uploads\/2021\/09\/kicillof-abrio-el-congreso-audiovisual-y-anuncio-que-ahora-se-viene-la-reactivacion.jpg\" alt=\"&quot;Ahora se viene la reactivaci\u00f3n&quot;, dijo el gobernador bonaerense.\" title=\"&quot;Ahora se viene la reactivaci\u00f3n&quot;, dijo el gobernador bonaerense.\"><\/p>\n<p>&#8220;Ahora se viene la reactivaci\u00f3n&#8221;, dijo el gobernador bonaerense.<\/p>\n<\/div>\n<p>En la apertura del <strong>5\u00ba Congreso Audiovisual Nacional en el Museo Pettoruti<\/strong>, de La Plata, el gobernador de la provincia de Buenos Aires, Axel Kicillof, dijo este lunes que su administraci\u00f3n brind\u00f3 apoyo al sector durante la pandemia por coronavirus y resalt\u00f3 que &#8220;ahora se viene la reactivaci\u00f3n&#8221; por lo que est\u00e1n buscando &#8220;diferentes instrumentos para fomentar y<strong> jerarquizar&#8221; la industria audiovisual<\/strong>.<\/p>\n<p>&#8220;Ahora <strong>se viene la reactivaci\u00f3n<\/strong>, ahora se viene el relanzamiento no de un gobierno, de la econom\u00eda nacional y provincial, saliendo de la pandemia, iniciando el camino que sea para todos&#8221;, expres\u00f3 el mandatario quien sostuvo que la industria audiovisual &#8220;es una actividad importante&#8221; para el gobierno.<\/p>\n<p>El presente Congreso Audiovisual Nacional re\u00fane a artistas y representantes sindicales y empresariales de la actividad audiovisual para tratar, en encuentros presenciales y virtuales, distintos temas ligados a la recuperaci\u00f3n del sector tras el impacto de la pandemia.<\/p>\n<p>&#8220;Hoy estamos viendo con la tecnolog\u00eda digital, con las plataformas, que <strong>hay una oportunidad inmensa&#8221; para el sector<\/strong> &#8221; pero es un peligro grande porque a trav\u00e9s del telefonito, de la tele, de la computadora, uno accede inmediatamente a contenidos casi infinitos producidos en todo el planeta, entonces debemos ver c\u00f3mo hacemos para impulsar la producci\u00f3n nacional&#8221;, asever\u00f3 el gobernador.<\/p>\n<p>Indic\u00f3 que &#8221; todos sabemos que tienen un lugar bien ganado el cine, la producci\u00f3n nacional, son important\u00edsimos para nosotros porque son instrumentos de creaci\u00f3n de la identidad de un valor inmenso, el tema es que la competencia es muy grande entonces <strong>hay que darle las oportunidades que necesitan<\/strong>&#8220;.<\/p>\n<p>Kicillof manifest\u00f3, en contacto con la prensa, que hubo <strong>pol\u00edticas de contenci\u00f3n<\/strong> al sector audiovisual &#8220;desde Naci\u00f3n y Provincia&#8221; y resalt\u00f3 que en el caso bonaerense &#8221; el fondo que tiene que ver con la cultura y el turismo ha sido destinado a sostener al sector&#8221; durante la pandemia por coronavirus.<\/p>\n<p>Por su parte, el ministro de Cultura de la Naci\u00f3n, <strong>Trist\u00e1n Bauer<\/strong>, dijo que &#8220;estamos de pie despu\u00e9s de este tremendo tiempo de pandemia&#8221;, mientras que el ministro de la Producci\u00f3n bonaerense, <strong>Augusto Costa<\/strong> destac\u00f3 &#8220;la enorme labor de los trabajadores de la industria audiovisual&#8221;.<\/p>\n<div class=\"image\" id=\"image\" readability=\"7\"> <img src=\"http:\/\/cordobadirecto.com\/wp-content\/uploads\/2021\/09\/kicillof-abrio-el-congreso-audiovisual-y-anuncio-que-ahora-se-viene-la-reactivacion-1.jpg\" alt=\"Kicillof abri\u00f3 el Congreso Audiovisual y anunci\u00f3 que &quot;ahora se viene la reactivaci\u00f3n&quot;.\" title=\"Kicillof abri\u00f3 el Congreso Audiovisual y anunci\u00f3 que &quot;ahora se viene la reactivaci\u00f3n&quot;.\"><\/p>\n<p>Kicillof abri\u00f3 el Congreso Audiovisual y anunci\u00f3 que &#8220;ahora se viene la reactivaci\u00f3n&#8221;.<\/p>\n<\/div>\n<p>El Congreso Audiovisual Nacional, que organiza la Multisectorial Audiovisual, re\u00fane a actores, actrices, directores, directoras, autores, autoras, m\u00fasicos, m\u00fasicas, trabajadores, trabajadoras, empresarios y empresarias; adem\u00e1s de representantes de los poderes ejecutivos y legislativos nacionales y provinciales, con el fin de <strong>discutir propuestas para superar la crisis en la producci\u00f3n de contenidos audiovisuales<\/strong>.<\/p>\n<p>El encuentro se desarrolla este lunes y martes en forma virtual, a trav\u00e9s del canal de YouTube de la Multisectorial Audiovisual; y el pr\u00f3ximo jueves en forma presencial, en el Centro Cultural de la Memoria Haroldo Conti, en la Ciudad Aut\u00f3noma de Buenos Aires.<\/p>\n<p>Durante las tres jornadas se presentar\u00e1n diez mesas de especialistas que expondr\u00e1n y analizar\u00e1n temas como la industrializaci\u00f3n del sector audiovisual; la regulaci\u00f3n de las plataformas digitales y los contenidos de las televisoras p\u00fablicas; la producci\u00f3n de contenidos federales; y nuevas experiencias de pol\u00edticas p\u00fablicas en el sector desde las provincias.<\/p>\n<p>Tambi\u00e9n all\u00ed se expondr\u00e1 acerca de las problem\u00e1ticas y <strong>avances en la agenda de g\u00e9nero<\/strong> y la puesta en funcionamiento de la nueva ley de equidad de g\u00e9neros en los medios.<\/p>\n<p>La n\u00f3mina de asuntos a tratar incluir\u00e1 tambi\u00e9n: la comercializaci\u00f3n de los contenidos audiovisual; la influencia de la importaci\u00f3n de contenidos televisivos en nuestras pantallas; el rol del Estado en relaci\u00f3n con el trabajo y la producci\u00f3n nacional audiovisual; y las posibilidades para impulsar la industria audiovisual en todo el territorio argentino.<\/p>\n<p>Entre los participantes en la ceremonia de apertura, estuvieron, entre otros, Guillermo Tello, coordinador de la Multisectorial Audiovisual; Sergio Vainman, vicepresidente de Argentores; Pablo Echarri, integrante de la Comisi\u00f3n Directiva de Sagai; Alejandra Dar\u00edn, secretario de la Asociaci\u00f3n Argentina de Actores y Estela Cristiani, vicepresidenta de la Asociaci\u00f3n de Directores de Audiovisuales y TV, DOAT.<\/p>\n<p>Adem\u00e1s dijeron presentes, entre m\u00e1s, Guido Valerga, secretario general del SICA; Horacio Arreceygor, secretario general del Satsaid, sindicato de TV; Marianella Mel, coordinadora de la Comisi\u00f3n de Pol\u00edticas de G\u00e9nero de la Multisectorial y Secretaria de la Mujer del Satsaid; Sergio Gelman, secretario general del Sindicato de Locutores y conductores, SAlCo, Pablo Storino, secretario de Cultura del Sindicato de TV Satsaid y Rolando Conte y Bel\u00e9n Ratto, miembros de la Comisi\u00f3n Directiva del Sindicato de los Trabajadores del Espect\u00e1culo P\u00fablico, Sutep. <\/p>\n","protected":false},"excerpt":{"rendered":"<p>&#8220;Ahora se viene la reactivaci\u00f3n&#8221;, dijo el gobernador bonaerense. En la apertura del 5\u00ba Congreso Audiovisual Nacional en el Museo Pettoruti, de La Plata, el gobernador de la provincia de Buenos Aires, Axel Kicillof, dijo este lunes que su administraci\u00f3n brind\u00f3 apoyo al sector durante la pandemia por coronavirus y resalt\u00f3 que &#8220;ahora se viene [&hellip;]<\/p>\n","protected":false},"author":1,"featured_media":19489,"comment_status":"closed","ping_status":"closed","sticky":false,"template":"","format":"standard","meta":[],"categories":[20],"tags":[],"_links":{"self":[{"href":"http:\/\/cordobadirecto.com\/index.php\/wp-json\/wp\/v2\/posts\/19488"}],"collection":[{"href":"http:\/\/cordobadirecto.com\/index.php\/wp-json\/wp\/v2\/posts"}],"about":[{"href":"http:\/\/cordobadirecto.com\/index.php\/wp-json\/wp\/v2\/types\/post"}],"author":[{"embeddable":true,"href":"http:\/\/cordobadirecto.com\/index.php\/wp-json\/wp\/v2\/users\/1"}],"replies":[{"embeddable":true,"href":"http:\/\/cordobadirecto.com\/index.php\/wp-json\/wp\/v2\/comments?post=19488"}],"version-history":[{"count":0,"href":"http:\/\/cordobadirecto.com\/index.php\/wp-json\/wp\/v2\/posts\/19488\/revisions"}],"wp:featuredmedia":[{"embeddable":true,"href":"http:\/\/cordobadirecto.com\/index.php\/wp-json\/wp\/v2\/media\/19489"}],"wp:attachment":[{"href":"http:\/\/cordobadirecto.com\/index.php\/wp-json\/wp\/v2\/media?parent=19488"}],"wp:term":[{"taxonomy":"category","embeddable":true,"href":"http:\/\/cordobadirecto.com\/index.php\/wp-json\/wp\/v2\/categories?post=19488"},{"taxonomy":"post_tag","embeddable":true,"href":"http:\/\/cordobadirecto.com\/index.php\/wp-json\/wp\/v2\/tags?post=19488"}],"curies":[{"name":"wp","href":"https:\/\/api.w.org\/{rel}","templated":true}]}}