{"id":196174,"date":"2026-04-22T21:15:02","date_gmt":"2026-04-22T21:15:02","guid":{"rendered":"https:\/\/www.ole.com.ar\/autos\/franco-colapinto-visito-obras-autodromo-alguna-vez-corra-formula-1_0_28Kaly6uUQ.html"},"modified":"2026-04-22T21:15:02","modified_gmt":"2026-04-22T21:15:02","slug":"franco-colapinto-visito-las-obras-del-autodromo-donde-quiza-alguna-vez-corra-en-la-formula-1","status":"publish","type":"post","link":"http:\/\/cordobadirecto.com\/index.php\/2026\/04\/22\/franco-colapinto-visito-las-obras-del-autodromo-donde-quiza-alguna-vez-corra-en-la-formula-1\/","title":{"rendered":"Franco Colapinto visit\u00f3 las obras del Aut\u00f3dromo, donde quiz\u00e1 alguna vez corra en la F\u00f3rmula 1"},"content":{"rendered":"<p><time class=\"createDate\" datetime=\"2026-04-22T18:15:02-03:00\">22\/04\/2026 18:15hs.<\/time><\/p>\n<div id=\"storyBody\">\n<div id=\"element-body-0\" class=\"sc-136cd478-0 ekTCfV\" readability=\"32.608695652174\">\n<p>Aprovechando que est\u00e1 en la Argentina por la exhibici\u00f3n que protagonizar\u00e1 el domingo en Palermo, <strong><a href=\"https:\/\/www.ole.com.ar\/tema\/franco-colapinto.html\" title=\"Franco Colapinto\" alt=\"Franco Colapinto\" class=\"slug\">Franco Colapinto<\/a><\/strong> visit\u00f3 las obras del Aut\u00f3dromo, que se est\u00e1 remodelando para ser sede de una fecha de MotoGP mientras se sue\u00f1a con que all\u00ed vuelva a correr la <strong><a href=\"https:\/\/www.ole.com.ar\/tema\/formula-1.html\" title=\"F\u00f3rmula 1\" alt=\"F\u00f3rmula 1\" class=\"slug\">F\u00f3rmula 1<\/a><\/strong>.<\/p>\n<\/div>\n<div id=\"element-body-1\" class=\"sc-136cd478-0 ekTCfV\" readability=\"41\">\n<p>El Jefe de Gobierno, Jorge Macri, le dio la bienvenida al bonaerense de 22 a\u00f1os y le mostr\u00f3 las obras, con plano incluido. <strong>La remodelaci\u00f3n del trazado busca transformarlo en uno de los m\u00e1s modernos del continente<\/strong>. Como primer paso, la Ciudad ya confirm\u00f3 que el MotoGP volver\u00e1 a correr en 2027 en el Oscar y Juan G\u00e1lvez despu\u00e9s de 28 a\u00f1os, en el marco de su designaci\u00f3n como Capital Mundial del Deporte, y trabaja tambi\u00e9n para lograr el regreso de la F1 al circuito porte\u00f1o.<\/p>\n<\/div>\n<div class=\"sc-e7b891c4-0 ifHnQL image-embed\" id=\"element-body-2\"><img alt=\"Macri, Colapinto, Turnes y S\u00e1nchez Zinny.\" loading=\"lazy\" width=\"720\" height=\"100\" decoding=\"async\" data-nimg=\"1\" src=\"http:\/\/cordobadirecto.com\/wp-content\/uploads\/2026\/04\/franco-colapinto-visito-las-obras-del-autodromo-donde-quiza-alguna-vez-corra-en-la-formula-1.jpg\"><span class=\"epigraphe\">Macri, Colapinto, Turnes y S\u00e1nchez Zinny.<\/span><\/div>\n<div id=\"element-body-3\" class=\"sc-136cd478-0 ekTCfV\" readability=\"38\">\n<p>\u201cEs una alegr\u00eda tener a Franco en el Aut\u00f3dromo, \u00e9l estuvo ac\u00e1 el a\u00f1o pasado y se sorprendi\u00f3 por el avance de las obras. Hay mucha gente que tiene ganas de verlo el domingo y la verdad es que estoy maravillado por el inter\u00e9s que est\u00e1 generando\u201d, sostuvo Jorge Macri. Y agreg\u00f3: \u201c <strong>Vamos a tener m\u00e1s gente vi\u00e9ndolo en Palermo que la que se junta en una carrera completa de F\u00f3rmula 1 en cualquier parte del mundo<\/strong>. Eso demuestra dos cosas, el inter\u00e9s que hay por Franco y la pasi\u00f3n que hay por los fierros en Argentina\u201d.<\/p>\n<\/div>\n<div id=\"element-body-4\" class=\"sc-136cd478-0 ekTCfV\" readability=\"39\">\n<p>Junto a <strong>Jorge Macri<\/strong> estuvieron el jefe de Gabinete, <strong>Gabriel S\u00e1nchez Zinny<\/strong>, el secretario de Deportes, <strong>Fabi\u00e1n Turnes<\/strong>, y el legislador <strong>Dar\u00edo Nieto<\/strong>, que le entreg\u00f3 a Colapinto el reconocimiento de \u201cPersonalidad Destacada de la Ciudad en el \u00e1mbito del Deporte\u201d.<\/p>\n<\/div>\n<div id=\"element-body-5\" class=\"sc-ef81c825-1 evSCNc\" readability=\"32\"><figcaption class=\"JWvideoNota_title\" readability=\"4\">\n<p>El piloto de Alpine visit\u00f3 las obras del G\u00e1lvez, donde se espera regrese la F\u00f3rmula 1. (Gobierno de la Ciudad)<\/p>\n<\/figcaption><\/div>\n<div id=\"element-body-6\" class=\"sc-136cd478-0 ekTCfV\" readability=\"38\">\n<p>\u201cEstamos llevando adelante un sue\u00f1o: queremos que la F1 vuelva a la Ciudad. Creemos que el deporte es parte fundamental de nuestra identidad y Franco es un ejemplo. Todos los d\u00edas trabajamos para que Buenos Aires respire deporte y tenga m\u00e1s espacios para hacer actividades, m\u00e1s competencias y m\u00e1s deportistas\u201d, <strong>dijo el Chino Turnes, ex Puma.<\/strong><\/p>\n<\/div>\n<p><h2>C\u00f3mo ser\u00e1 el Road Show de Colapinto<\/h2>\n<\/p>\n<div id=\"element-body-8\" class=\"sc-136cd478-0 ekTCfV\" readability=\"43\">\n<p>La exhibici\u00f3n de Colapinto, la cual en parte organiza la Ciudad de Buenos Aires, ser\u00e1 la primera de un F1 despu\u00e9s de 14 a\u00f1os, <strong>desde la que brind\u00f3 en 2012 el australiano Daniel Ricciardo tambi\u00e9n en un circuito callejero en Palermo<\/strong>. El domingo desde las 9 el p\u00fablico podr\u00e1 ingresar al circuito para ver a Colapinto corriendo por la Avenida del Libertador, entre Bullrich y Casares\/Ugarteche, y la Avenida Sarmiento, entre Avenida del Libertador y Figueroa Alcorta, pasando por el Monumento a los Espa\u00f1oles, en Palermo.<\/p>\n<\/div>\n<div class=\"sc-e7b891c4-0 ifHnQL image-embed\" id=\"element-body-9\"><img alt=\"Jorge Macri y Franco Colapinto.\" loading=\"lazy\" width=\"720\" height=\"100\" decoding=\"async\" data-nimg=\"1\" src=\"http:\/\/cordobadirecto.com\/wp-content\/uploads\/2026\/04\/franco-colapinto-visito-las-obras-del-autodromo-donde-quiza-alguna-vez-corra-en-la-formula-1-1.jpg\"><span class=\"epigraphe\">Jorge Macri y Franco Colapinto.<\/span><\/div>\n<div id=\"element-body-10\" class=\"sc-136cd478-0 ekTCfV\" readability=\"36\">\n<p>Los organizadores recomiendan llegar al lugar en transporte p\u00fablico, como colectivos y la l\u00ednea D del Subte porte\u00f1o (estaci\u00f3n Plaza Italia). No est\u00e1 permitido acampar ni llevar paraguas, y la venta ambulante estar\u00e1 prohibida.<\/p>\n<\/div>\n<div id=\"element-body-11\" class=\"sc-136cd478-0 ekTCfV\" readability=\"37\">\n<p>En las Fan Zones p\u00fablicas de Plaza Seeber (ingreso por Sarmiento y Colombia) y Plaza Sicilia (por Casares y Libertador, y Berro y Sarmiento) habr\u00e1 escenarios con pantallas y una programaci\u00f3n con shows, DJs y la actuaci\u00f3n de la Orquesta Sinf\u00f3nica de la Ciudad. <strong>Tambi\u00e9n habr\u00e1 foodtrucks con variadas propuestas gastron\u00f3micas<\/strong>.<\/p>\n<\/div>\n<p><h2>Un Aut\u00f3dromo de primer nivel internacional<\/h2>\n<\/p>\n<div id=\"element-body-13\" class=\"sc-136cd478-0 ekTCfV\" readability=\"36\">\n<p>La renovaci\u00f3n del Aut\u00f3dromo se inici\u00f3 <strong>el 2 de enero<\/strong> con la demolici\u00f3n de estructuras antiguas, y avanza ahora con la construcci\u00f3n de las columnas para los nuevos boxes. Todo, para adecuarlo a los est\u00e1ndares m\u00e1s exigentes del deporte motor.<\/p>\n<\/div>\n<div id=\"element-body-14\" class=\"sc-136cd478-0 ekTCfV\" readability=\"35\">\n<p>El proyecto que impulsa la Ciudad apunta a la homologaci\u00f3n para competencias de primer nivel avaladas <strong>por las federaciones internacionales de motociclismo (FIM) y del autom\u00f3vil (FIA), como el MotoGP y la F1.<\/strong><\/p>\n<\/div>\n<div class=\"sc-e7b891c4-0 ifHnQL image-embed\" id=\"element-body-15\"><img alt=\"Las obras en el Aut\u00f3dromo.\" loading=\"lazy\" width=\"720\" height=\"100\" decoding=\"async\" data-nimg=\"1\" src=\"http:\/\/cordobadirecto.com\/wp-content\/uploads\/2026\/04\/franco-colapinto-visito-las-obras-del-autodromo-donde-quiza-alguna-vez-corra-en-la-formula-1-2.jpg\"><span class=\"epigraphe\">Las obras en el Aut\u00f3dromo.<\/span><\/div>\n<div id=\"element-body-16\" class=\"sc-136cd478-0 ekTCfV\" readability=\"35\">\n<p>El redise\u00f1o incluye modificaciones en la pista, con rectas de hasta 900 metros; mejoras en seguridad y en las instalaciones, ampliaci\u00f3n de la capacidad y optimizaci\u00f3n de los accesos.<\/p>\n<\/div>\n<div id=\"element-body-17\" class=\"sc-136cd478-0 ekTCfV\" readability=\"33\">\n<p>Las obras estar\u00e1n listas en diciembre y luego se har\u00e1n pruebas antes de las competencias oficiales previstas para el a\u00f1o pr\u00f3ximo.<\/p>\n<\/div>\n<div id=\"element-body-18\" class=\"sc-a7166897-0 eoLsBE\" readability=\"31.5\">\n<section readability=\"3\"><picture><img alt=\"Franco Colapinto ya tiene su F1: lleg\u00f3 el auto para la exhibici\u00f3n y... \u00bfcu\u00e1ndo lo manejar\u00e1 por primera vez?\" loading=\"lazy\" width=\"290\" height=\"290\" decoding=\"async\" data-nimg=\"1\" src=\"http:\/\/cordobadirecto.com\/wp-content\/uploads\/2026\/04\/franco-colapinto-visito-las-obras-del-autodromo-donde-quiza-alguna-vez-corra-en-la-formula-1-3.jpg\"><\/picture>\n<p><span>Mir\u00e1 tambi\u00e9n<\/span><\/p>\n<hr>\n<h3>Franco Colapinto ya tiene su F1: lleg\u00f3 el auto para la exhibici\u00f3n y&#8230; \u00bfcu\u00e1ndo lo manejar\u00e1 por primera vez?<\/h3>\n<\/p>\n<\/section>\n<\/div>\n<div id=\"element-body-19\" class=\"sc-a7166897-0 eoLsBE\" readability=\"31\">\n<section readability=\"2\"><picture><img alt=\"La Sole y Luck Ra actuar\u00e1n en la exhibici\u00f3n de Franco Colapinto el domingo\" loading=\"lazy\" width=\"290\" height=\"290\" decoding=\"async\" data-nimg=\"1\" src=\"http:\/\/cordobadirecto.com\/wp-content\/uploads\/2026\/04\/franco-colapinto-visito-las-obras-del-autodromo-donde-quiza-alguna-vez-corra-en-la-formula-1-4.jpg\"><\/picture>\n<p><span>Mir\u00e1 tambi\u00e9n<\/span><\/p>\n<hr>\n<h3>La Sole y Luck Ra actuar\u00e1n en la exhibici\u00f3n de Franco Colapinto el domingo<\/h3>\n<\/p>\n<\/section>\n<\/div>\n<div id=\"element-body-20\" class=\"sc-a7166897-0 eoLsBE\" readability=\"31\">\n<section readability=\"2\"><picture><img alt=\"Video: Colapinto corri\u00f3 su primera carrerita en su regreso a Argentina\" loading=\"lazy\" width=\"290\" height=\"290\" decoding=\"async\" data-nimg=\"1\" src=\"http:\/\/cordobadirecto.com\/wp-content\/uploads\/2026\/04\/franco-colapinto-visito-las-obras-del-autodromo-donde-quiza-alguna-vez-corra-en-la-formula-1-5.jpg\"><\/picture>\n<p><span>Mir\u00e1 tambi\u00e9n<\/span><\/p>\n<hr>\n<h3>Video: Colapinto corri\u00f3 su primera carrerita en su regreso a Argentina<\/h3>\n<\/p>\n<\/section>\n<\/div>\n<\/div>\n","protected":false},"excerpt":{"rendered":"<p>22\/04\/2026 18:15hs. Aprovechando que est\u00e1 en la Argentina por la exhibici\u00f3n que protagonizar\u00e1 el domingo en Palermo, Franco Colapinto visit\u00f3 las obras del Aut\u00f3dromo, que se est\u00e1 remodelando para ser sede de una fecha de MotoGP mientras se sue\u00f1a con que all\u00ed vuelva a correr la F\u00f3rmula 1. El Jefe de Gobierno, Jorge Macri, le [&hellip;]<\/p>\n","protected":false},"author":1,"featured_media":196175,"comment_status":"closed","ping_status":"closed","sticky":false,"template":"","format":"standard","meta":[],"categories":[21],"tags":[],"_links":{"self":[{"href":"http:\/\/cordobadirecto.com\/index.php\/wp-json\/wp\/v2\/posts\/196174"}],"collection":[{"href":"http:\/\/cordobadirecto.com\/index.php\/wp-json\/wp\/v2\/posts"}],"about":[{"href":"http:\/\/cordobadirecto.com\/index.php\/wp-json\/wp\/v2\/types\/post"}],"author":[{"embeddable":true,"href":"http:\/\/cordobadirecto.com\/index.php\/wp-json\/wp\/v2\/users\/1"}],"replies":[{"embeddable":true,"href":"http:\/\/cordobadirecto.com\/index.php\/wp-json\/wp\/v2\/comments?post=196174"}],"version-history":[{"count":0,"href":"http:\/\/cordobadirecto.com\/index.php\/wp-json\/wp\/v2\/posts\/196174\/revisions"}],"wp:featuredmedia":[{"embeddable":true,"href":"http:\/\/cordobadirecto.com\/index.php\/wp-json\/wp\/v2\/media\/196175"}],"wp:attachment":[{"href":"http:\/\/cordobadirecto.com\/index.php\/wp-json\/wp\/v2\/media?parent=196174"}],"wp:term":[{"taxonomy":"category","embeddable":true,"href":"http:\/\/cordobadirecto.com\/index.php\/wp-json\/wp\/v2\/categories?post=196174"},{"taxonomy":"post_tag","embeddable":true,"href":"http:\/\/cordobadirecto.com\/index.php\/wp-json\/wp\/v2\/tags?post=196174"}],"curies":[{"name":"wp","href":"https:\/\/api.w.org\/{rel}","templated":true}]}}