{"id":196324,"date":"2026-04-25T22:24:35","date_gmt":"2026-04-25T22:24:35","guid":{"rendered":"https:\/\/www.ole.com.ar\/autos\/exhibicion-franco-colapino-oid-mortales-v8-sagrado-motor-palermo_0_kzRe5ob7Sx.html"},"modified":"2026-04-25T22:24:35","modified_gmt":"2026-04-25T22:24:35","slug":"la-exhibicion-de-franco-colapinto-un-hito-en-argentina-oid-mortales-el-v8-sagrado","status":"publish","type":"post","link":"http:\/\/cordobadirecto.com\/index.php\/2026\/04\/25\/la-exhibicion-de-franco-colapinto-un-hito-en-argentina-oid-mortales-el-v8-sagrado\/","title":{"rendered":"La exhibici\u00f3n de Franco Colapinto, un hito en Argentina: o\u00edd mortales el V8 sagrado"},"content":{"rendered":"<p><span class=\"createDate\">25\/04\/2026 19:24hs.<\/span><time class=\"modificatedDate\" datetime=\"2026-04-25T23:55:24-03:00\"> Actualizado al 25\/04\/2026 23:55hs.<\/time><\/p>\n<div id=\"storyBody\">\n<div id=\"element-body-0\" class=\"sc-136cd478-0 ekTCfV\" readability=\"36.227405247813\">\n<p>La Ciudad ya est\u00e1 lista para vivir algo que no pasa todos los d\u00edas. Este domingo, Palermo ser\u00e1 escenario de una exhibici\u00f3n \u00fanica, con <strong><a href=\"https:\/\/www.ole.com.ar\/tema\/franco-colapinto.html\" title=\"Franco Colapinto\" alt=\"Franco Colapinto\" class=\"slug\">Franco Colapinto<\/a><\/strong> manejando un F\u00f3rmula 1 por las calles porte\u00f1as. Un evento que combina espect\u00e1culo, cercan\u00eda y una oportunidad irrepetible para miles de personas: ver de cerca un auto de la Formula 1.<\/p>\n<\/div>\n<div id=\"element-body-1\" class=\"sc-136cd478-0 ekTCfV\" readability=\"36\">\n<p>Pero hay algo que muchos todav\u00eda no dimensionan del todo. M\u00e1s all\u00e1 del show, de las fotos o del paso del piloto argentino, hay una experiencia que probablemente quede grabada para siempre. <strong>Algo que no se ve: se escucha. Y se siente.<\/strong><\/p>\n<\/div>\n<div id=\"element-body-2\" class=\"sc-136cd478-0 ekTCfV\" readability=\"36\">\n<p>El protagonista silencioso -o mejor dicho, ensordecedor- ser\u00e1 <strong>el motor V8 del Lotus E20<\/strong> que manejar\u00e1 el bonaerense de 22 a\u00f1os, originalmente negro, pero esta vez pintado con los colores de <strong>Alpine<\/strong>.<\/p>\n<\/div>\n<div class=\"sc-e7b891c4-0 ifHnQL image-embed\" id=\"element-body-3\"><img alt=\"Franco Colapinto ri\u00e9ndose durante su conferencia de prensa en Buenos Aires.\" loading=\"lazy\" width=\"720\" height=\"100\" decoding=\"async\" data-nimg=\"1\" src=\"http:\/\/cordobadirecto.com\/wp-content\/uploads\/2026\/04\/la-exhibicion-de-franco-colapinto-un-hito-en-argentina-oid-mortales-el-v8-sagrado.jpg\"><span class=\"epigraphe\">Franco Colapinto ri\u00e9ndose durante su conferencia de prensa en Buenos Aires.<\/span><\/div>\n<div id=\"element-body-4\" class=\"sc-136cd478-0 ekTCfV\" readability=\"38\">\n<p>El auto, que este s\u00e1bado se mostr\u00f3 por primera vez en la Ciudad en el Obelisco, es un modelo de 2012 impulsado por un <strong> Renault V8 atmosf\u00e9rico de 2.4 litros y cerca de 750 caballos de fuerza<\/strong>. Una configuraci\u00f3n que ya no existe en la F1 actual, reemplazada por unidades h\u00edbridas mucho m\u00e1s complejas\u2026 y bastante m\u00e1s silenciosas.<\/p>\n<\/div>\n<div id=\"element-body-5\" class=\"sc-136cd478-0 ekTCfV\" readability=\"32\">\n<p>Este no. Este ruge. Y mucho.<\/p>\n<\/div>\n<div id=\"element-body-6\" class=\"sc-136cd478-0 ekTCfV\" readability=\"37\">\n<p>\u201cRompe los o\u00eddos\u201d, fue la definici\u00f3n directa que lleg\u00f3 a <strong>Ol\u00e9<\/strong> desde gente de Alpine que conoce bien el modelo. No es una met\u00e1fora. Es una advertencia. Porque lo que va a pasar cuando Colapinto acelere no es solo un paso r\u00e1pido: es una explosi\u00f3n sonora que rebota en los edificios, atraviesa el cuerpo y deja una marca.<\/p>\n<\/div>\n<div class=\"sc-e7b891c4-0 ifHnQL image-embed\" id=\"element-body-7\"><img alt=\"El Planaterio, como el caso de Colapinto.\" loading=\"lazy\" width=\"720\" height=\"100\" decoding=\"async\" data-nimg=\"1\" src=\"http:\/\/cordobadirecto.com\/wp-content\/uploads\/2026\/04\/la-exhibicion-de-franco-colapinto-un-hito-en-argentina-oid-mortales-el-v8-sagrado-1.jpg\"><span class=\"epigraphe\">El Planaterio, como el caso de Colapinto.<\/span><\/div>\n<div id=\"element-body-8\" class=\"sc-136cd478-0 ekTCfV\" readability=\"34\">\n<p>Comparado con los autos actuales, este V8 se siente como una tormenta. Una de las grandes. De las que hacen vibrar todo alrededor.<\/p>\n<\/div>\n<div id=\"element-body-9\" class=\"sc-136cd478-0 ekTCfV\" readability=\"38\">\n<p>Y no es solo el sonido. Tambi\u00e9n est\u00e1 el olor, o perfume m\u00e1s penetrante que las fragancias \u00e1rabes. La combusti\u00f3n de este tipo de motores genera un aroma muy particular, distinto al de cualquier auto de calle. M\u00e1s denso, m\u00e1s crudo. <strong>Parte de una experiencia sensorial completa que muchos van a descubrir por primera vez. Irrepetible como el primer viaje a Disney<\/strong>. Habr\u00e1 que verlo tambi\u00e9n cuando Colapinto haga trompos&#8230;<\/p>\n<\/div>\n<div id=\"element-body-10\" class=\"sc-136cd478-0 ekTCfV\" readability=\"39\">\n<p><strong>Desde lo t\u00e9cnico, el Lotus E20 es una m\u00e1quina impresionante<\/strong>: pesa alrededor de 640 kilos con piloto, acelera de 0 a 200 km\/h en apenas 4 o 5 segundos y puede superar los 330 km\/h en rectas largas. En circuitos como el Circuito Callejero de Bak\u00fa, con m\u00e1s de 2 kil\u00f3metros a fondo, estos autos alcanzan velocidades cercanas a los 350 km\/h.<\/p>\n<\/div>\n<div class=\"sc-e7b891c4-0 ifHnQL image-embed\" id=\"element-body-11\"><img alt=\"El Lotus E20 del 2012, con sus colores originales.\" loading=\"lazy\" width=\"720\" height=\"100\" decoding=\"async\" data-nimg=\"1\" src=\"http:\/\/cordobadirecto.com\/wp-content\/uploads\/2026\/04\/la-exhibicion-de-franco-colapinto-un-hito-en-argentina-oid-mortales-el-v8-sagrado-2.jpg\"><span class=\"epigraphe\">El Lotus E20 del 2012, con sus colores originales.<\/span><\/div>\n<div id=\"element-body-12\" class=\"sc-136cd478-0 ekTCfV\" readability=\"40\">\n<p>Claro que en Palermo el contexto ser\u00e1 otro <strong>(si no llueve, o no llueve mucho)<\/strong>. La recta m\u00e1s larga, sobre la Avenida del Libertador, tiene unos 700 metros desde Sinclair hasta el Monumento de los Espa\u00f1oles. Con salida y frenada incluidas, se estima que el F1 podr\u00eda llegar a una velocidad cercana a los 260-280 km\/h, m\u00e1s que suficiente para mostrar todo su poder en un entorno urbano.<\/p>\n<\/div>\n<div id=\"element-body-13\" class=\"sc-136cd478-0 ekTCfV\" readability=\"36\">\n<p>El evento tendr\u00e1 m\u00faltiples condimentos. <strong>Colapinto realizar\u00e1 dos salidas con el F1 (12.45 y 15.15), tambi\u00e9n girar\u00e1 a las 14.30 con una r\u00e9plica del hist\u00f3rico Mercedes-Benz W196<\/strong> -la Flecha de Plata con la que Juan Manuel Fangio fue campe\u00f3n y que Colapa rebautiz\u00f3 Flecha Dorada en la reuni\u00f3n con la prensa el viernes- y cerrar\u00e1 la jornada con una vuelta en bus descapotable para saludar al p\u00fablico.<\/p>\n<\/div>\n<div id=\"element-body-14\" class=\"sc-136cd478-0 ekTCfV\" readability=\"38\">\n<p>Se espera una convocatoria masiva, cercana al medio mill\u00f3n de personas, en un fin de semana que ya empez\u00f3 a tomar color con la puesta en escena del auto en el centro porte\u00f1o. <strong>La organizaci\u00f3n incluye espacios para fan\u00e1ticos, zonas de acceso gratuito y un circuito que recorre puntos emblem\u00e1ticos de Palermo.<\/strong><\/p>\n<\/div>\n<div class=\"sc-e7b891c4-0 ifHnQL image-embed\" id=\"element-body-15\"><img alt=\"Franco tambi\u00e9n manejar\u00e1 una r\u00e9lica de la Flecha de Plata de Fangio.\" loading=\"lazy\" width=\"720\" height=\"100\" decoding=\"async\" data-nimg=\"1\" src=\"http:\/\/cordobadirecto.com\/wp-content\/uploads\/2026\/04\/la-exhibicion-de-franco-colapinto-un-hito-en-argentina-oid-mortales-el-v8-sagrado-3.jpg\"><span class=\"epigraphe\">Franco tambi\u00e9n manejar\u00e1 una r\u00e9lica de la Flecha de Plata de Fangio.<\/span><\/div>\n<div id=\"element-body-16\" class=\"sc-136cd478-0 ekTCfV\" readability=\"36\">\n<p>El contexto tambi\u00e9n suma peso: <strong>la \u00faltima vez que la F1 corri\u00f3 en el pa\u00eds fue en 1998, y desde entonces hubo apenas dos exhibiciones aisladas<\/strong>, como las de Jos\u00e9 Mar\u00eda L\u00f3pez (en el G\u00e1lvez) en 2007 o Daniel Ricciardo (tambi\u00e9n en un callejero en Palermo) en 2012.<\/p>\n<\/div>\n<div id=\"element-body-17\" class=\"sc-136cd478-0 ekTCfV\" readability=\"32\">\n<p>Este domingo ser\u00e1 distinto.<\/p>\n<\/div>\n<div id=\"element-body-18\" class=\"sc-136cd478-0 ekTCfV\" readability=\"41\">\n<p>Porque muchos ir\u00e1n a ver a Colapinto, el piloto que cort\u00f3 la sequ\u00eda de 23 a\u00f1os sin argentinos manejando en la M\u00e1xima. Otros -los m\u00e1s afortunados, los que pagaron la entrada o aquellos que se puedan colar-, a sacarse una foto con un F\u00f3rmula 1. Pero cuando termine el d\u00eda, <strong>lo que probablemente se lleven para siempre ser\u00e1 otra cosa: el recuerdo de haber escuchado, en vivo, a un V8 de F\u00f3rmula 1 rugiendo en Buenos Aires.<\/strong><\/p>\n<\/div>\n<div id=\"element-body-19\" class=\"sc-a7166897-0 eoLsBE\" readability=\"32\">\n<section readability=\"4\"><picture><img alt=\"Franco Colapinto hizo base en Cardales: asado, helic\u00f3ptero y pausa gourmet antes del show\" loading=\"lazy\" width=\"290\" height=\"290\" decoding=\"async\" data-nimg=\"1\" src=\"http:\/\/cordobadirecto.com\/wp-content\/uploads\/2026\/04\/la-exhibicion-de-franco-colapinto-un-hito-en-argentina-oid-mortales-el-v8-sagrado-4.jpg\"><\/picture>\n<p><span>Mir\u00e1 tambi\u00e9n<\/span><\/p>\n<hr>\n<h3>Franco Colapinto hizo base en Cardales: asado, helic\u00f3ptero y pausa gourmet antes del show<\/h3>\n<\/p>\n<\/section>\n<\/div>\n<div id=\"element-body-20\" class=\"sc-a7166897-0 eoLsBE\" readability=\"31\">\n<section readability=\"2\"><picture><img alt=\"El atractivo adicional que tendr\u00e1 el Road Show de Colapinto\" loading=\"lazy\" width=\"290\" height=\"290\" decoding=\"async\" data-nimg=\"1\" src=\"http:\/\/cordobadirecto.com\/wp-content\/uploads\/2026\/04\/la-exhibicion-de-franco-colapinto-un-hito-en-argentina-oid-mortales-el-v8-sagrado-5.jpg\"><\/picture>\n<p><span>Mir\u00e1 tambi\u00e9n<\/span><\/p>\n<hr>\n<h3>El atractivo adicional que tendr\u00e1 el Road Show de Colapinto<\/h3>\n<\/p>\n<\/section>\n<\/div>\n<div id=\"element-body-21\" class=\"sc-a7166897-0 eoLsBE\" readability=\"31\">\n<section readability=\"2\"><picture><img alt=\"Consejos y todo lo que hay que saber para ir a la exhibici\u00f3n de Franco Colapinto\" loading=\"lazy\" width=\"290\" height=\"290\" decoding=\"async\" data-nimg=\"1\" src=\"http:\/\/cordobadirecto.com\/wp-content\/uploads\/2026\/04\/la-exhibicion-de-franco-colapinto-un-hito-en-argentina-oid-mortales-el-v8-sagrado-6.jpg\"><\/picture>\n<p><span>Mir\u00e1 tambi\u00e9n<\/span><\/p>\n<hr>\n<h3>Consejos y todo lo que hay que saber para ir a la exhibici\u00f3n de Franco Colapinto<\/h3>\n<\/p>\n<\/section>\n<\/div>\n<\/div>\n","protected":false},"excerpt":{"rendered":"<p>25\/04\/2026 19:24hs. Actualizado al 25\/04\/2026 23:55hs. La Ciudad ya est\u00e1 lista para vivir algo que no pasa todos los d\u00edas. Este domingo, Palermo ser\u00e1 escenario de una exhibici\u00f3n \u00fanica, con Franco Colapinto manejando un F\u00f3rmula 1 por las calles porte\u00f1as. Un evento que combina espect\u00e1culo, cercan\u00eda y una oportunidad irrepetible para miles de personas: ver [&hellip;]<\/p>\n","protected":false},"author":1,"featured_media":196325,"comment_status":"closed","ping_status":"closed","sticky":false,"template":"","format":"standard","meta":[],"categories":[21],"tags":[],"_links":{"self":[{"href":"http:\/\/cordobadirecto.com\/index.php\/wp-json\/wp\/v2\/posts\/196324"}],"collection":[{"href":"http:\/\/cordobadirecto.com\/index.php\/wp-json\/wp\/v2\/posts"}],"about":[{"href":"http:\/\/cordobadirecto.com\/index.php\/wp-json\/wp\/v2\/types\/post"}],"author":[{"embeddable":true,"href":"http:\/\/cordobadirecto.com\/index.php\/wp-json\/wp\/v2\/users\/1"}],"replies":[{"embeddable":true,"href":"http:\/\/cordobadirecto.com\/index.php\/wp-json\/wp\/v2\/comments?post=196324"}],"version-history":[{"count":0,"href":"http:\/\/cordobadirecto.com\/index.php\/wp-json\/wp\/v2\/posts\/196324\/revisions"}],"wp:featuredmedia":[{"embeddable":true,"href":"http:\/\/cordobadirecto.com\/index.php\/wp-json\/wp\/v2\/media\/196325"}],"wp:attachment":[{"href":"http:\/\/cordobadirecto.com\/index.php\/wp-json\/wp\/v2\/media?parent=196324"}],"wp:term":[{"taxonomy":"category","embeddable":true,"href":"http:\/\/cordobadirecto.com\/index.php\/wp-json\/wp\/v2\/categories?post=196324"},{"taxonomy":"post_tag","embeddable":true,"href":"http:\/\/cordobadirecto.com\/index.php\/wp-json\/wp\/v2\/tags?post=196324"}],"curies":[{"name":"wp","href":"https:\/\/api.w.org\/{rel}","templated":true}]}}