{"id":196326,"date":"2026-04-25T21:38:41","date_gmt":"2026-04-25T21:38:41","guid":{"rendered":"https:\/\/www.ole.com.ar\/autos\/atractivo-adicional-road-show-franco-colapinto-museo-fangio_0_dZLoyX8h5O.html"},"modified":"2026-04-25T21:38:41","modified_gmt":"2026-04-25T21:38:41","slug":"el-atractivo-adicional-que-tendra-el-road-show-de-colapinto","status":"publish","type":"post","link":"http:\/\/cordobadirecto.com\/index.php\/2026\/04\/25\/el-atractivo-adicional-que-tendra-el-road-show-de-colapinto\/","title":{"rendered":"El atractivo adicional que tendr\u00e1 el Road Show de Colapinto"},"content":{"rendered":"<p><time class=\"createDate\" datetime=\"2026-04-25T18:38:41-03:00\">25\/04\/2026 18:38hs.<\/time><\/p>\n<div id=\"storyBody\">\n<div id=\"element-body-0\" class=\"sc-136cd478-0 ekTCfV\" readability=\"34.727984344423\">\n<p>\u00bfQu\u00e9 m\u00e1s se puede pedir de cara a un domingo que promete ser una fiesta para los argentinos? <strong><a href=\"https:\/\/www.ole.com.ar\/tema\/franco-colapinto.html\" title=\"Franco Colapinto\" alt=\"Franco Colapinto\" class=\"slug\">Franco Colapinto<\/a><\/strong>, figura total del deporte nacional, se ofrecer\u00e1 al p\u00fablico que lo idolatra y lo har\u00e1 manejando un auto de <a href=\"https:\/\/www.ole.com.ar\/tema\/formula-1.html\" title=\"F\u00f3rmula 1\" alt=\"F\u00f3rmula 1\" class=\"slug\">F\u00f3rmula 1<\/a> (el Lotus E20 del 2012) y una r\u00e9plica de la Flecha de Plata de <a href=\"https:\/\/www.ole.com.ar\/tema\/juan-manuel-fangio.html\" title=\"Juan Manuel Fangio\" alt=\"Juan Manuel Fangio\" class=\"slug\">Juan Manuel Fangio<\/a>. Est\u00e1 claro que eso ser\u00e1 suficiente para dejar satisfechos a quienes se hagan presentes, pero habr\u00e1 algo m\u00e1s: <strong>el Museo Fangio proporcionar\u00e1 algunos autos hist\u00f3ricos para que sean exhibidos.<\/strong><\/p>\n<\/div>\n<div id=\"element-body-1\" class=\"sc-136cd478-0 ekTCfV\" readability=\"37\">\n<p>Cuatro de las m\u00e1quinas que ser\u00e1n expuestas fueron manejadas por el Chueco: la <strong>Ferrari 166 F2<\/strong>, pintada de azul y amarillo dado que esos eran los colores que representaban al pa\u00eds en el automovilismo mundial; el <strong>Maserati 450S<\/strong> en el que disput\u00f3 el Mundial de Marcas Sport de 1957; el <strong>Simca Gordini<\/strong> en el que debut\u00f3 en las 24 Horas de Le Mans, y el <strong>Volpi-Chevrolet<\/strong> que corri\u00f3 entre 1947 y 1949.<\/p>\n<\/div>\n<div id=\"element-body-2\" class=\"sc-136cd478-0 ekTCfV\" readability=\"37\">\n<p>Adem\u00e1s, habr\u00e1 dos aut\u00e9nticas joyitas que ning\u00fan fierrero querr\u00e1 perderse: el <strong>McLaren MP4\/3B<\/strong> de 1987 que supo manejar Ayrton Senna, no en una fecha puntuable sino en una prueba privada, y el <strong>Renault RE30<\/strong> que pilot\u00f3 Alain Prost en 1982. <\/p>\n<\/div>\n<div id=\"element-body-3\" class=\"sc-136cd478-0 ekTCfV\" readability=\"40\">\n<p>Juan Jos\u00e9 Carli, presidente de la Fundaci\u00f3n Fangio, dialog\u00f3 con Carburando y cont\u00f3 algunos detalles sobre la gesti\u00f3n: \u201c <strong>Esto fue hablado con la organizaci\u00f3n del evento hace aproximadamente un mes<\/strong> y nos pidieron si pod\u00edamos llevar algunos autos que tenemos en el museo, principalmente de F\u00f3rmula 1. Adem\u00e1s, hicimos los contactos para que pueda tener un veh\u00edculo de Juan Manuel Fangio y lo maneje, lo cual se concretar\u00e1 en muy poco tiempo. <strong>Estamos muy orgulloso de participar en esta exhibici\u00f3n y de acompa\u00f1ar a un piloto argentino en la m\u00e1xima categor\u00eda<\/strong>\u201d.<\/p>\n<\/div>\n<p><h2>Todos los autos que estar\u00e1n presentes en el Road Show<\/h2>\n<\/p>\n<div class=\"sc-e7b891c4-0 ifHnQL image-embed\" id=\"element-body-5\"><img alt=\"La Ferrari 166 F2 de Fangio.\" loading=\"lazy\" width=\"720\" height=\"100\" decoding=\"async\" data-nimg=\"1\" src=\"http:\/\/cordobadirecto.com\/wp-content\/uploads\/2026\/04\/el-atractivo-adicional-que-tendra-el-road-show-de-colapinto.jpg\"><span class=\"epigraphe\">La Ferrari 166 F2 de Fangio.<\/span><\/div>\n<div class=\"sc-e7b891c4-0 ifHnQL image-embed\" id=\"element-body-6\"><img alt=\"El McLaren MP4\/3 del Museo Fangio.\" loading=\"lazy\" width=\"720\" height=\"100\" decoding=\"async\" data-nimg=\"1\" src=\"http:\/\/cordobadirecto.com\/wp-content\/uploads\/2026\/04\/el-atractivo-adicional-que-tendra-el-road-show-de-colapinto-1.jpg\"><span class=\"epigraphe\">El McLaren MP4\/3 del Museo Fangio.<\/span><\/div>\n<div class=\"sc-e7b891c4-0 ifHnQL image-embed\" id=\"element-body-7\"><img alt=\"El Renault RE30 del Museo Fangio.\" loading=\"lazy\" width=\"720\" height=\"100\" decoding=\"async\" data-nimg=\"1\" src=\"http:\/\/cordobadirecto.com\/wp-content\/uploads\/2026\/04\/el-atractivo-adicional-que-tendra-el-road-show-de-colapinto-2.jpg\"><span class=\"epigraphe\">El Renault RE30 del Museo Fangio.<\/span><\/div>\n<div class=\"sc-e7b891c4-0 ifHnQL image-embed\" id=\"element-body-8\"><img alt=\"El Maserati 450S del Museo Fangio.\" loading=\"lazy\" width=\"720\" height=\"100\" decoding=\"async\" data-nimg=\"1\" src=\"http:\/\/cordobadirecto.com\/wp-content\/uploads\/2026\/04\/el-atractivo-adicional-que-tendra-el-road-show-de-colapinto-3.jpg\"><span class=\"epigraphe\">El Maserati 450S del Museo Fangio.<\/span><\/div>\n<div class=\"sc-e7b891c4-0 ifHnQL image-embed\" id=\"element-body-9\"><img alt=\"El Volpi-Chevrolet del Museo Fangio.\" loading=\"lazy\" width=\"720\" height=\"100\" decoding=\"async\" data-nimg=\"1\" src=\"http:\/\/cordobadirecto.com\/wp-content\/uploads\/2026\/04\/el-atractivo-adicional-que-tendra-el-road-show-de-colapinto-4.jpg\"><span class=\"epigraphe\">El Volpi-Chevrolet del Museo Fangio.<\/span><\/div>\n<div class=\"sc-e7b891c4-0 ifHnQL image-embed\" id=\"element-body-10\"><img alt=\"El Simca Gordini del Museo Fangio.\" loading=\"lazy\" width=\"720\" height=\"100\" decoding=\"async\" data-nimg=\"1\" src=\"http:\/\/cordobadirecto.com\/wp-content\/uploads\/2026\/04\/el-atractivo-adicional-que-tendra-el-road-show-de-colapinto-5.jpg\"><span class=\"epigraphe\">El Simca Gordini del Museo Fangio.<\/span><\/div>\n<p><h2>El cronograma del Road Show de Franco Colapinto<\/h2>\n<\/p>\n<div id=\"element-body-12\" class=\"sc-136cd478-0 ekTCfV\">\n<ul>\n<li>8.30: Apertura de sectores habilitados (dos escenarios en plaza Seeber y plaza Sicilia con pantallas gigantes y DJs).<\/li>\n<li>11.00: Presentaci\u00f3n de la Orquesta Sinf\u00f3nica de la Ciudad.<\/li>\n<li>12.45: Primera salida de Franco Colapinto (Lotus E20).<\/li>\n<li>14.30: Segunda salida de Franco Colapinto (Flecha de Plata).<\/li>\n<li>15.15: Tercera salida de Franco Colapinto (Lotus E20).<\/li>\n<li>15.55: \u00daltima salida de Franco Colapinto (Bus descapotable).<\/li>\n<\/ul>\n<\/div>\n<div id=\"element-body-13\" class=\"sc-a7166897-0 eoLsBE\" readability=\"32\">\n<section readability=\"4\"><picture><img alt=\"Franco Colapinto hizo base en Cardales: asado, helic\u00f3ptero y pausa gourmet antes del show\" loading=\"lazy\" width=\"290\" height=\"290\" decoding=\"async\" data-nimg=\"1\" src=\"http:\/\/cordobadirecto.com\/wp-content\/uploads\/2026\/04\/el-atractivo-adicional-que-tendra-el-road-show-de-colapinto-6.jpg\"><\/picture>\n<p><span>Mir\u00e1 tambi\u00e9n<\/span><\/p>\n<hr>\n<h3>Franco Colapinto hizo base en Cardales: asado, helic\u00f3ptero y pausa gourmet antes del show<\/h3>\n<\/p>\n<\/section>\n<\/div>\n<div id=\"element-body-14\" class=\"sc-a7166897-0 eoLsBE\" readability=\"31\">\n<section readability=\"2\"><picture><img alt=\"Consejos y todo lo que hay que saber para ir a la exhibici\u00f3n de Franco Colapinto\" loading=\"lazy\" width=\"290\" height=\"290\" decoding=\"async\" data-nimg=\"1\" src=\"http:\/\/cordobadirecto.com\/wp-content\/uploads\/2026\/04\/el-atractivo-adicional-que-tendra-el-road-show-de-colapinto-7.jpg\"><\/picture>\n<p><span>Mir\u00e1 tambi\u00e9n<\/span><\/p>\n<hr>\n<h3>Consejos y todo lo que hay que saber para ir a la exhibici\u00f3n de Franco Colapinto<\/h3>\n<\/p>\n<\/section>\n<\/div>\n<div id=\"element-body-15\" class=\"sc-a7166897-0 eoLsBE\" readability=\"32\">\n<section readability=\"4\"><picture><img alt=\"Alpine borr\u00f3 un video que mencionaba a las Islas Malvinas, lo volvi\u00f3 a subir sin esa parte y se gener\u00f3 pol\u00e9mica en las redes\" loading=\"lazy\" width=\"290\" height=\"290\" decoding=\"async\" data-nimg=\"1\" src=\"http:\/\/cordobadirecto.com\/wp-content\/uploads\/2026\/04\/el-atractivo-adicional-que-tendra-el-road-show-de-colapinto-8.jpg\"><\/picture>\n<p><span>Mir\u00e1 tambi\u00e9n<\/span><\/p>\n<hr>\n<h3>Alpine borr\u00f3 un video que mencionaba a las Islas Malvinas, lo volvi\u00f3 a subir sin esa parte y se gener\u00f3 pol\u00e9mica en las redes<\/h3>\n<\/p>\n<\/section>\n<\/div>\n<div id=\"element-body-16\" class=\"sc-a7166897-0 eoLsBE\" readability=\"31\">\n<section readability=\"2\"><picture><img alt=\"Video: Alpine y su gui\u00f1o a Boca en la previa del show de Franco Colapinto en Palermo\" loading=\"lazy\" width=\"290\" height=\"290\" decoding=\"async\" data-nimg=\"1\" src=\"http:\/\/cordobadirecto.com\/wp-content\/uploads\/2026\/04\/el-atractivo-adicional-que-tendra-el-road-show-de-colapinto-9.jpg\"><\/picture>\n<p><span>Mir\u00e1 tambi\u00e9n<\/span><\/p>\n<hr>\n<h3>Video: Alpine y su gui\u00f1o a Boca en la previa del show de Franco Colapinto en Palermo<\/h3>\n<\/p>\n<\/section>\n<\/div>\n<\/div>\n","protected":false},"excerpt":{"rendered":"<p>25\/04\/2026 18:38hs. \u00bfQu\u00e9 m\u00e1s se puede pedir de cara a un domingo que promete ser una fiesta para los argentinos? Franco Colapinto, figura total del deporte nacional, se ofrecer\u00e1 al p\u00fablico que lo idolatra y lo har\u00e1 manejando un auto de F\u00f3rmula 1 (el Lotus E20 del 2012) y una r\u00e9plica de la Flecha de [&hellip;]<\/p>\n","protected":false},"author":1,"featured_media":196327,"comment_status":"closed","ping_status":"closed","sticky":false,"template":"","format":"standard","meta":[],"categories":[21],"tags":[],"_links":{"self":[{"href":"http:\/\/cordobadirecto.com\/index.php\/wp-json\/wp\/v2\/posts\/196326"}],"collection":[{"href":"http:\/\/cordobadirecto.com\/index.php\/wp-json\/wp\/v2\/posts"}],"about":[{"href":"http:\/\/cordobadirecto.com\/index.php\/wp-json\/wp\/v2\/types\/post"}],"author":[{"embeddable":true,"href":"http:\/\/cordobadirecto.com\/index.php\/wp-json\/wp\/v2\/users\/1"}],"replies":[{"embeddable":true,"href":"http:\/\/cordobadirecto.com\/index.php\/wp-json\/wp\/v2\/comments?post=196326"}],"version-history":[{"count":0,"href":"http:\/\/cordobadirecto.com\/index.php\/wp-json\/wp\/v2\/posts\/196326\/revisions"}],"wp:featuredmedia":[{"embeddable":true,"href":"http:\/\/cordobadirecto.com\/index.php\/wp-json\/wp\/v2\/media\/196327"}],"wp:attachment":[{"href":"http:\/\/cordobadirecto.com\/index.php\/wp-json\/wp\/v2\/media?parent=196326"}],"wp:term":[{"taxonomy":"category","embeddable":true,"href":"http:\/\/cordobadirecto.com\/index.php\/wp-json\/wp\/v2\/categories?post=196326"},{"taxonomy":"post_tag","embeddable":true,"href":"http:\/\/cordobadirecto.com\/index.php\/wp-json\/wp\/v2\/tags?post=196326"}],"curies":[{"name":"wp","href":"https:\/\/api.w.org\/{rel}","templated":true}]}}