{"id":196402,"date":"2026-04-26T21:29:50","date_gmt":"2026-04-26T21:29:50","guid":{"rendered":"https:\/\/www.ole.com.ar\/autos\/moto3-espana-marco-morelli-peleo-final-rozo-podio-valentin-perrone_0_NJQkXOp61T.html"},"modified":"2026-04-26T21:29:50","modified_gmt":"2026-04-26T21:29:50","slug":"moto3-en-espana-marco-morelli-remonto-la-peleo-hasta-el-final-y-rozo-el-podio","status":"publish","type":"post","link":"http:\/\/cordobadirecto.com\/index.php\/2026\/04\/26\/moto3-en-espana-marco-morelli-remonto-la-peleo-hasta-el-final-y-rozo-el-podio\/","title":{"rendered":"Moto3 en Espa\u00f1a: Marco Morelli remont\u00f3, la pele\u00f3 hasta el final y roz\u00f3 el podio"},"content":{"rendered":"<p><time class=\"createDate\" datetime=\"2026-04-26T18:29:50-03:00\">26\/04\/2026 18:29hs.<\/time><\/p>\n<div id=\"storyBody\">\n<div id=\"element-body-0\" class=\"sc-136cd478-0 ekTCfV\" readability=\"30.8525\">\n<p><a href=\"https:\/\/www.ole.com.ar\/autos\/franco-colapinto-desato-furia-v8-ultima-salida-trompos-fuego-despedida-pura-emocion-palermo_0_iOoXbmGOqR.html\" target=\"_self\" title=\"Mientras en Palermo todos miraban el show de Franco Colapinto con un F\u00f3rmula 1,\" alt=\"Mientras en Palermo todos miraban el show de Franco Colapinto con un F\u00f3rmula 1,\" rel=\"noopener\">Mientras en Palermo todos miraban el show de<\/a><strong><a href=\"https:\/\/www.ole.com.ar\/autos\/franco-colapinto-desato-furia-v8-ultima-salida-trompos-fuego-despedida-pura-emocion-palermo_0_iOoXbmGOqR.html\" target=\"_self\" title=\"Mientras en Palermo todos miraban el show de Franco Colapinto con un F\u00f3rmula 1,\" alt=\"Mientras en Palermo todos miraban el show de Franco Colapinto con un F\u00f3rmula 1,\" rel=\"noopener\">Franco Colapinto<\/a><\/strong><a href=\"https:\/\/www.ole.com.ar\/autos\/franco-colapinto-desato-furia-v8-ultima-salida-trompos-fuego-despedida-pura-emocion-palermo_0_iOoXbmGOqR.html\" target=\"_self\" title=\"Mientras en Palermo todos miraban el show de Franco Colapinto con un F\u00f3rmula 1,\" alt=\"Mientras en Palermo todos miraban el show de Franco Colapinto con un F\u00f3rmula 1,\" rel=\"noopener\"> con un<\/a><strong><a href=\"https:\/\/www.ole.com.ar\/autos\/franco-colapinto-desato-furia-v8-ultima-salida-trompos-fuego-despedida-pura-emocion-palermo_0_iOoXbmGOqR.html\" target=\"_self\" title=\"Mientras en Palermo todos miraban el show de Franco Colapinto con un F\u00f3rmula 1,\" alt=\"Mientras en Palermo todos miraban el show de Franco Colapinto con un F\u00f3rmula 1,\" rel=\"noopener\">F\u00f3rmula 1<\/a><\/strong><a href=\"https:\/\/www.ole.com.ar\/autos\/franco-colapinto-desato-furia-v8-ultima-salida-trompos-fuego-despedida-pura-emocion-palermo_0_iOoXbmGOqR.html\" target=\"_self\" title=\"Mientras en Palermo todos miraban el show de Franco Colapinto con un F\u00f3rmula 1,\" alt=\"Mientras en Palermo todos miraban el show de Franco Colapinto con un F\u00f3rmula 1,\" rel=\"noopener\">,<\/a> del otro lado del mapa, en Jerez de la Frontera, hubo acci\u00f3n fuerte para los argentinos en la cuarta fecha del <strong><a href=\"https:\/\/www.ole.com.ar\/tema\/moto3.html\" title=\"Moto3\" alt=\"Moto3\" class=\"slug\">Moto3<\/a><\/strong>. <strong>Y el que se rob\u00f3 la atenci\u00f3n fue Marco Morelli:<\/strong> remontada feroz, ritmo de punta <strong>y un cuarto puesto que qued\u00f3 a nada del podio.<\/strong> <strong><a href=\"https:\/\/www.ole.com.ar\/tema\/valentin-perrone.html\" title=\"valentin perrone\" alt=\"valentin perrone\" class=\"slug\">Valent\u00edn Perrone<\/a><\/strong>, en tanto, cerr\u00f3 s\u00e9ptimo tras una carrera cambiante.<\/p>\n<\/div>\n<div id=\"element-body-1\" class=\"sc-136cd478-0 ekTCfV\" readability=\"36\">\n<p>Morelli ya hab\u00eda avisado el s\u00e1bado. <strong>\u201cTengo que ser m\u00e1s explosivo y m\u00e1s r\u00e1pido en las primeras vueltas\u2026\u201d, dijo tras clasificar 11\u00b0 con la KTM del Aspar Team, <\/strong> sabiendo que hab\u00eda potencial para m\u00e1s. Y lo confirm\u00f3 en carrera.<\/p>\n<\/div>\n<div id=\"element-body-2\" class=\"sc-136cd478-0 ekTCfV\" readability=\"39\">\n<p><strong>El Gladiador<\/strong> sali\u00f3 a comerse la pista desde el arranque: <strong>gan\u00f3 posiciones en la primera vuelta, aunque un peque\u00f1o error lo oblig\u00f3 a ir ancho y resignar lo avanzado.<\/strong> Lejos de caerse, apret\u00f3 los dientes. Con un ritmo incluso m\u00e1s veloz que el de la punta en varios tramos, empez\u00f3 a escalar. <strong>En la vuelta ocho meti\u00f3 un 2&#215;1 sobre \u00c1lvaro Carpe y el propio Perrone y se acomod\u00f3 cuarto, <\/strong> todav\u00eda lejos del tr\u00edo delantero.<\/p>\n<\/div>\n<div class=\"sc-e7b891c4-0 ifHnQL image-embed\" id=\"element-body-3\"><img alt=\"Marco Morelli pele\u00f3 por el podio en Jerez, pero finalmente fue cuarto en la cuarta fecha del Moto3.\n(REUTERS).\" loading=\"lazy\" width=\"720\" height=\"100\" decoding=\"async\" data-nimg=\"1\" src=\"http:\/\/cordobadirecto.com\/wp-content\/uploads\/2026\/04\/moto3-en-espana-marco-morelli-remonto-la-peleo-hasta-el-final-y-rozo-el-podio.jpg\"><span class=\"epigraphe\">Marco Morelli pele\u00f3 por el podio en Jerez, pero finalmente fue cuarto en la cuarta fecha del Moto3.<br \/>\n(REUTERS).<\/span><\/div>\n<div id=\"element-body-4\" class=\"sc-136cd478-0 ekTCfV\" readability=\"37\">\n<p>Ah\u00ed empez\u00f3 otra carrera: a puro giro r\u00e1pido, Morelli fue limando los casi dos segundos de diferencia. <strong> A falta de tres vueltas ya estaba encima del podio.<\/strong> Pero adelante, <strong>M\u00e1ximo Quiles<\/strong> -compa\u00f1ero suyo- <strong>peg\u00f3 el tir\u00f3n final y sentenci\u00f3 la victoria.<\/strong> Igual, el argentino no se baj\u00f3 de la pelea.<\/p>\n<\/div>\n<div id=\"element-body-5\" class=\"sc-136cd478-0 ekTCfV\" readability=\"39\">\n<p>En el cierre, Morelli volvi\u00f3 a hacer magia: <strong>otro 2&#215;1 sobre Adri\u00e1n Fern\u00e1ndez y David Mu\u00f1oz para ponerse segundo y so\u00f1ar con el podio.<\/strong> La \u00faltima vuelta fue una batalla total, con los tres llegando en abanico. Finalmente, el argentino cruz\u00f3 cuarto, a apenas 40 mil\u00e9simas de Mu\u00f1oz y 58 de Fern\u00e1ndez. <\/p>\n<\/div>\n<div id=\"element-body-6\" class=\"sc-136cd478-0 ekTCfV\" readability=\"36\">\n<p>Tras esta carrera, <strong> Morelli qued\u00f3 quinto en el campeonato, a 45 puntos de Quiles, l<\/strong>\u00edder firme y candidato con dos triunfos y dos segundos puestos en cuatro fechas.<\/p>\n<\/div>\n<div id=\"element-body-7\" class=\"sc-136cd478-0 ekTCfV\" readability=\"38\">\n<p>Para Perrone, la historia fue distinta. <strong> El Coyote larg\u00f3 12\u00b0 y en pocas vueltas ya estaba cuarto, con una salida impecable.<\/strong> Pero no pudo sostener el ritmo del grupo de punta con su KTM del Tech3 y empez\u00f3 a perder terreno. Encima, qued\u00f3 involucrado en un toque con Jes\u00fas R\u00edos -sancionado- <strong>que lo mand\u00f3 al fondo del pelot\u00f3n.<\/strong><\/p>\n<\/div>\n<div class=\"sc-e7b891c4-0 ifHnQL image-embed\" id=\"element-body-8\"><img alt=\"Valent\u00edn Perrone durante el GP de Espa\u00f1a de Moto3. (Prensa Tech3)\" loading=\"lazy\" width=\"720\" height=\"100\" decoding=\"async\" data-nimg=\"1\" src=\"http:\/\/cordobadirecto.com\/wp-content\/uploads\/2026\/04\/moto3-en-espana-marco-morelli-remonto-la-peleo-hasta-el-final-y-rozo-el-podio-1.jpg\"><span class=\"epigraphe\">Valent\u00edn Perrone durante el GP de Espa\u00f1a de Moto3. (Prensa Tech3)<\/span><\/div>\n<div id=\"element-body-9\" class=\"sc-136cd478-0 ekTCfV\" readability=\"37\">\n<p><strong>Lejos de resignarse, remont\u00f3 en el final y cerr\u00f3 s\u00e9ptimo, <\/strong> un resultado positivo por c\u00f3mo se dio la carrera. En el campeonato <strong>marcha cuarto con 47 unidades, a 43 del l\u00edder, Quiles (90).<\/strong><\/p>\n<\/div>\n<p><h2><strong>C\u00f3mo sigue la agenda del Moto3<\/strong><\/h2>\n<\/p>\n<div id=\"element-body-11\" class=\"sc-136cd478-0 ekTCfV\" readability=\"36\">\n<p><strong>La pr\u00f3xima parada ser\u00e1 el GP de Francia, en Le Mans, el 10 de mayo. <\/strong> Y si algo qued\u00f3 claro en Jerez, es que hay dos argentinos que no paran de dar pelea.<\/p>\n<\/div>\n<div id=\"element-body-12\" class=\"sc-a7166897-0 eoLsBE\" readability=\"31\">\n<section readability=\"2\"><picture><img alt=\"Colapinto y sus lecciones de humanidad\" loading=\"lazy\" width=\"290\" height=\"290\" decoding=\"async\" data-nimg=\"1\" src=\"http:\/\/cordobadirecto.com\/wp-content\/uploads\/2026\/04\/moto3-en-espana-marco-morelli-remonto-la-peleo-hasta-el-final-y-rozo-el-podio-2.jpg\"><\/picture>\n<p><span>Mir\u00e1 tambi\u00e9n<\/span><\/p>\n<hr>\n<h3>Colapinto y sus lecciones de humanidad<\/h3>\n<\/p>\n<\/section>\n<\/div>\n<div id=\"element-body-13\" class=\"sc-a7166897-0 eoLsBE\" readability=\"31\">\n<section readability=\"2\"><picture><img alt=\"El mensaje de Briatore para Colapinto luego de su hist\u00f3rico show en Buenos Aires\" loading=\"lazy\" width=\"290\" height=\"290\" decoding=\"async\" data-nimg=\"1\" src=\"http:\/\/cordobadirecto.com\/wp-content\/uploads\/2026\/04\/moto3-en-espana-marco-morelli-remonto-la-peleo-hasta-el-final-y-rozo-el-podio-3.jpg\"><\/picture>\n<p><span>Mir\u00e1 tambi\u00e9n<\/span><\/p>\n<hr>\n<h3>El mensaje de Briatore para Colapinto luego de su hist\u00f3rico show en Buenos Aires<\/h3>\n<\/p>\n<\/section>\n<\/div>\n<div id=\"element-body-14\" class=\"sc-a7166897-0 eoLsBE\" readability=\"31.5\">\n<section readability=\"3\"><picture><img alt=\"Paredes y Merentiel, parte de la escena bostera del d\u00eda de Colapinto\" loading=\"lazy\" width=\"290\" height=\"290\" decoding=\"async\" data-nimg=\"1\" src=\"http:\/\/cordobadirecto.com\/wp-content\/uploads\/2026\/04\/moto3-en-espana-marco-morelli-remonto-la-peleo-hasta-el-final-y-rozo-el-podio-4.jpg\"><\/picture>\n<p><span>Mir\u00e1 tambi\u00e9n<\/span><\/p>\n<hr>\n<h3>Paredes y Merentiel, parte de la escena bostera del d\u00eda de Colapinto<\/h3>\n<\/p>\n<\/section>\n<\/div>\n<\/div>\n","protected":false},"excerpt":{"rendered":"<p>26\/04\/2026 18:29hs. Mientras en Palermo todos miraban el show deFranco Colapinto con unF\u00f3rmula 1, del otro lado del mapa, en Jerez de la Frontera, hubo acci\u00f3n fuerte para los argentinos en la cuarta fecha del Moto3. Y el que se rob\u00f3 la atenci\u00f3n fue Marco Morelli: remontada feroz, ritmo de punta y un cuarto puesto [&hellip;]<\/p>\n","protected":false},"author":1,"featured_media":196403,"comment_status":"closed","ping_status":"closed","sticky":false,"template":"","format":"standard","meta":[],"categories":[21],"tags":[],"_links":{"self":[{"href":"http:\/\/cordobadirecto.com\/index.php\/wp-json\/wp\/v2\/posts\/196402"}],"collection":[{"href":"http:\/\/cordobadirecto.com\/index.php\/wp-json\/wp\/v2\/posts"}],"about":[{"href":"http:\/\/cordobadirecto.com\/index.php\/wp-json\/wp\/v2\/types\/post"}],"author":[{"embeddable":true,"href":"http:\/\/cordobadirecto.com\/index.php\/wp-json\/wp\/v2\/users\/1"}],"replies":[{"embeddable":true,"href":"http:\/\/cordobadirecto.com\/index.php\/wp-json\/wp\/v2\/comments?post=196402"}],"version-history":[{"count":0,"href":"http:\/\/cordobadirecto.com\/index.php\/wp-json\/wp\/v2\/posts\/196402\/revisions"}],"wp:featuredmedia":[{"embeddable":true,"href":"http:\/\/cordobadirecto.com\/index.php\/wp-json\/wp\/v2\/media\/196403"}],"wp:attachment":[{"href":"http:\/\/cordobadirecto.com\/index.php\/wp-json\/wp\/v2\/media?parent=196402"}],"wp:term":[{"taxonomy":"category","embeddable":true,"href":"http:\/\/cordobadirecto.com\/index.php\/wp-json\/wp\/v2\/categories?post=196402"},{"taxonomy":"post_tag","embeddable":true,"href":"http:\/\/cordobadirecto.com\/index.php\/wp-json\/wp\/v2\/tags?post=196402"}],"curies":[{"name":"wp","href":"https:\/\/api.w.org\/{rel}","templated":true}]}}