{"id":196458,"date":"2026-04-28T00:19:33","date_gmt":"2026-04-28T00:19:33","guid":{"rendered":"https:\/\/www.ole.com.ar\/autos\/sebastian-vettel-volvio-correr-maraton-londres_0_uPBlJqzkB8.html"},"modified":"2026-04-28T00:19:33","modified_gmt":"2026-04-28T00:19:33","slug":"sebastian-vettel-volvio-a-correr-pero-no-un-auto-de-carreras-sorprendio-al-mundo-en-la-maraton-de-londres","status":"publish","type":"post","link":"http:\/\/cordobadirecto.com\/index.php\/2026\/04\/28\/sebastian-vettel-volvio-a-correr-pero-no-un-auto-de-carreras-sorprendio-al-mundo-en-la-maraton-de-londres\/","title":{"rendered":"Sebastian Vettel volvi\u00f3 a correr, pero no un auto de carreras: sorprendi\u00f3 al mundo en la Marat\u00f3n de Londres"},"content":{"rendered":"<p><time class=\"createDate\" datetime=\"2026-04-27T21:19:33-03:00\">27\/04\/2026 21:19hs.<\/time><\/p>\n<div id=\"storyBody\">\n<div id=\"element-body-0\" class=\"sc-136cd478-0 ekTCfV\" readability=\"42\">\n<p>\u00bfQuien corre un auto a 370 kil\u00f3metros por hora puede correr una marat\u00f3n, no? Que puede, puede, pero no es tan sencillo como suena. <strong>Sebastian Vettel, tetracampe\u00f3n de F\u00f3rmula 1, se prepar\u00f3 para la Marat\u00f3n de Londres<\/strong> y no solo cumpli\u00f3 con el objetivo de terminarla, sino que fue m\u00e1s all\u00e1 e hizo un tiempo sorprendente: <strong>baj\u00f3 las tres horas<\/strong>, tiempo que se considera impresionante en esta disciplina.<\/p>\n<\/div>\n<div id=\"element-body-1\" class=\"sc-136cd478-0 ekTCfV\" readability=\"36\">\n<p>Con el fin de recaudar fondos para Grand Prix Trust y Brain &amp; Spine Foundation, dos causas ben\u00e9ficas, el alem\u00e1n de 38 a\u00f1os sali\u00f3 a la pista -no como en sus \u00e9pocas en la M\u00e1xima- y <strong>cruz\u00f3 la l\u00ednea de meta despu\u00e9s de 2h59m8s<\/strong> (super\u00f3 la marca por poquitito).<\/p>\n<\/div>\n<div class=\"sc-e7b891c4-0 ifHnQL image-embed\" id=\"element-body-2\"><img alt=\"Sebastian Vettel tras su retiro de la F1. (ANDREJ ISAKOVIC \/ AFP)\" loading=\"lazy\" width=\"720\" height=\"100\" decoding=\"async\" data-nimg=\"1\" src=\"http:\/\/cordobadirecto.com\/wp-content\/uploads\/2026\/04\/sebastian-vettel-volvio-a-correr-pero-no-un-auto-de-carreras-sorprendio-al-mundo-en-la-maraton-de-londres.jpg\"><span class=\"epigraphe\">Sebastian Vettel tras su retiro de la F1. (ANDREJ ISAKOVIC \/ AFP)<\/span><\/div>\n<p><h2>La emoci\u00f3n de Sebastian Vettel tras la marat\u00f3n<\/h2>\n<\/p>\n<div id=\"element-body-4\" class=\"sc-136cd478-0 ekTCfV\" readability=\"43\">\n<p>&#8221; <strong>Se sinti\u00f3 muy largo, pero era mi primera vez, as\u00ed que no sab\u00eda qu\u00e9 esperar,<\/strong> pero ha sido incre\u00edble cu\u00e1nta gente hab\u00eda al lado del recorrido, y lo contento que est\u00e1 todo el mundo, <strong>as\u00ed que es una experiencia realmente estupenda<\/strong>&#8220;, dijo el expiloto, quien gan\u00f3 cada uno de sus t\u00edtulos junto a Red Bull, en di\u00e1logo con BBC Sport.<\/p>\n<\/div>\n<div id=\"element-body-5\" class=\"sc-136cd478-0 ekTCfV\" readability=\"36\">\n<p><strong>La F\u00f3rmula 1 no se mantuvo ajena al logro de Vettel <\/strong> y lo felicit\u00f3 en sus redes sociales: &#8220;Muchas felicidades a la leyenda de la F\u00f3rmula 1, Sebastian Vettel, por completar la Marat\u00f3n de Londres. <strong>Seb marc\u00f3 un tiempo de sub-3 horas en su primera marat\u00f3n&#8230; pero todos sab\u00edamos que era r\u00e1pid<\/strong> o&#8221;.<\/p>\n<\/div>\n<div class=\"custom-embedhtml\" id=\"element-body-6\" readability=\"23.710843373494\">\n<blockquote class=\"twitter-tweet\" readability=\"5.1867469879518\">\n<p lang=\"en\" dir=\"ltr\">Congratulating Seb on completing the London Marathon on Sunday, with a sub-3-hour time of 2:59:08 \ud83d\udc4f<a href=\"https:\/\/twitter.com\/hashtag\/F1?src=hash&amp;ref_src=twsrc%5Etfw\">#F1<\/a> <a href=\"https:\/\/t.co\/OpZRPR98UF\">pic.twitter.com\/OpZRPR98UF<\/a><\/p>\n<p>\u2014 Formula 1 (@F1) <a href=\"https:\/\/twitter.com\/F1\/status\/2048690213325607144?ref_src=twsrc%5Etfw\">April 27, 2026<\/a><\/p><\/blockquote><\/div>\n<div id=\"element-body-7\" class=\"sc-a7166897-0 eoLsBE\" readability=\"32\">\n<section readability=\"4\"><picture><img alt=\"F\u00f3rmula 1 en Buenos Aires: qu\u00e9 falta, de qu\u00e9 depende y las ventajas para que haya una carrera en la Argentina\" loading=\"lazy\" width=\"290\" height=\"290\" decoding=\"async\" data-nimg=\"1\" src=\"http:\/\/cordobadirecto.com\/wp-content\/uploads\/2026\/04\/sebastian-vettel-volvio-a-correr-pero-no-un-auto-de-carreras-sorprendio-al-mundo-en-la-maraton-de-londres-1.jpg\"><\/picture>\n<p><span>Mir\u00e1 tambi\u00e9n<\/span><\/p>\n<hr>\n<h3>F\u00f3rmula 1 en Buenos Aires: qu\u00e9 falta, de qu\u00e9 depende y las ventajas para que haya una carrera en la Argentina<\/h3>\n<\/p>\n<\/section>\n<\/div>\n<div id=\"element-body-8\" class=\"sc-a7166897-0 eoLsBE\" readability=\"32\">\n<section readability=\"4\"><picture><img alt=\"As\u00ed qued\u00f3 el auto que manej\u00f3 Colapinto: marcas de fuego, da\u00f1os menores y qu\u00e9 van a hacer con \u00e9l\" loading=\"lazy\" width=\"290\" height=\"290\" decoding=\"async\" data-nimg=\"1\" src=\"http:\/\/cordobadirecto.com\/wp-content\/uploads\/2026\/04\/sebastian-vettel-volvio-a-correr-pero-no-un-auto-de-carreras-sorprendio-al-mundo-en-la-maraton-de-londres-2.jpg\"><\/picture>\n<p><span>Mir\u00e1 tambi\u00e9n<\/span><\/p>\n<hr>\n<h3>As\u00ed qued\u00f3 el auto que manej\u00f3 Colapinto: marcas de fuego, da\u00f1os menores y qu\u00e9 van a hacer con \u00e9l<\/h3>\n<\/p>\n<\/section>\n<\/div>\n<div id=\"element-body-9\" class=\"sc-a7166897-0 eoLsBE\" readability=\"31\">\n<section readability=\"2\"><picture><img alt=\"M\u00e1s repercusiones del show de Franco Colapinto: para Alpine fue &quot;hist\u00f3rico&quot;\" loading=\"lazy\" width=\"290\" height=\"290\" decoding=\"async\" data-nimg=\"1\" src=\"http:\/\/cordobadirecto.com\/wp-content\/uploads\/2026\/04\/sebastian-vettel-volvio-a-correr-pero-no-un-auto-de-carreras-sorprendio-al-mundo-en-la-maraton-de-londres-3.jpg\"><\/picture>\n<p><span>Mir\u00e1 tambi\u00e9n<\/span><\/p>\n<hr>\n<h3>M\u00e1s repercusiones del show de Franco Colapinto: para Alpine fue &#8220;hist\u00f3rico&#8221;<\/h3>\n<\/p>\n<\/section>\n<\/div>\n<div id=\"element-body-10\" class=\"sc-a7166897-0 eoLsBE\" readability=\"31\">\n<section readability=\"2\"><picture><img alt=\"Las huellas de Franco Colapinto siguen generando sensaci\u00f3n en Buenos Aires\" loading=\"lazy\" width=\"290\" height=\"290\" decoding=\"async\" data-nimg=\"1\" src=\"http:\/\/cordobadirecto.com\/wp-content\/uploads\/2026\/04\/sebastian-vettel-volvio-a-correr-pero-no-un-auto-de-carreras-sorprendio-al-mundo-en-la-maraton-de-londres-4.jpg\"><\/picture>\n<p><span>Mir\u00e1 tambi\u00e9n<\/span><\/p>\n<hr>\n<h3>Las huellas de Franco Colapinto siguen generando sensaci\u00f3n en Buenos Aires<\/h3>\n<\/p>\n<\/section>\n<\/div>\n<\/div>\n","protected":false},"excerpt":{"rendered":"<p>27\/04\/2026 21:19hs. \u00bfQuien corre un auto a 370 kil\u00f3metros por hora puede correr una marat\u00f3n, no? Que puede, puede, pero no es tan sencillo como suena. Sebastian Vettel, tetracampe\u00f3n de F\u00f3rmula 1, se prepar\u00f3 para la Marat\u00f3n de Londres y no solo cumpli\u00f3 con el objetivo de terminarla, sino que fue m\u00e1s all\u00e1 e hizo [&hellip;]<\/p>\n","protected":false},"author":1,"featured_media":196459,"comment_status":"closed","ping_status":"closed","sticky":false,"template":"","format":"standard","meta":[],"categories":[21],"tags":[],"_links":{"self":[{"href":"http:\/\/cordobadirecto.com\/index.php\/wp-json\/wp\/v2\/posts\/196458"}],"collection":[{"href":"http:\/\/cordobadirecto.com\/index.php\/wp-json\/wp\/v2\/posts"}],"about":[{"href":"http:\/\/cordobadirecto.com\/index.php\/wp-json\/wp\/v2\/types\/post"}],"author":[{"embeddable":true,"href":"http:\/\/cordobadirecto.com\/index.php\/wp-json\/wp\/v2\/users\/1"}],"replies":[{"embeddable":true,"href":"http:\/\/cordobadirecto.com\/index.php\/wp-json\/wp\/v2\/comments?post=196458"}],"version-history":[{"count":0,"href":"http:\/\/cordobadirecto.com\/index.php\/wp-json\/wp\/v2\/posts\/196458\/revisions"}],"wp:featuredmedia":[{"embeddable":true,"href":"http:\/\/cordobadirecto.com\/index.php\/wp-json\/wp\/v2\/media\/196459"}],"wp:attachment":[{"href":"http:\/\/cordobadirecto.com\/index.php\/wp-json\/wp\/v2\/media?parent=196458"}],"wp:term":[{"taxonomy":"category","embeddable":true,"href":"http:\/\/cordobadirecto.com\/index.php\/wp-json\/wp\/v2\/categories?post=196458"},{"taxonomy":"post_tag","embeddable":true,"href":"http:\/\/cordobadirecto.com\/index.php\/wp-json\/wp\/v2\/tags?post=196458"}],"curies":[{"name":"wp","href":"https:\/\/api.w.org\/{rel}","templated":true}]}}