{"id":196460,"date":"2026-04-27T21:39:47","date_gmt":"2026-04-27T21:39:47","guid":{"rendered":"https:\/\/www.ole.com.ar\/autos\/auto-franco-colapinto-lotus-e20-arreglos-costos-quedo-danos-video-enstone-alpine_0_62A3NXvGti.html"},"modified":"2026-04-27T21:39:47","modified_gmt":"2026-04-27T21:39:47","slug":"asi-quedo-el-auto-que-manejo-colapinto-marcas-de-fuego-danos-menores-y-que-van-a-hacer-con-el","status":"publish","type":"post","link":"http:\/\/cordobadirecto.com\/index.php\/2026\/04\/27\/asi-quedo-el-auto-que-manejo-colapinto-marcas-de-fuego-danos-menores-y-que-van-a-hacer-con-el\/","title":{"rendered":"As\u00ed qued\u00f3 el auto que manej\u00f3 Colapinto: marcas de fuego, da\u00f1os menores y qu\u00e9 van a hacer con \u00e9l"},"content":{"rendered":"<p><time class=\"createDate\" datetime=\"2026-04-27T18:39:47-03:00\">27\/04\/2026 18:39hs.<\/time><\/p>\n<div id=\"storyBody\">\n<div id=\"element-body-0\" class=\"sc-136cd478-0 ekTCfV\" readability=\"36.927536231884\">\n<p>Un d\u00eda despu\u00e9s de una jornada hist\u00f3rica como la de este domingo, con el <strong>Road Show de <a href=\"https:\/\/www.ole.com.ar\/tema\/franco-colapinto.html\" title=\"Franco Colapinto\" alt=\"Franco Colapinto\" class=\"slug\">Franco Colapinto<\/a> en Buenos Aires<\/strong>, la f\u00e1brica de <a href=\"https:\/\/www.ole.com.ar\/tema\/alpine.html\" title=\"Alpine\" alt=\"Alpine\" class=\"slug\">Alpine<\/a> en Enstone recibi\u00f3 a uno de los protagonistas del evento: <strong> el Lotus E20 de 2012<\/strong>. El coche sufri\u00f3 un principio de incendio en la zona de los escapes, al t\u00e9rmino de la \u00faltima pasada del pilarense, <strong>y sufri\u00f3 algunos da\u00f1os que no causaron preocupaci\u00f3n en la escuder\u00eda.<\/strong><\/p>\n<\/div>\n<div id=\"element-body-1\" class=\"sc-136cd478-0 ekTCfV\" readability=\"41\">\n<p>Cuando el pilarense finalizaba su presentaci\u00f3n sobre la Avenida del Libertador, <strong>los trompos se le fueron de la mano y el auto empez\u00f3 a prenderse fuego<\/strong>. R\u00e1pidamente, el equipo actu\u00f3 y el incidente qued\u00f3 en la nada. <strong>&#8220;Me hab\u00edan dicho que lo cuidara, lo trat\u00e9 de cuidar pero al final me calent\u00e9 un poquito, ja\u201d<\/strong>, confes\u00f3 Franco despu\u00e9s del evento. Sin embargo, puede quedarse tranquilo.<\/p>\n<\/div>\n<p><h2>C\u00f3mo qued\u00f3 el auto de Colapinto despu\u00e9s de la exhibici\u00f3n y los costos del arreglo<\/h2>\n<\/p>\n<div id=\"element-body-3\" class=\"sc-ef81c825-1 evSCNc\"><figcaption class=\"JWvideoNota_title\">\n<p>Cr\u00e9ditos: Infobae<\/p>\n<\/figcaption><\/div>\n<div id=\"element-body-4\" class=\"sc-136cd478-0 ekTCfV\" readability=\"38\">\n<p>Una vez terminada la exhibici\u00f3n, cuando la gente ya se estaba marchando del trazado que se arm\u00f3 en las calles palermitanas, se conoci\u00f3 c\u00f3mo qued\u00f3 el monoplaza. En un video publicado por Infobae, se aprecian <strong>las marcas del fuego que removieron el ploteo y el desgaste de las ruedas por las donas<\/strong>.<\/p>\n<\/div>\n<div id=\"element-body-5\" class=\"sc-136cd478-0 ekTCfV\" readability=\"38.245647969052\">\n<p>Ahora bien, \u00bfAlpine sali\u00f3 perdiendo por los costos de los arreglos? <strong>La respuesta es no. <\/strong> L\u00f3gicamente, la escuder\u00eda no esperaba que el auto volviera a la sede de Enstone en las mismas condiciones que se fue, y <strong> <\/strong> a la hora de hacer n\u00fameros la reparaci\u00f3n no resulta grave: <strong>son los mismos que se consideran normales en una carrera sin incidentes o en una exhibici\u00f3n como la del domingo.<\/strong> De yapa, el ploteo del equipo apareci\u00f3 en todos los portales de <strong><a href=\"https:\/\/www.ole.com.ar\/tema\/formula-1.html\" title=\"F\u00f3rmula 1\" alt=\"F\u00f3rmula 1\" class=\"slug\">F\u00f3rmula 1<\/a><\/strong> por la repercusi\u00f3n mundial del evento. Todo ganancia.<\/p>\n<\/div>\n<div class=\"sc-e7b891c4-0 ifHnQL image-embed\" id=\"element-body-6\"><img alt=\"Las marcas que dej\u00f3 Colapinto con el Lotus E20. (AP)\" loading=\"lazy\" width=\"720\" height=\"100\" decoding=\"async\" data-nimg=\"1\" src=\"http:\/\/cordobadirecto.com\/wp-content\/uploads\/2026\/04\/asi-quedo-el-auto-que-manejo-colapinto-marcas-de-fuego-danos-menores-y-que-van-a-hacer-con-el.jpg\"><span class=\"epigraphe\">Las marcas que dej\u00f3 Colapinto con el Lotus E20. (AP)<\/span><\/div>\n<p><h2>Qu\u00e9 pasar\u00e1 con el Lotus E20 que manej\u00f3 Colapinto en el Road Show de Buenos Aires <\/h2>\n<\/p>\n<div id=\"element-body-8\" class=\"sc-136cd478-0 ekTCfV\" readability=\"39\">\n<p>De esta manera, <strong> el monoplaza que form\u00f3 parte de la hist\u00f3rica jornada ser\u00e1 reparado y volver\u00e1 a estar a disposici\u00f3n de la escuder\u00eda francesa<\/strong>. Despu\u00e9s de que su motor V8 rugiera para 600.000 personas, la maquina dise\u00f1ada por James Allison descansar\u00e1 en Enstone y se mantendr\u00e1 a la espera de otro evento de esta \u00edndole. Para los argentinos, ser\u00e1 recordado con un cari\u00f1o inmenso, tan grande como el que tienen en la f\u00e1brica inglesa: <strong> fue el primer coche creado en all\u00ed.<\/strong><\/p>\n<\/div>\n<div id=\"element-body-9\" class=\"sc-136cd478-0 ekTCfV\" readability=\"40.582278481013\">\n<p>En la temporada 2012 fue pilotado por <strong><a href=\"https:\/\/www.ole.com.ar\/tema\/kimi-raikkonen.html\" title=\"Kimi Raikkonen\" alt=\"Kimi Raikkonen\" class=\"slug\">Kimi R\u00e4ikk\u00f6nen<\/a><\/strong> y Romain Grosjean, quienes terminaron en el 9\u00b0 y 10\u00b0 puesto de la tabla de pilotos, respectivamente (el finland\u00e9s gan\u00f3 una carrera). A partir de ah\u00ed, <strong>el Lotus E20 fue resguardado en la sede y, de vez en cuando, protagoniza exhibiciones extraoficiales.<\/strong> Como la del domingo, en la que se volvi\u00f3 <strong> parte grande de la historia del automovilismo nacional<\/strong>, compartiendo con un emblema como la &#8220;Flecha de Plata&#8221; de Fangio.<\/p>\n<\/div>\n<div class=\"sc-e7b891c4-0 ifHnQL image-embed\" id=\"element-body-10\"><img alt=\"El Lotus E20 particip\u00f3 en una jornada hist\u00f3rica para el automovilismo nacional. (REUTER)\" loading=\"lazy\" width=\"720\" height=\"100\" decoding=\"async\" data-nimg=\"1\" src=\"http:\/\/cordobadirecto.com\/wp-content\/uploads\/2026\/04\/asi-quedo-el-auto-que-manejo-colapinto-marcas-de-fuego-danos-menores-y-que-van-a-hacer-con-el-1.jpg\"><span class=\"epigraphe\">El Lotus E20 particip\u00f3 en una jornada hist\u00f3rica para el automovilismo nacional. (REUTER)<\/span><\/div>\n<div id=\"element-body-11\" class=\"sc-a7166897-0 eoLsBE\" readability=\"31\">\n<section readability=\"2\"><picture><img alt=\"M\u00e1s repercusiones del show de Franco Colapinto: para Alpine fue &quot;hist\u00f3rico&quot;\" loading=\"lazy\" width=\"290\" height=\"290\" decoding=\"async\" data-nimg=\"1\" src=\"http:\/\/cordobadirecto.com\/wp-content\/uploads\/2026\/04\/asi-quedo-el-auto-que-manejo-colapinto-marcas-de-fuego-danos-menores-y-que-van-a-hacer-con-el-2.jpg\"><\/picture>\n<p><span>Mir\u00e1 tambi\u00e9n<\/span><\/p>\n<hr>\n<h3>M\u00e1s repercusiones del show de Franco Colapinto: para Alpine fue &#8220;hist\u00f3rico&#8221;<\/h3>\n<\/p>\n<\/section>\n<\/div>\n<div id=\"element-body-12\" class=\"sc-a7166897-0 eoLsBE\" readability=\"31.5\">\n<section readability=\"3\"><picture><img alt=\"El furor que gener\u00f3 la visita de Franco Colapinto en Buenos Aires lleg\u00f3 a las cuentas oficiales de la F\u00f3rmula 1\" loading=\"lazy\" width=\"290\" height=\"290\" decoding=\"async\" data-nimg=\"1\" src=\"http:\/\/cordobadirecto.com\/wp-content\/uploads\/2026\/04\/asi-quedo-el-auto-que-manejo-colapinto-marcas-de-fuego-danos-menores-y-que-van-a-hacer-con-el-3.jpg\"><\/picture>\n<p><span>Mir\u00e1 tambi\u00e9n<\/span><\/p>\n<hr>\n<h3>El furor que gener\u00f3 la visita de Franco Colapinto en Buenos Aires lleg\u00f3 a las cuentas oficiales de la F\u00f3rmula 1<\/h3>\n<\/p>\n<\/section>\n<\/div>\n<div id=\"element-body-13\" class=\"sc-a7166897-0 eoLsBE\" readability=\"31\">\n<section readability=\"2\"><picture><img alt=\"La locura por Colapinto es f\u00e1ctica: 600.000 personas lo acompa\u00f1aron en su Road Show\" loading=\"lazy\" width=\"290\" height=\"290\" decoding=\"async\" data-nimg=\"1\" src=\"http:\/\/cordobadirecto.com\/wp-content\/uploads\/2026\/04\/asi-quedo-el-auto-que-manejo-colapinto-marcas-de-fuego-danos-menores-y-que-van-a-hacer-con-el-4.jpg\"><\/picture>\n<p><span>Mir\u00e1 tambi\u00e9n<\/span><\/p>\n<hr>\n<h3>La locura por Colapinto es f\u00e1ctica: 600.000 personas lo acompa\u00f1aron en su Road Show<\/h3>\n<\/p>\n<\/section>\n<\/div>\n<\/div>\n","protected":false},"excerpt":{"rendered":"<p>27\/04\/2026 18:39hs. Un d\u00eda despu\u00e9s de una jornada hist\u00f3rica como la de este domingo, con el Road Show de Franco Colapinto en Buenos Aires, la f\u00e1brica de Alpine en Enstone recibi\u00f3 a uno de los protagonistas del evento: el Lotus E20 de 2012. El coche sufri\u00f3 un principio de incendio en la zona de los [&hellip;]<\/p>\n","protected":false},"author":1,"featured_media":196461,"comment_status":"closed","ping_status":"closed","sticky":false,"template":"","format":"standard","meta":[],"categories":[21],"tags":[],"_links":{"self":[{"href":"http:\/\/cordobadirecto.com\/index.php\/wp-json\/wp\/v2\/posts\/196460"}],"collection":[{"href":"http:\/\/cordobadirecto.com\/index.php\/wp-json\/wp\/v2\/posts"}],"about":[{"href":"http:\/\/cordobadirecto.com\/index.php\/wp-json\/wp\/v2\/types\/post"}],"author":[{"embeddable":true,"href":"http:\/\/cordobadirecto.com\/index.php\/wp-json\/wp\/v2\/users\/1"}],"replies":[{"embeddable":true,"href":"http:\/\/cordobadirecto.com\/index.php\/wp-json\/wp\/v2\/comments?post=196460"}],"version-history":[{"count":0,"href":"http:\/\/cordobadirecto.com\/index.php\/wp-json\/wp\/v2\/posts\/196460\/revisions"}],"wp:featuredmedia":[{"embeddable":true,"href":"http:\/\/cordobadirecto.com\/index.php\/wp-json\/wp\/v2\/media\/196461"}],"wp:attachment":[{"href":"http:\/\/cordobadirecto.com\/index.php\/wp-json\/wp\/v2\/media?parent=196460"}],"wp:term":[{"taxonomy":"category","embeddable":true,"href":"http:\/\/cordobadirecto.com\/index.php\/wp-json\/wp\/v2\/categories?post=196460"},{"taxonomy":"post_tag","embeddable":true,"href":"http:\/\/cordobadirecto.com\/index.php\/wp-json\/wp\/v2\/tags?post=196460"}],"curies":[{"name":"wp","href":"https:\/\/api.w.org\/{rel}","templated":true}]}}