{"id":196528,"date":"2026-04-28T00:45:23","date_gmt":"2026-04-28T00:45:23","guid":{"rendered":"https:\/\/www.bbc.com\/mundo\/articles\/cq8p2vp5l22o#7"},"modified":"2026-04-28T00:45:23","modified_gmt":"2026-04-28T00:45:23","slug":"el-canciller-de-alemania-afirma-que-iran-esta-humillando-a-ee-uu","status":"publish","type":"post","link":"http:\/\/cordobadirecto.com\/index.php\/2026\/04\/28\/el-canciller-de-alemania-afirma-que-iran-esta-humillando-a-ee-uu\/","title":{"rendered":"El canciller de Alemania afirma que Ir\u00e1n est\u00e1 &#8220;humillando&#8221; a EE.UU."},"content":{"rendered":"<figure class=\"css-1qn0xuy\" readability=\"1.5\">\n<div class=\"css-1avk5os\" readability=\"8\"><img src=\"http:\/\/cordobadirecto.com\/wp-content\/uploads\/2026\/04\/el-canciller-de-alemania-afirma-que-iran-esta-humillando-a-ee-uu.webp\" srcset=\"http:\/\/cordobadirecto.com\/wp-content\/uploads\/2026\/04\/el-canciller-de-alemania-afirma-que-iran-esta-humillando-a-ee-uu-20.webp 240w, http:\/\/cordobadirecto.com\/wp-content\/uploads\/2026\/04\/el-canciller-de-alemania-afirma-que-iran-esta-humillando-a-ee-uu-21.webp 320w, http:\/\/cordobadirecto.com\/wp-content\/uploads\/2026\/04\/el-canciller-de-alemania-afirma-que-iran-esta-humillando-a-ee-uu-22.webp 480w, http:\/\/cordobadirecto.com\/wp-content\/uploads\/2026\/04\/el-canciller-de-alemania-afirma-que-iran-esta-humillando-a-ee-uu-23.webp 624w, http:\/\/cordobadirecto.com\/wp-content\/uploads\/2026\/04\/el-canciller-de-alemania-afirma-que-iran-esta-humillando-a-ee-uu-24.webp 800w\" sizes=\"(min-width: 1008px) 760px, 100vw\" alt=\"El canciller Frederich Merz hablando en el Instituto Carolus-Magnus\" loading=\"eager\" width=\"900\" height=\"506\" fetchpriority=\"high\" class=\"css-1seqhu9\"><\/p>\n<p class=\"css-by8ykd\" role=\"text\"><span class=\"css-2ozlq5\">Fuente de la imagen, <\/span><span lang=\"en-GB\">Reuters<\/span><\/p>\n<\/div><figcaption class=\"css-15f1ujd\" dir=\"ltr\"><span role=\"text\"><span class=\"css-2ozlq5\">Pie de foto, <\/span><span data-testid=\"caption-paragraph\">El canciller Frederich Merz dijo que no ve una salida f\u00e1cil para EE.UU. del conflicto con Ir\u00e1n.<\/span><\/span><\/figcaption><\/figure>\n<section role=\"region\" aria-labelledby=\"article-byline\" data-testid=\"byline\"><strong id=\"article-byline\" aria-hidden=\"true\" class=\"css-2ozlq5\">Informaci\u00f3n del art\u00edculo<\/strong><\/p>\n<ul class=\"css-1a8g4ww\">\n<li class=\"css-1s1df59\">\n<ul role=\"list\" class=\"css-z50d25\">\n<li class=\"css-0\"><span role=\"text\"><span class=\"css-2ozlq5\">Autor, <\/span><span class=\"css-eiglm1\">Redacci\u00f3n<\/span><\/span><\/li>\n<li class=\"css-k1irjw\"><span role=\"text\"><span class=\"css-2ozlq5\">T\u00edtulo del autor, <!-- --> <\/span><span class=\"css-hsb4jx\">BBC News Mundo<\/span><\/span><\/li>\n<\/ul>\n<\/li>\n<li>\n<p><time datetime=\"2026-04-28\" class=\"css-128bydx expmsel0\">28 abril 2026<\/time><\/p>\n<\/li>\n<li>\n<p><span class=\"css-hsb4jx\">Tiempo de lectura: 4 min<\/span><\/p>\n<\/li>\n<\/ul>\n<\/section>\n<div dir=\"ltr\" class=\"css-1k9op6x e17x9cvu0\" readability=\"12\">\n<p dir=\"ltr\" class=\"css-s4cjt0 eea635z0\"><b>El canciller de Alemania, Friedrich Merz, critic\u00f3 la estrategia de Estados Unidos en su guerra con Ir\u00e1n, pues dijo que no ve qu\u00e9 salida tiene Washington para solucionar el conflicto y que est\u00e1 &#8220;siendo humillado por los l\u00edderes iran\u00edes&#8221; en las negociaciones.<\/b><\/p>\n<\/div>\n<div dir=\"ltr\" class=\"css-1k9op6x e17x9cvu0\" readability=\"10\">\n<p dir=\"ltr\" class=\"css-s4cjt0 eea635z0\">Merz hizo estas afirmaciones este lunes en un encuentro con estudiantes en la ciudad de Marsberg, donde dijo que los iran\u00edes est\u00e1n &#8220;obviamente negociando con mucha habilidad&#8221; y son &#8220;claramente m\u00e1s fuertes de lo que se pensaba&#8221;.<\/p>\n<\/div>\n<div dir=\"ltr\" class=\"css-1k9op6x e17x9cvu0\" readability=\"12\">\n<p dir=\"ltr\" class=\"css-s4cjt0 eea635z0\">&#8220;Es evidente que los estadounidenses no tienen una estrategia, y el problema con conflictos como este es siempre que no basta con la entrada, tambi\u00e9n hay que salir&#8221;, afirm\u00f3 el canciller en la charla.<\/p>\n<\/div>\n<div dir=\"ltr\" class=\"css-1k9op6x e17x9cvu0\" readability=\"19\">\n<p dir=\"ltr\" class=\"css-s4cjt0 eea635z0\">&#8220;Lo vimos de manera muy dolorosa en Afganist\u00e1n, durante 20 a\u00f1os. Lo vimos en Irak. As\u00ed que todo este asunto es, como dije, poco meditado, por decir lo menos. Por el momento, no veo qu\u00e9 salida estrat\u00e9gica est\u00e1n escogiendo los estadounidenses, especialmente porque los iran\u00edes est\u00e1n negociando obviamente con mucha habilidad o, m\u00e1s bien, con mucha habilidad no negociando y dejando que los estadounidenses viajen a Islamabad solo para irse de nuevo sin ning\u00fan resultado&#8221;, continu\u00f3.<\/p>\n<\/div>\n<div dir=\"ltr\" class=\"css-1k9op6x e17x9cvu0\" readability=\"12\">\n<p dir=\"ltr\" class=\"css-s4cjt0 eea635z0\">Estados Unidos e Israel lanzaron una ofensiva militar a gran escala el 28 de febrero, lo que provoc\u00f3 una respuesta de Teher\u00e1n contra territorio israel\u00ed y otros pa\u00edses de Medio Oriente. El conflicto escal\u00f3 al cierre del estrecho de Ormuz, un paso vital para el comercio de petr\u00f3leo del golfo P\u00e9rsico.<\/p>\n<\/div>\n<section aria-label=\"Publicidad 2\" aria-hidden=\"true\" role=\"region\" data-e2e=\"advertisement\" class=\"css-1s6hekm\"><\/section>\n<div dir=\"ltr\" class=\"css-1k9op6x e17x9cvu0\" readability=\"12\">\n<p dir=\"ltr\" class=\"css-s4cjt0 eea635z0\">Aunque EE.UU. e Ir\u00e1n acordaron una tregua que inici\u00f3 el 8 de abril, los di\u00e1logos con mediaci\u00f3n de Pakist\u00e1n en Islamabad, que tienen como fin alcanzar un acuerdo final, se han estancado en las \u00faltimas semanas.<\/p>\n<\/div>\n<div dir=\"ltr\" class=\"css-1k9op6x e17x9cvu0\" readability=\"10\">\n<p dir=\"ltr\" class=\"css-s4cjt0 eea635z0\">El conflicto ha golpeado a pa\u00edses que dependen directamente del petr\u00f3leo del Golfo, pero tambi\u00e9n ha encarecido los energ\u00e9ticos a nivel global, incluyendo a Alemania y varios pa\u00edses de Europa.<\/p>\n<\/div>\n<div dir=\"ltr\" class=\"css-1k9op6x e17x9cvu0\" readability=\"9\">\n<p dir=\"ltr\" class=\"css-s4cjt0 eea635z0\">Para Merz, la forma en que los l\u00edderes iran\u00edes han aprovechado sus ventajas ha exhibido la mala estrategia de los estadounidenses.<\/p>\n<\/div>\n<section data-e2e=\"recommendations-heading\" role=\"region\" aria-labelledby=\"recommendations-heading\" class=\"css-1o3v5ug\"><\/section>\n<div dir=\"ltr\" class=\"css-1k9op6x e17x9cvu0\" readability=\"10\">\n<p dir=\"ltr\" class=\"css-s4cjt0 eea635z0\">&#8220;Toda una naci\u00f3n est\u00e1 siendo humillada por los dirigentes del Estado iran\u00ed, especialmente por la llamada Guardia Revolucionaria&#8221;, sostuvo.<\/p>\n<\/div>\n<figure class=\"css-1qn0xuy\" readability=\"1.5\">\n<div class=\"css-1avk5os\" readability=\"8\"><img src=\"http:\/\/cordobadirecto.com\/wp-content\/uploads\/2026\/04\/el-canciller-de-alemania-afirma-que-iran-esta-humillando-a-ee-uu-18.webp\" srcset=\"http:\/\/cordobadirecto.com\/wp-content\/uploads\/2026\/04\/el-canciller-de-alemania-afirma-que-iran-esta-humillando-a-ee-uu-25.webp 240w, http:\/\/cordobadirecto.com\/wp-content\/uploads\/2026\/04\/el-canciller-de-alemania-afirma-que-iran-esta-humillando-a-ee-uu-26.webp 320w, http:\/\/cordobadirecto.com\/wp-content\/uploads\/2026\/04\/el-canciller-de-alemania-afirma-que-iran-esta-humillando-a-ee-uu-27.webp 480w, http:\/\/cordobadirecto.com\/wp-content\/uploads\/2026\/04\/el-canciller-de-alemania-afirma-que-iran-esta-humillando-a-ee-uu-28.webp 624w, http:\/\/cordobadirecto.com\/wp-content\/uploads\/2026\/04\/el-canciller-de-alemania-afirma-que-iran-esta-humillando-a-ee-uu-29.webp 800w\" sizes=\"(min-width: 1008px) 760px, 100vw\" alt=\"El canciller Frederich Merz y varios j\u00f3venes en una charla en el Instituto Carolus-Magnus\" loading=\"lazy\" width=\"1000\" height=\"667\" class=\"css-1seqhu9\"><\/p>\n<p class=\"css-by8ykd\" role=\"text\"><span class=\"css-2ozlq5\">Fuente de la imagen, <\/span><span lang=\"en-GB\">Reuters<\/span><\/p>\n<\/div><figcaption class=\"css-15f1ujd\" dir=\"ltr\"><span role=\"text\"><span class=\"css-2ozlq5\">Pie de foto, <\/span><span data-testid=\"caption-paragraph\">Las palabras de Merz se dieron en un encuentro con estudiantes en el Instituto Carolus-Magnus de Marsberg, en el oeste de Alemania.<\/span><\/span><\/figcaption><\/figure>\n<p><h2 tabindex=\"-1\" id=\"Los-iran\u00edes-son-claramente-m\u00e1s-fuertes-de-lo-que-se-pensaba\" class=\"css-jtxtr9 emoh99e1\">&#8220;Los iran\u00edes son claramente m\u00e1s fuertes de lo que se pensaba&#8221;<\/h2>\n<\/p>\n<div dir=\"ltr\" class=\"css-1k9op6x e17x9cvu0\" readability=\"9\">\n<p dir=\"ltr\" class=\"css-s4cjt0 eea635z0\">Ante el panorama actual, Merz lament\u00f3 que EE.UU. no haya tenido una buena estrategia ni que el presidente Donald Trump haya tomado en cuenta a sus aliados europeos.<\/p>\n<\/div>\n<div dir=\"ltr\" class=\"css-1k9op6x e17x9cvu0\" readability=\"17\">\n<p dir=\"ltr\" class=\"css-s4cjt0 eea635z0\">&#8220;Nosotros, como europeos, ofrecimos -y dijimos que est\u00e1bamos dispuestos- a ayudar a reabrir el estrecho de Ormuz tras el fin de las negociaciones. Ofrecimos enviar dragaminas desde Alemania para ayudar a despejar el paso de minas, ya que claramente ha sido, al menos parcialmente, minado. Podemos ayudar en eso, pero primero deben terminar los combates&#8221;, dijo el canciller a los estudiantes en Marsberg.<\/p>\n<\/div>\n<div dir=\"ltr\" class=\"css-1k9op6x e17x9cvu0\" readability=\"15\">\n<p dir=\"ltr\" class=\"css-s4cjt0 eea635z0\">&#8220;Y por el momento no veo c\u00f3mo esto puede lograrse en un futuro cercano, porque los iran\u00edes son claramente m\u00e1s fuertes de lo que se pensaba y los estadounidenses claramente no parecen tener una estrategia de negociaci\u00f3n convincente. Lamento tener que decirlo, pero, por el momento, es una situaci\u00f3n bastante complicada&#8221;, a\u00f1adi\u00f3.<\/p>\n<\/div>\n<div dir=\"ltr\" class=\"css-1k9op6x e17x9cvu0\" readability=\"10\">\n<p dir=\"ltr\" class=\"css-s4cjt0 eea635z0\">El l\u00edder alem\u00e1n tambi\u00e9n lament\u00f3 que el conflicto en Medio Oriente est\u00e9 causando golpes a la econom\u00eda de su pa\u00eds por el incremento en los costos de los energ\u00e9ticos, por lo que dijo que la guerra &#8220;debe terminar lo antes posible&#8221;.<\/p>\n<\/div>\n<div dir=\"ltr\" class=\"css-1k9op6x e17x9cvu0\" readability=\"12\">\n<p dir=\"ltr\" class=\"css-s4cjt0 eea635z0\">Sin embargo, los esfuerzos diplom\u00e1ticos en Islamabad se han estancado a pesar de que Trump prorrog\u00f3 el alto el fuego, que deb\u00eda expirar el 22 de abril, para permitir que continuaran las conversaciones.<\/p>\n<\/div>\n<div dir=\"ltr\" class=\"css-1k9op6x e17x9cvu0\" readability=\"11\">\n<p dir=\"ltr\" class=\"css-s4cjt0 eea635z0\">El s\u00e1bado, el presidente de EE.UU. anunci\u00f3 la cancelaci\u00f3n del viaje de funcionarios estadounidenses a Pakist\u00e1n para las conversaciones con Ir\u00e1n, poco despu\u00e9s de que la delegaci\u00f3n de Teher\u00e1n abandonara la capital de Pakist\u00e1n.<\/p>\n<\/div>\n<div dir=\"ltr\" class=\"css-1k9op6x e17x9cvu0\" readability=\"9\">\n<p dir=\"ltr\" class=\"css-s4cjt0 eea635z0\">Trump dijo que estaban perdiendo &#8220;demasiado tiempo&#8221; y agreg\u00f3 que si Ir\u00e1n quer\u00eda hablar, &#8220;lo \u00fanico que ten\u00edan que hacer era llamar&#8221;.<\/p>\n<\/div>\n<figure class=\"css-1qn0xuy\">\n<div class=\"css-1avk5os\"><img src=\"http:\/\/cordobadirecto.com\/wp-content\/uploads\/2026\/04\/el-canciller-de-alemania-afirma-que-iran-esta-humillando-a-ee-uu-19.webp\" srcset=\"http:\/\/cordobadirecto.com\/wp-content\/uploads\/2026\/04\/el-canciller-de-alemania-afirma-que-iran-esta-humillando-a-ee-uu-30.webp 240w, http:\/\/cordobadirecto.com\/wp-content\/uploads\/2026\/04\/el-canciller-de-alemania-afirma-que-iran-esta-humillando-a-ee-uu-31.webp 320w, http:\/\/cordobadirecto.com\/wp-content\/uploads\/2026\/04\/el-canciller-de-alemania-afirma-que-iran-esta-humillando-a-ee-uu-32.webp 480w, http:\/\/cordobadirecto.com\/wp-content\/uploads\/2026\/04\/el-canciller-de-alemania-afirma-que-iran-esta-humillando-a-ee-uu-33.webp 624w, http:\/\/cordobadirecto.com\/wp-content\/uploads\/2026\/04\/el-canciller-de-alemania-afirma-que-iran-esta-humillando-a-ee-uu-34.webp 800w\" sizes=\"(min-width: 1008px) 760px, 100vw\" alt=\"L\u00ednea gris\" loading=\"lazy\" width=\"800\" height=\"100\" class=\"css-1seqhu9\"><\/div>\n<\/figure>\n<div dir=\"ltr\" class=\"css-1k9op6x e17x9cvu0\" readability=\"6.9206349206349\">\n<p dir=\"ltr\" class=\"css-s4cjt0 eea635z0\"><a href=\"https:\/\/www.bbc.com\/mundo\/send\/u184973209\" class=\"focusIndicatorReducedWidth css-n8oauk e1h2ur550\"><i class=\"css-6whwaq ezrtjzf0\">Suscr\u00edbete aqu\u00ed<\/i><\/a><i class=\"css-6whwaq ezrtjzf0\"> a nuestro nuevo newsletter para recibir cada viernes una selecci\u00f3n de nuestro mejor contenido de la semana.<\/i><\/p>\n<\/div>\n<div dir=\"ltr\" class=\"css-1k9op6x e17x9cvu0\" readability=\"8\">\n<p dir=\"ltr\" class=\"css-s4cjt0 eea635z0\"><i class=\"css-6whwaq ezrtjzf0\">Y recuerda que puedes recibir notificaciones en nuestra app. Descarga la \u00faltima versi\u00f3n y act\u00edvalas.<\/i><\/p>\n<\/div>\n","protected":false},"excerpt":{"rendered":"<p>Fuente de la imagen, Reuters Pie de foto, El canciller Frederich Merz dijo que no ve una salida f\u00e1cil para EE.UU. del conflicto con Ir\u00e1n. Informaci\u00f3n del art\u00edculo Autor, Redacci\u00f3n T\u00edtulo del autor, BBC News Mundo 28 abril 2026 Tiempo de lectura: 4 min El canciller de Alemania, Friedrich Merz, critic\u00f3 la estrategia de Estados [&hellip;]<\/p>\n","protected":false},"author":1,"featured_media":0,"comment_status":"closed","ping_status":"closed","sticky":false,"template":"","format":"standard","meta":[],"categories":[24],"tags":[],"_links":{"self":[{"href":"http:\/\/cordobadirecto.com\/index.php\/wp-json\/wp\/v2\/posts\/196528"}],"collection":[{"href":"http:\/\/cordobadirecto.com\/index.php\/wp-json\/wp\/v2\/posts"}],"about":[{"href":"http:\/\/cordobadirecto.com\/index.php\/wp-json\/wp\/v2\/types\/post"}],"author":[{"embeddable":true,"href":"http:\/\/cordobadirecto.com\/index.php\/wp-json\/wp\/v2\/users\/1"}],"replies":[{"embeddable":true,"href":"http:\/\/cordobadirecto.com\/index.php\/wp-json\/wp\/v2\/comments?post=196528"}],"version-history":[{"count":0,"href":"http:\/\/cordobadirecto.com\/index.php\/wp-json\/wp\/v2\/posts\/196528\/revisions"}],"wp:attachment":[{"href":"http:\/\/cordobadirecto.com\/index.php\/wp-json\/wp\/v2\/media?parent=196528"}],"wp:term":[{"taxonomy":"category","embeddable":true,"href":"http:\/\/cordobadirecto.com\/index.php\/wp-json\/wp\/v2\/categories?post=196528"},{"taxonomy":"post_tag","embeddable":true,"href":"http:\/\/cordobadirecto.com\/index.php\/wp-json\/wp\/v2\/tags?post=196528"}],"curies":[{"name":"wp","href":"https:\/\/api.w.org\/{rel}","templated":true}]}}