{"id":196736,"date":"2026-04-30T21:22:52","date_gmt":"2026-04-30T21:22:52","guid":{"rendered":"https:\/\/www.ole.com.ar\/autos\/formula-2-f2-nicolas-varrone-argentino-compartira-pista-franco-colapinto-gp-miami_0_q7tPGIFrQ0.html"},"modified":"2026-04-30T21:22:52","modified_gmt":"2026-04-30T21:22:52","slug":"quien-es-el-argentino-que-compartira-pista-con-franco-colapinto-en-el-gp-de-miami","status":"publish","type":"post","link":"http:\/\/cordobadirecto.com\/index.php\/2026\/04\/30\/quien-es-el-argentino-que-compartira-pista-con-franco-colapinto-en-el-gp-de-miami\/","title":{"rendered":"Qui\u00e9n es el argentino que compartir\u00e1 pista con Franco Colapinto en el GP de Miami"},"content":{"rendered":"<p><time class=\"createDate\" datetime=\"2026-04-30T18:22:52-03:00\">30\/04\/2026 18:22hs.<\/time><\/p>\n<div id=\"storyBody\">\n<div id=\"element-body-0\" class=\"sc-136cd478-0 ekTCfV\" readability=\"34.720812182741\">\n<p>M\u00e1s de un mes despu\u00e9s, <strong> la <a href=\"https:\/\/www.ole.com.ar\/tema\/formula-1.html\" title=\"F\u00f3rmula 1\" alt=\"F\u00f3rmula 1\" class=\"slug\">F\u00f3rmula 1<\/a> volver\u00e1 a girar.<\/strong> El <strong> Gran Premio de Miami <\/strong> tendr\u00e1 el honor de recibir a la M\u00e1xima tras la suspensi\u00f3n de las carreras de Bahrein y Arabia Saudita, <strong>pero no estar\u00e1 sola porque la <a href=\"https:\/\/www.ole.com.ar\/tema\/formula-2.html\" title=\"F\u00f3rmula 2\" alt=\"F\u00f3rmula 2\" class=\"slug\">F\u00f3rmula 2<\/a>, su categor\u00eda telonera, tambi\u00e9n tendr\u00e1 actividad<\/strong>. As\u00ed las cosas, <strong><a href=\"https:\/\/www.ole.com.ar\/tema\/franco-colapinto.html\" title=\"Franco Colapinto\" alt=\"Franco Colapinto\" class=\"slug\">Franco Colapinto<\/a> no ser\u00e1 el \u00fanico piloto nacional: <a href=\"https:\/\/www.ole.com.ar\/tema\/nicolas-varrone.html\" title=\"Nicol\u00e1s Varrone\" alt=\"Nicol\u00e1s Varrone\" class=\"slug\">Nicol\u00e1s Varrone<\/a> compartir\u00e1 pista con \u00e9l. <\/strong><\/p>\n<\/div>\n<div id=\"element-body-1\" class=\"sc-136cd478-0 ekTCfV\" readability=\"38\">\n<p><strong>Varrone<\/strong>, que con 25 a\u00f1os est\u00e1 en su primera temporada del campeonato -compitiendo para Van Amersfoort Racing-, acompa\u00f1ar\u00e1 a Colapinto en cada jornada con la chance de compartir la pista. Sin embargo, no estaba planeado que la competencia donde maneja el de Ingeniero Maschwitz aterrice en Florida <strong>: los conflictos b\u00e9licos en Medio Oriente le cancelaron dos GP&#8217;s y se sum\u00f3 a los de Miami y Montreal.<\/strong><\/p>\n<\/div>\n<div class=\"sc-e7b891c4-0 ifHnQL image-embed\" id=\"element-body-2\"><img alt=\"Varrone competir\u00e1 en Miami por la suspensi\u00f3n de las fechas de Bahrein y Arabia Saudita. \" loading=\"lazy\" width=\"720\" height=\"100\" decoding=\"async\" data-nimg=\"1\" src=\"http:\/\/cordobadirecto.com\/wp-content\/uploads\/2026\/05\/quien-es-el-argentino-que-compartira-pista-con-franco-colapinto-en-el-gp-de-miami.jpg\"><span class=\"epigraphe\">Varrone competir\u00e1 en Miami por la suspensi\u00f3n de las fechas de Bahrein y Arabia Saudita. <\/span><\/div>\n<p><h2>C\u00f3mo arranc\u00f3 Nicol\u00e1s Varrone la temporada de F\u00f3rmula 2<\/h2>\n<\/p>\n<div id=\"element-body-4\" class=\"sc-136cd478-0 ekTCfV\" readability=\"40\">\n<p>De esta manera, <strong> la F\u00f3rmula 2 tendr\u00e1 su segunda fecha un poco m\u00e1s tarde de lo esperado<\/strong>. El primer Gran Premio de la temporada fue el de <strong>Australia<\/strong>, donde el corredor nacional no lleg\u00f3 a conseguir sus primeros puntos: <strong> finaliz\u00f3 17\u00b0 <\/strong>(suman desde el 15\u00b0), en una jornada que vio triunfar al b\u00falgaro Nikola Tsolov, de Campos Racing. <strong>A\u00fan as\u00ed, el debut del albiceleste no fue malo&#8230;<\/strong><\/p>\n<\/div>\n<div id=\"element-body-5\" class=\"sc-136cd478-0 ekTCfV\" readability=\"40\">\n<p><strong>Varrone larg\u00f3 en la 19\u00aa posici\u00f3n y lleg\u00f3 a ser el puntero temporal de la carrera<\/strong>: escal\u00f3 varios puestos y, con la suerte de su lado, un safety car lo dej\u00f3 liderando. Sin embargo, <strong>recibi\u00f3 una penalizaci\u00f3n <\/strong> de cinco segundos por exceder la velocidad permitida en boxes <strong> y las ruedas no le aguantaron<\/strong>, por lo que cedi\u00f3 varios lugares. En Miami, Nico tendr\u00e1 una nueva chance de probar su mu\u00f1eca.<\/p>\n<\/div>\n<div class=\"sc-e7b891c4-0 ifHnQL image-embed\" id=\"element-body-6\"><img alt=\"El VAR de Varrone. \" loading=\"lazy\" width=\"720\" height=\"100\" decoding=\"async\" data-nimg=\"1\" src=\"http:\/\/cordobadirecto.com\/wp-content\/uploads\/2026\/05\/quien-es-el-argentino-que-compartira-pista-con-franco-colapinto-en-el-gp-de-miami-1.jpg\"><span class=\"epigraphe\">El VAR de Varrone. <\/span><\/div>\n<p><h2>Los d\u00edas y horarios de la F\u00f3rmula 2 para el Gran Premio de Miami <\/h2>\n<\/p>\n<div id=\"element-body-8\" class=\"sc-136cd478-0 ekTCfV\" readability=\"42\">\n<p>La <strong> <\/strong> acci\u00f3n de la <strong>F\u00f3rmula 2 <\/strong> comenzar\u00e1 <strong>este viernes<\/strong>, con la \u00fanica pr\u00e1ctica libre a las 10.30. Un rato despu\u00e9s, a las 15.30, los pilotos saldr\u00e1n a la pista para la clasificaci\u00f3n. Y al igual que la F1, <strong>contar\u00e1 con una sprint el s\u00e1bado, a las 11<\/strong>. Por \u00faltimo, la actividad cerrar\u00e1 con el plato principal: <strong>la carrera, el domingo a las 13.30<\/strong>. Todas las sesiones se podr\u00e1n ver a trav\u00e9s de <strong>Disney+ Premium.<\/strong><\/p>\n<\/div>\n<p><h3>El cronograma de la F\u00f3rmula 2 en Miami<\/h3>\n<\/p>\n<div id=\"element-body-10\" class=\"sc-136cd478-0 ekTCfV\">\n<p><strong>Viernes 1 de mayo<\/strong><\/p>\n<\/div>\n<div id=\"element-body-11\" class=\"sc-136cd478-0 ekTCfV\">\n<ul>\n<li>Pr\u00e1ctica libre: 10.30 a 11.15 hs<\/li>\n<li>Clasificaci\u00f3n: 15.30 a 16 hs<\/li>\n<\/ul>\n<\/div>\n<div id=\"element-body-12\" class=\"sc-136cd478-0 ekTCfV\">\n<p><strong>S\u00e1bado 2 de mayo<\/strong><\/p>\n<\/div>\n<div id=\"element-body-13\" class=\"sc-136cd478-0 ekTCfV\">\n<ul>\n<li>Sprint: 11 hs<\/li>\n<\/ul>\n<\/div>\n<div id=\"element-body-14\" class=\"sc-136cd478-0 ekTCfV\">\n<p><strong>Domingo 3 de mayo<\/strong><\/p>\n<\/div>\n<div id=\"element-body-15\" class=\"sc-136cd478-0 ekTCfV\">\n<ul>\n<li>Carrera: 13.30 hs<\/li>\n<\/ul>\n<\/div>\n<div id=\"element-body-16\" class=\"sc-a7166897-0 eoLsBE\" readability=\"31\">\n<section readability=\"2\"><picture><img alt=\"Atento Colapinto: preocupaci\u00f3n por alerta de tormentas para el Gran Premio de Miami\" loading=\"lazy\" width=\"290\" height=\"290\" decoding=\"async\" data-nimg=\"1\" src=\"http:\/\/cordobadirecto.com\/wp-content\/uploads\/2026\/05\/quien-es-el-argentino-que-compartira-pista-con-franco-colapinto-en-el-gp-de-miami-2.jpg\"><\/picture>\n<p><span>Mir\u00e1 tambi\u00e9n<\/span><\/p>\n<hr>\n<h3>Atento Colapinto: preocupaci\u00f3n por alerta de tormentas para el Gran Premio de Miami<\/h3>\n<\/p>\n<\/section>\n<\/div>\n<div id=\"element-body-17\" class=\"sc-a7166897-0 eoLsBE\" readability=\"31\">\n<section readability=\"2\"><picture><img alt=\"Colapinto demostr\u00f3 por qu\u00e9 lo suyo no es el golf: &quot;Soy muy malo&quot;\" loading=\"lazy\" width=\"290\" height=\"290\" decoding=\"async\" data-nimg=\"1\" src=\"http:\/\/cordobadirecto.com\/wp-content\/uploads\/2026\/05\/quien-es-el-argentino-que-compartira-pista-con-franco-colapinto-en-el-gp-de-miami-3.jpg\"><\/picture>\n<p><span>Mir\u00e1 tambi\u00e9n<\/span><\/p>\n<hr>\n<h3>Colapinto demostr\u00f3 por qu\u00e9 lo suyo no es el golf: &#8220;Soy muy malo&#8221;<\/h3>\n<\/p>\n<\/section>\n<\/div>\n<\/div>\n","protected":false},"excerpt":{"rendered":"<p>30\/04\/2026 18:22hs. M\u00e1s de un mes despu\u00e9s, la F\u00f3rmula 1 volver\u00e1 a girar. El Gran Premio de Miami tendr\u00e1 el honor de recibir a la M\u00e1xima tras la suspensi\u00f3n de las carreras de Bahrein y Arabia Saudita, pero no estar\u00e1 sola porque la F\u00f3rmula 2, su categor\u00eda telonera, tambi\u00e9n tendr\u00e1 actividad. As\u00ed las cosas, Franco [&hellip;]<\/p>\n","protected":false},"author":1,"featured_media":196737,"comment_status":"closed","ping_status":"closed","sticky":false,"template":"","format":"standard","meta":[],"categories":[21],"tags":[],"_links":{"self":[{"href":"http:\/\/cordobadirecto.com\/index.php\/wp-json\/wp\/v2\/posts\/196736"}],"collection":[{"href":"http:\/\/cordobadirecto.com\/index.php\/wp-json\/wp\/v2\/posts"}],"about":[{"href":"http:\/\/cordobadirecto.com\/index.php\/wp-json\/wp\/v2\/types\/post"}],"author":[{"embeddable":true,"href":"http:\/\/cordobadirecto.com\/index.php\/wp-json\/wp\/v2\/users\/1"}],"replies":[{"embeddable":true,"href":"http:\/\/cordobadirecto.com\/index.php\/wp-json\/wp\/v2\/comments?post=196736"}],"version-history":[{"count":0,"href":"http:\/\/cordobadirecto.com\/index.php\/wp-json\/wp\/v2\/posts\/196736\/revisions"}],"wp:featuredmedia":[{"embeddable":true,"href":"http:\/\/cordobadirecto.com\/index.php\/wp-json\/wp\/v2\/media\/196737"}],"wp:attachment":[{"href":"http:\/\/cordobadirecto.com\/index.php\/wp-json\/wp\/v2\/media?parent=196736"}],"wp:term":[{"taxonomy":"category","embeddable":true,"href":"http:\/\/cordobadirecto.com\/index.php\/wp-json\/wp\/v2\/categories?post=196736"},{"taxonomy":"post_tag","embeddable":true,"href":"http:\/\/cordobadirecto.com\/index.php\/wp-json\/wp\/v2\/tags?post=196736"}],"curies":[{"name":"wp","href":"https:\/\/api.w.org\/{rel}","templated":true}]}}