{"id":196738,"date":"2026-04-30T20:35:52","date_gmt":"2026-04-30T20:35:52","guid":{"rendered":"https:\/\/www.ole.com.ar\/autos\/franco-colapinto-formula-1-video-road-show-buenos-aires_0_78ujzthU3A.html"},"modified":"2026-04-30T20:35:52","modified_gmt":"2026-04-30T20:35:52","slug":"la-formula-1-recordo-el-historico-road-show-de-franco-colapinto-en-buenos-aires","status":"publish","type":"post","link":"http:\/\/cordobadirecto.com\/index.php\/2026\/04\/30\/la-formula-1-recordo-el-historico-road-show-de-franco-colapinto-en-buenos-aires\/","title":{"rendered":"La F\u00f3rmula 1 record\u00f3 el hist\u00f3rico Road Show de Franco Colapinto en Buenos Aires"},"content":{"rendered":"<p><span class=\"createDate\">30\/04\/2026 17:35hs.<\/span><time class=\"modificatedDate\" datetime=\"2026-04-30T17:49:41-03:00\"> Actualizado al 30\/04\/2026 17:49hs.<\/time><\/p>\n<div id=\"storyBody\">\n<div id=\"element-body-0\" class=\"sc-136cd478-0 ekTCfV\" readability=\"29.437106918239\">\n<p>En la antesala del Gran Premio de Miami, <strong>la <a href=\"https:\/\/www.ole.com.ar\/tema\/formula-1.html\" title=\"F\u00f3rmula 1\" alt=\"F\u00f3rmula 1\" class=\"slug\">F\u00f3rmula 1<\/a> le rindi\u00f3 un tributo especial a la pasi\u00f3n argentina<\/strong>: subi\u00f3 <a href=\"https:\/\/www.youtube.com\/watch?v=uXBhCxiKGPg\" target=\"_self\" title=\"un video a su cuenta oficial de Youtube\" alt=\"un video a su cuenta oficial de Youtube\" rel=\"noopener\">un video a su cuenta oficial de Youtube<\/a> en el que se captur\u00f3 la esencia del hist\u00f3rico <strong> Road Show de <a href=\"https:\/\/www.ole.com.ar\/tema\/franco-colapinto.html\" title=\"Franco Colapinto\" alt=\"Franco Colapinto\" class=\"slug\">Franco Colapinto<\/a><\/strong> en las calles de Buenos Aires, un calentamiento perfecto para la cita en Florida&#8230;<\/p>\n<\/div>\n<div id=\"element-body-1\" class=\"sc-136cd478-0 ekTCfV\" readability=\"38.739054290718\">\n<p>Lo que sucedi\u00f3 el pasado domingo 26 de abril en las calles de Palermo fue mucho m\u00e1s que una exhibici\u00f3n. Una multitud de 600.000 personas <strong>-cifra in\u00e9dita para un evento de esta \u00edndole-, <\/strong> provenientes de distintos pa\u00edses de Sudam\u00e9rica, escucharon el rugido del motor V8 del Lotus E20. Pero, la m\u00edstica alcanz\u00f3 su punto m\u00e1ximo <strong>cuando el pilarense se subi\u00f3 a un r\u00e9plica del Mercedes W196, <\/strong> la hist\u00f3rica &#8220;Flecha de Plata&#8221; con la que <a href=\"https:\/\/www.ole.com.ar\/tema\/juan-manuel-fangio.html\" title=\"Juan Manuel Fangio\" alt=\"Juan Manuel Fangio\" class=\"slug\">Juan Manuel Fangio<\/a> conquist\u00f3 su quinto t\u00edtulo mundial, uniendo simb\u00f3licamente <strong>las dos eras memorables del automovilismo argentino<\/strong>.<\/p>\n<\/div>\n<div id=\"element-body-2\" class=\"sc-136cd478-0 ekTCfV\" readability=\"34.146341463415\">\n<p><strong>La gente qued\u00f3 conmovida tras lo sucedido y as\u00ed lo hizo saber<\/strong>: &#8220;Este momento es \u00fanico para los argentinos&#8221;; &#8220;Desde los tres a\u00f1os que sigo a la F\u00f3rmula 1 y estoy muy contento de que est\u00e9 pasando esto en Buenos Aires&#8221;; &#8220;Franco sos un orgullo para el pa\u00eds&#8221;; &#8220;Con mi pap\u00e1 ve\u00edamos a <a href=\"https:\/\/www.ole.com.ar\/tema\/ayrton-senna.html\" title=\"ayrton senna\" alt=\"ayrton senna\" class=\"slug\">Ayrton Senna<\/a> en su momento y hoy Colapinto volvi\u00f3 a traernos esa emoci\u00f3n que hab\u00edamos perdido&#8221;. Estas son algunas de las frases que dejaron las personas que vivieron en carne y hueso la colapintoman\u00eda.<\/p>\n<\/div>\n<div class=\"sc-e7b891c4-0 ifHnQL image-embed\" id=\"element-body-3\"><img alt=\"El fen\u00f3meno Colapinto: r\u00e9cord de convocatoria en su road show.\" loading=\"lazy\" width=\"720\" height=\"100\" decoding=\"async\" data-nimg=\"1\" src=\"http:\/\/cordobadirecto.com\/wp-content\/uploads\/2026\/05\/la-formula-1-recordo-el-historico-road-show-de-franco-colapinto-en-buenos-aires.jpg\"><span class=\"epigraphe\">El fen\u00f3meno Colapinto: r\u00e9cord de convocatoria en su road show.<\/span><\/div>\n<p><h2>Qu\u00e9 dijo Franco Colapinto en el media day previo al Gran Premio de Miami<\/h2>\n<\/p>\n<div id=\"element-body-5\" class=\"sc-136cd478-0 ekTCfV\" readability=\"38.672985781991\">\n<p><strong>Colapinto volvi\u00f3 a hablar sobre su choque en Suzuka con el piloto brit\u00e1nico<\/strong> <a href=\"https:\/\/www.ole.com.ar\/tema\/oliver-bearman.html\" title=\"Oliver Bearman\" alt=\"Oliver Bearman\" class=\"slug\">Oliver Bearman<\/a>, y dijo que &#8220;despu\u00e9s de la carrera le envi\u00e9 un mensaje de inmediato y nunca respondi\u00f3, as\u00ed que \u00e9l no habl\u00f3 conmigo. Yo s\u00ed habl\u00e9 con \u00e9l&#8221;. &#8220;Lo que m\u00e1s me deja tranquilo es que est\u00e1 bien y que no pas\u00f3 nada grave. Por supuesto, es un da\u00f1o importante para su equipo, pero es parte de las carreras&#8221;, recalc\u00f3 el argentino.<\/p>\n<\/div>\n<div id=\"element-body-6\" class=\"sc-136cd478-0 ekTCfV\" readability=\"41\">\n<p>Bearman tambi\u00e9n hab\u00eda hablado sobre lo sucedido hace dos semanas en el podcast Up To Speed: &#8220;Dijimos entre todos los pilotos: necesitamos darnos un poco m\u00e1s de respeto, moverse para defender la posici\u00f3n con un poco m\u00e1s de anticipaci\u00f3n, porque las diferencias de velocidad son mucho mayores de lo que hemos tenido nunca en nuestro deporte. Y luego, dos d\u00edas despu\u00e9s, ocurre eso, <strong>lo que para m\u00ed fue inaceptable<\/strong>\u201d, dijo el brit\u00e1nico.<\/p>\n<\/div>\n<div class=\"sc-e7b891c4-0 ifHnQL image-embed\" id=\"element-body-7\"><img alt=\"Franco Colapinto durante su Road Show en las calles de Buenos Aires. (AP)\" loading=\"lazy\" width=\"720\" height=\"100\" decoding=\"async\" data-nimg=\"1\" src=\"http:\/\/cordobadirecto.com\/wp-content\/uploads\/2026\/05\/la-formula-1-recordo-el-historico-road-show-de-franco-colapinto-en-buenos-aires-1.jpg\"><span class=\"epigraphe\">Franco Colapinto durante su Road Show en las calles de Buenos Aires. (AP)<\/span><\/div>\n<div id=\"element-body-8\" class=\"sc-a7166897-0 eoLsBE\" readability=\"31.5\">\n<section readability=\"3\"><picture><img alt=\"El Gran Premio que lo cambi\u00f3 todo para Colapinto y Alpine: \u00bfqu\u00e9 pas\u00f3 en el GP de Miami 2025?\" loading=\"lazy\" width=\"290\" height=\"290\" decoding=\"async\" data-nimg=\"1\" src=\"http:\/\/cordobadirecto.com\/wp-content\/uploads\/2026\/05\/la-formula-1-recordo-el-historico-road-show-de-franco-colapinto-en-buenos-aires-2.jpg\"><\/picture>\n<p><span>Mir\u00e1 tambi\u00e9n<\/span><\/p>\n<hr>\n<h3>El Gran Premio que lo cambi\u00f3 todo para Colapinto y Alpine: \u00bfqu\u00e9 pas\u00f3 en el GP de Miami 2025?<\/h3>\n<\/p>\n<\/section>\n<\/div>\n<div id=\"element-body-9\" class=\"sc-a7166897-0 eoLsBE\" readability=\"31.5\">\n<section readability=\"3\"><picture><img alt=\"Colapinto revel\u00f3 que intent\u00f3 hablar con Bearman tras el accidente en Suzuka: &quot;Le envi\u00e9 un mensaje y nunca respondi\u00f3&quot;\" loading=\"lazy\" width=\"290\" height=\"290\" decoding=\"async\" data-nimg=\"1\" src=\"http:\/\/cordobadirecto.com\/wp-content\/uploads\/2026\/05\/la-formula-1-recordo-el-historico-road-show-de-franco-colapinto-en-buenos-aires-3.jpg\"><\/picture>\n<p><span>Mir\u00e1 tambi\u00e9n<\/span><\/p>\n<hr>\n<h3>Colapinto revel\u00f3 que intent\u00f3 hablar con Bearman tras el accidente en Suzuka: &#8220;Le envi\u00e9 un mensaje y nunca respondi\u00f3&#8221;<\/h3>\n<\/p>\n<\/section>\n<\/div>\n<\/div>\n","protected":false},"excerpt":{"rendered":"<p>30\/04\/2026 17:35hs. Actualizado al 30\/04\/2026 17:49hs. En la antesala del Gran Premio de Miami, la F\u00f3rmula 1 le rindi\u00f3 un tributo especial a la pasi\u00f3n argentina: subi\u00f3 un video a su cuenta oficial de Youtube en el que se captur\u00f3 la esencia del hist\u00f3rico Road Show de Franco Colapinto en las calles de Buenos Aires, [&hellip;]<\/p>\n","protected":false},"author":1,"featured_media":196739,"comment_status":"closed","ping_status":"closed","sticky":false,"template":"","format":"standard","meta":[],"categories":[21],"tags":[],"_links":{"self":[{"href":"http:\/\/cordobadirecto.com\/index.php\/wp-json\/wp\/v2\/posts\/196738"}],"collection":[{"href":"http:\/\/cordobadirecto.com\/index.php\/wp-json\/wp\/v2\/posts"}],"about":[{"href":"http:\/\/cordobadirecto.com\/index.php\/wp-json\/wp\/v2\/types\/post"}],"author":[{"embeddable":true,"href":"http:\/\/cordobadirecto.com\/index.php\/wp-json\/wp\/v2\/users\/1"}],"replies":[{"embeddable":true,"href":"http:\/\/cordobadirecto.com\/index.php\/wp-json\/wp\/v2\/comments?post=196738"}],"version-history":[{"count":0,"href":"http:\/\/cordobadirecto.com\/index.php\/wp-json\/wp\/v2\/posts\/196738\/revisions"}],"wp:featuredmedia":[{"embeddable":true,"href":"http:\/\/cordobadirecto.com\/index.php\/wp-json\/wp\/v2\/media\/196739"}],"wp:attachment":[{"href":"http:\/\/cordobadirecto.com\/index.php\/wp-json\/wp\/v2\/media?parent=196738"}],"wp:term":[{"taxonomy":"category","embeddable":true,"href":"http:\/\/cordobadirecto.com\/index.php\/wp-json\/wp\/v2\/categories?post=196738"},{"taxonomy":"post_tag","embeddable":true,"href":"http:\/\/cordobadirecto.com\/index.php\/wp-json\/wp\/v2\/tags?post=196738"}],"curies":[{"name":"wp","href":"https:\/\/api.w.org\/{rel}","templated":true}]}}