{"id":197090,"date":"2026-05-03T00:04:36","date_gmt":"2026-05-03T00:04:36","guid":{"rendered":"https:\/\/www.ole.com.ar\/autos\/urgente-adelanta-horario-largada-gp-miami-lluvia-formula-1_0_UWW7A6KHlG.html"},"modified":"2026-05-03T00:04:36","modified_gmt":"2026-05-03T00:04:36","slug":"urgente-la-formula-1-adelanta-el-horario-de-largada-del-gp-de-miami-por-la-lluvia","status":"publish","type":"post","link":"http:\/\/cordobadirecto.com\/index.php\/2026\/05\/03\/urgente-la-formula-1-adelanta-el-horario-de-largada-del-gp-de-miami-por-la-lluvia\/","title":{"rendered":"Urgente: la F\u00f3rmula 1 adelanta el horario de largada del GP de Miami por la lluvia"},"content":{"rendered":"<p><span class=\"createDate\">02\/05\/2026 21:04hs.<\/span><time class=\"modificatedDate\" datetime=\"2026-05-02T22:14:19-03:00\"> Actualizado al 02\/05\/2026 22:14hs.<\/time><\/p>\n<div id=\"storyBody\">\n<div id=\"element-body-0\" class=\"sc-136cd478-0 ekTCfV\" readability=\"32.461538461538\">\n<p>El Gran Premio de <strong><a href=\"https:\/\/www.ole.com.ar\/tema\/formula-1.html\" title=\"F\u00f3rmula 1\" alt=\"F\u00f3rmula 1\" class=\"slug\">F\u00f3rmula 1<\/a><\/strong> de Miami tendr\u00e1 un cambio clave en su cronograma: la largada del domingo fue adelantada debido al pron\u00f3stico de fuertes lluvias que podr\u00edan complicar el desarrollo normal de la competencia.<\/p>\n<\/div>\n<div id=\"element-body-1\" class=\"sc-136cd478-0 ekTCfV\" readability=\"39\">\n<p>La decisi\u00f3n fue tomada de manera conjunta entre la FIA, la F\u00f3rmula 1 y los organizadores del evento, <strong>con el objetivo de evitar las tormentas m\u00e1s intensas previstas para la tarde y asegurar mejores condiciones de carrera<\/strong>. De esta manera, la acci\u00f3n comenzar\u00e1 a las 13:00 hora local (14:00 de la Argentina), en un contexto que promete ser cambiante.<\/p>\n<\/div>\n<div class=\"sc-e7b891c4-0 ifHnQL image-embed\" id=\"element-body-2\"><img alt=\"Este s\u00e1bado hizo calor y el cielo se mantuvo limpio al paso de Verstappen (AP).\" loading=\"lazy\" width=\"720\" height=\"100\" decoding=\"async\" data-nimg=\"1\" src=\"http:\/\/cordobadirecto.com\/wp-content\/uploads\/2026\/05\/urgente-la-formula-1-adelanta-el-horario-de-largada-del-gp-de-miami-por-la-lluvia.jpg\"><span class=\"epigraphe\">Este s\u00e1bado hizo calor y el cielo se mantuvo limpio al paso de Verstappen (AP).<\/span><\/div>\n<div id=\"element-body-3\" class=\"sc-136cd478-0 ekTCfV\" readability=\"39\">\n<p>Naturalmente, tambi\u00e9n var\u00eda el horario de arranque de la carrera de la F\u00f3rmula 2, en la cual participa el bonaerense Nicol\u00e1s Varrone. La prueba arrancar\u00e1 a las 10.25. En cambio, la categor\u00eda local, Porsche Carrera Cup, fue cancelada.<\/p>\n<\/div>\n<div id=\"element-body-4\" class=\"sc-136cd478-0 ekTCfV\" readability=\"41\">\n<p>Adem\u00e1s, la mayor\u00eda de las actividades previstas para promoci\u00f3n y similars, tampoco se realizar\u00e1n, ya que la agenda se apret\u00f3 para que entre lo m\u00e1s importante y la jornada finalice, incluso, una hora antes de cuando ser\u00eda la largada original, a las 16, con la finalizaci\u00f3n de la carrera.<\/p>\n<\/div>\n<div class=\"sc-e7b891c4-0 ifHnQL image-embed\" id=\"element-body-5\"><img alt=\"Lewis Hamilton pidi\u00f3 lluvia... (EFE).\" loading=\"lazy\" width=\"720\" height=\"100\" decoding=\"async\" data-nimg=\"1\" src=\"http:\/\/cordobadirecto.com\/wp-content\/uploads\/2026\/05\/urgente-la-formula-1-adelanta-el-horario-de-largada-del-gp-de-miami-por-la-lluvia-1.jpg\"><span class=\"epigraphe\">Lewis Hamilton pidi\u00f3 lluvia&#8230; (EFE).<\/span><\/div>\n<div id=\"element-body-6\" class=\"sc-136cd478-0 ekTCfV\" readability=\"32\">\n<p>La decisi\u00f3n fue tomada a las 21 horas de la Argentina. <\/p>\n<\/div>\n<p><h2>El comunicado oficial de la FIA y FOM<\/h2>\n<\/p>\n<div id=\"element-body-8\" class=\"sc-136cd478-0 ekTCfV\" readability=\"39\">\n<p><em>Tras las discusiones entre la FIA, la FOM y el promotor del Gran Premio de Miami, se tom\u00f3 la decisi\u00f3n de adelantar el inicio de la carrera del domingo a las 13:00 hora local en Miami debido al pron\u00f3stico meteorol\u00f3gico, que prev\u00e9 tormentas intensas en la tarde, cerca del horario originalmente programado para la largada.<\/em><\/p>\n<\/div>\n<div id=\"element-body-9\" class=\"sc-136cd478-0 ekTCfV\" readability=\"37\">\n<p><em>Esta decisi\u00f3n se tom\u00f3 para garantizar la menor interrupci\u00f3n posible de la carrera y asegurar la mayor ventana posible para completar el Gran Premio en las mejores condiciones, priorizando la seguridad de los pilotos, aficionados, equipos y personal.<\/em><\/p>\n<\/div>\n<div class=\"sc-e7b891c4-0 ifHnQL image-embed\" id=\"element-body-10\"><img alt=\"La nueva agenda del domingo de la F1, con horario local (una hora menos que Argentina).\" loading=\"lazy\" width=\"720\" height=\"100\" decoding=\"async\" data-nimg=\"1\" src=\"http:\/\/cordobadirecto.com\/wp-content\/uploads\/2026\/05\/urgente-la-formula-1-adelanta-el-horario-de-largada-del-gp-de-miami-por-la-lluvia-2.jpg\"><span class=\"epigraphe\">La nueva agenda del domingo de la F1, con horario local (una hora menos que Argentina).<\/span><\/div>\n<div id=\"element-body-11\" class=\"sc-136cd478-0 ekTCfV\" readability=\"36\">\n<p>As\u00ed, el clima vuelve a meterse de lleno en la F\u00f3rmula 1 y puede ser un factor determinante en una carrera que ya se perfilaba impredecible. Con posibles lluvias en el horizonte, las estrategias y las oportunidades podr\u00edan cambiar por completo en cuesti\u00f3n de minutos.<\/p>\n<\/div>\n<p><h2>As\u00ed largan este domingo<\/h2>\n<\/p>\n<div id=\"element-body-13\" class=\"sc-136cd478-0 ekTCfV\">\n<ol>\n<li>Kimi Antonelli (Mercedes) 1:27.798<\/li>\n<li>Max Verstappen (Red Bull) 1:27.964<\/li>\n<li>Charles Leclerc (Ferrari) 1:28.143<\/li>\n<li>Lando Norris (McLaren) 1:28.183<\/li>\n<li>George Russell (Mercedes) 1:28.197<\/li>\n<li>Lewis Hamilton (Ferrari) 1:28.319<\/li>\n<li>Oscar Piastri (McLaren) 1:28.500<\/li>\n<li>Franco Colapinto (Alpine) 1:28.762<\/li>\n<li>Isack Hadjar (Red Bull) 1:28.789<\/li>\n<li>Pierre Gasly (Alpine) 1:28.810<\/li>\n<li>Nico H\u00fclkenberg (Audi) 1:29.439<\/li>\n<li>Liam Lawson (Racing Bulls) 1:29.499<\/li>\n<li>Oliver Bearman (Haas) 1:29.567<\/li>\n<li>Carlos Sainz (Williams) 1:29.568<\/li>\n<li>Esteban Ocon (Haas) 1:29.772<\/li>\n<li>Alexander Albon (Williams) 1:29.946<\/li>\n<li>Arvid Lindblad (Racing Bulls) 1:30.133<\/li>\n<li>Fernando Alonso (Aston Martin) 1:31.098<\/li>\n<li>Lance Stroll (Aston Martin) 1:31.164<\/li>\n<li>Valtteri Bottas (Cadillac) 1:31.629<\/li>\n<li>Sergio P\u00e9rez (Cadillac) 1:31.967<\/li>\n<li>Gabriel Bortoleto (Audi) 1:33.137<\/li>\n<\/ol>\n<\/div>\n<div id=\"element-body-14\" class=\"sc-a7166897-0 eoLsBE\" readability=\"31.5\">\n<section readability=\"3\"><picture><img alt=\"\u00bfQu\u00e9 pasa con la amenaza de tormenta del domingo para el GP de Miami de la F\u00f3rmula 1? \" loading=\"lazy\" width=\"290\" height=\"290\" decoding=\"async\" data-nimg=\"1\" src=\"http:\/\/cordobadirecto.com\/wp-content\/uploads\/2026\/05\/urgente-la-formula-1-adelanta-el-horario-de-largada-del-gp-de-miami-por-la-lluvia-3.jpg\"><\/picture>\n<p><span>Mir\u00e1 tambi\u00e9n<\/span><\/p>\n<hr>\n<h3>\u00bfQu\u00e9 pasa con la amenaza de tormenta del domingo para el GP de Miami de la F\u00f3rmula 1? <\/h3>\n<\/p>\n<\/section>\n<\/div>\n<div id=\"element-body-15\" class=\"sc-a7166897-0 eoLsBE\" readability=\"31.5\">\n<section readability=\"3\"><picture><img alt=\"La felicidad de Alpine tras la qualy: &quot;Confirmamos que en Miami somos el quinto equipo&quot;\" loading=\"lazy\" width=\"290\" height=\"290\" decoding=\"async\" data-nimg=\"1\" src=\"http:\/\/cordobadirecto.com\/wp-content\/uploads\/2026\/05\/urgente-la-formula-1-adelanta-el-horario-de-largada-del-gp-de-miami-por-la-lluvia-4.jpg\"><\/picture>\n<p><span>Mir\u00e1 tambi\u00e9n<\/span><\/p>\n<hr>\n<h3>La felicidad de Alpine tras la qualy: &#8220;Confirmamos que en Miami somos el quinto equipo&#8221;<\/h3>\n<\/p>\n<\/section>\n<\/div>\n<div id=\"element-body-16\" class=\"sc-a7166897-0 eoLsBE\" readability=\"31.5\">\n<section readability=\"3\"><picture><img alt=\"Colapinto celebr\u00f3 que el Alpine empez\u00f3 a funcionar: &quot;Por fin me acompa\u00f1\u00f3, ja&quot;\" loading=\"lazy\" width=\"290\" height=\"290\" decoding=\"async\" data-nimg=\"1\" src=\"http:\/\/cordobadirecto.com\/wp-content\/uploads\/2026\/05\/urgente-la-formula-1-adelanta-el-horario-de-largada-del-gp-de-miami-por-la-lluvia-5.jpg\"><\/picture>\n<p><span>Mir\u00e1 tambi\u00e9n<\/span><\/p>\n<hr>\n<h3>Colapinto celebr\u00f3 que el Alpine empez\u00f3 a funcionar: &#8220;Por fin me acompa\u00f1\u00f3, ja&#8221;<\/h3>\n<\/p>\n<\/section>\n<\/div>\n<\/div>\n","protected":false},"excerpt":{"rendered":"<p>02\/05\/2026 21:04hs. Actualizado al 02\/05\/2026 22:14hs. El Gran Premio de F\u00f3rmula 1 de Miami tendr\u00e1 un cambio clave en su cronograma: la largada del domingo fue adelantada debido al pron\u00f3stico de fuertes lluvias que podr\u00edan complicar el desarrollo normal de la competencia. La decisi\u00f3n fue tomada de manera conjunta entre la FIA, la F\u00f3rmula 1 [&hellip;]<\/p>\n","protected":false},"author":1,"featured_media":197091,"comment_status":"closed","ping_status":"closed","sticky":false,"template":"","format":"standard","meta":[],"categories":[21],"tags":[],"_links":{"self":[{"href":"http:\/\/cordobadirecto.com\/index.php\/wp-json\/wp\/v2\/posts\/197090"}],"collection":[{"href":"http:\/\/cordobadirecto.com\/index.php\/wp-json\/wp\/v2\/posts"}],"about":[{"href":"http:\/\/cordobadirecto.com\/index.php\/wp-json\/wp\/v2\/types\/post"}],"author":[{"embeddable":true,"href":"http:\/\/cordobadirecto.com\/index.php\/wp-json\/wp\/v2\/users\/1"}],"replies":[{"embeddable":true,"href":"http:\/\/cordobadirecto.com\/index.php\/wp-json\/wp\/v2\/comments?post=197090"}],"version-history":[{"count":0,"href":"http:\/\/cordobadirecto.com\/index.php\/wp-json\/wp\/v2\/posts\/197090\/revisions"}],"wp:featuredmedia":[{"embeddable":true,"href":"http:\/\/cordobadirecto.com\/index.php\/wp-json\/wp\/v2\/media\/197091"}],"wp:attachment":[{"href":"http:\/\/cordobadirecto.com\/index.php\/wp-json\/wp\/v2\/media?parent=197090"}],"wp:term":[{"taxonomy":"category","embeddable":true,"href":"http:\/\/cordobadirecto.com\/index.php\/wp-json\/wp\/v2\/categories?post=197090"},{"taxonomy":"post_tag","embeddable":true,"href":"http:\/\/cordobadirecto.com\/index.php\/wp-json\/wp\/v2\/tags?post=197090"}],"curies":[{"name":"wp","href":"https:\/\/api.w.org\/{rel}","templated":true}]}}