{"id":197092,"date":"2026-05-02T23:27:21","date_gmt":"2026-05-02T23:27:21","guid":{"rendered":"https:\/\/www.ole.com.ar\/autos\/lluvia-gp-miami-formula-1-colapinto-amenaza-lluvia-tormentas_0_P92J2keciM.html"},"modified":"2026-05-02T23:27:21","modified_gmt":"2026-05-02T23:27:21","slug":"que-pasa-con-la-amenaza-de-tormenta-del-domingo-para-el-gp-de-miami-de-la-formula-1","status":"publish","type":"post","link":"http:\/\/cordobadirecto.com\/index.php\/2026\/05\/02\/que-pasa-con-la-amenaza-de-tormenta-del-domingo-para-el-gp-de-miami-de-la-formula-1\/","title":{"rendered":"\u00bfQu\u00e9 pasa con la amenaza de tormenta del domingo para el GP de Miami de la F\u00f3rmula 1?"},"content":{"rendered":"<p><time class=\"createDate\" datetime=\"2026-05-02T20:27:21-03:00\">02\/05\/2026 20:27hs.<\/time><\/p>\n<div id=\"storyBody\">\n<div id=\"element-body-0\" class=\"sc-136cd478-0 ekTCfV\" readability=\"32.106976744186\">\n<p>Pas\u00f3 el Sprint. Pas\u00f3 una nueva Qualy, d <a href=\"https:\/\/www.ole.com.ar\/autos\/f1-gran-premio-miami-2026-carrera-sprint-franco-colapinto-alpine-clasificacion-dia2_0_bRE5pwfXj8.html\" target=\"_self\" title=\"onde Franco Colapinto volvi\u00f3 a tener una gran actuaci\u00f3n a bordo del Alpine\" alt=\"onde Franco Colapinto volvi\u00f3 a tener una gran actuaci\u00f3n a bordo del Alpine\" rel=\"noopener\">onde Franco Colapinto volvi\u00f3 a tener una gran actuaci\u00f3n a bordo del Alpine<\/a>. Lleg\u00f3 nuevamente hasta la Q3 y culmin\u00f3 en el octavo lugar. As\u00ed, partir\u00e1 desde la cuarta fila en la carrera de este domingo <strong> en el GP de Miami, que se disputar\u00e1 a partir de las 17 (hora argentina).<\/strong> En medio de los preparativos correspondientes, hay un factor que no pasa inadvertido: <strong>la amenaza de tormenta. <\/strong><\/p>\n<\/div>\n<div id=\"element-body-1\" class=\"sc-136cd478-0 ekTCfV\" readability=\"40\">\n<p>Se sabe, en Estados Unidos hay establecido un protocolo fuerte (de postergaci\u00f3n o suspensi\u00f3n) ante condiciones clim\u00e1ticas muy adversas, especialmente <strong>cuando hay actividad el\u00e9ctrica que pone en peligro a la poblaci\u00f3n (se vio en el Mundial de Clubes 2025). <\/strong> En este caso, a los protagonistas y a los espectadores que se ubicar\u00e1n en el circuito del Hard Rock de Miami. Y justo para la tarde, cuando se dispute la carrera, <strong>hay una probabilidad (de al menos 80%) de fuertes lluvias. \u00bfEntonces?<\/strong> <strong>\u00bfSe atrasa o adelanta el horario de la competencia? <\/strong><\/p>\n<\/div>\n<div class=\"sc-e7b891c4-0 ifHnQL image-embed\" id=\"element-body-2\"><img alt=\"Colapinto en la Qualy (EFE). \" loading=\"lazy\" width=\"720\" height=\"100\" decoding=\"async\" data-nimg=\"1\" src=\"http:\/\/cordobadirecto.com\/wp-content\/uploads\/2026\/05\/que-pasa-con-la-amenaza-de-tormenta-del-domingo-para-el-gp-de-miami-de-la-formula-1.jpg\"><span class=\"epigraphe\">Colapinto en la Qualy (EFE). <\/span><\/div>\n<div id=\"element-body-3\" class=\"sc-136cd478-0 ekTCfV\" readability=\"43\">\n<p>En principio, seg\u00fan pudo averiguar <strong>Ol\u00e9 antes del comunicado oficial de FIA de este s\u00e1bado<\/strong>, <strong>el horario de la carrera no se modificar\u00e1.<\/strong> Las precipitaciones, en base a los elementos de precisi\u00f3n que maneja la categor\u00eda -m\u00e1s reportes externos-, no obligar\u00edan a reprogramar el horario de disputa. Entonces, se podr\u00e1 correr, con agua en pista, claro est\u00e1. Al menos, por ahora.<\/p>\n<\/div>\n<div id=\"element-body-4\" class=\"sc-136cd478-0 ekTCfV\" readability=\"39\">\n<p>De todas formas, obviamente al tratarse del clima (y m\u00e1s en un lugar tan cambiante), todos (pilotos, equipos, p\u00fablico y organizaci\u00f3n) estar\u00e1n atentos ante cualquier novedad en el antes o el durante. Desde luego, es un factor que ser\u00e1 protagonista en el GP en Florida. <\/p>\n<\/div>\n<p><h2><strong>As\u00ed largan este domingo<\/strong><\/h2>\n<\/p>\n<div id=\"element-body-6\" class=\"sc-136cd478-0 ekTCfV\">\n<ol>\n<li>Kimi Antonelli (Mercedes) 1:27.798<\/li>\n<li>Max Verstappen (Red Bull) 1:27.964<\/li>\n<li>Charles Leclerc (Ferrari) 1:28.143<\/li>\n<li>Lando Norris (McLaren) 1:28.183<\/li>\n<li>George Russell (Mercedes) 1:28.197<\/li>\n<li>Lewis Hamilton (Ferrari) 1:28.319<\/li>\n<li>Oscar Piastri (McLaren) 1:28.500<\/li>\n<li><strong>Franco Colapinto (Alpine) 1:28.762<\/strong><\/li>\n<li>Isack Hadjar (Red Bull) 1:28.789<\/li>\n<li>Pierre Gasly (Alpine) 1:28.810<\/li>\n<li>Nico H\u00fclkenberg (Audi) 1:29.439<\/li>\n<li>Liam Lawson (Racing Bulls) 1:29.499<\/li>\n<li>Oliver Bearman (Haas) 1:29.567<\/li>\n<li>Carlos Sainz (Williams) 1:29.568<\/li>\n<li>Esteban Ocon (Haas) 1:29.772<\/li>\n<li>Alexander Albon (Williams) 1:29.946<\/li>\n<li>Arvid Lindblad (Racing Bulls) 1:30.133<\/li>\n<li>Fernando Alonso (Aston Martin) 1:31.098<\/li>\n<li>Lance Stroll (Aston Martin) 1:31.164<\/li>\n<li>Valtteri Bottas (Cadillac) 1:31.629<\/li>\n<li>Sergio P\u00e9rez (Cadillac) 1:31.967<\/li>\n<li>Gabriel Bortoleto (Audi) 1:33.137<\/li>\n<\/ol>\n<\/div>\n<div id=\"element-body-7\" class=\"sc-a7166897-0 eoLsBE\" readability=\"31.5\">\n<section readability=\"3\"><picture><img alt=\"Colapinto celebr\u00f3 que el Alpine empez\u00f3 a funcionar: &quot;Por fin me acompa\u00f1\u00f3, ja&quot;\" loading=\"lazy\" width=\"290\" height=\"290\" decoding=\"async\" data-nimg=\"1\" src=\"http:\/\/cordobadirecto.com\/wp-content\/uploads\/2026\/05\/que-pasa-con-la-amenaza-de-tormenta-del-domingo-para-el-gp-de-miami-de-la-formula-1-1.jpg\"><\/picture>\n<p><span>Mir\u00e1 tambi\u00e9n<\/span><\/p>\n<hr>\n<h3>Colapinto celebr\u00f3 que el Alpine empez\u00f3 a funcionar: &#8220;Por fin me acompa\u00f1\u00f3, ja&#8221;<\/h3>\n<\/p>\n<\/section>\n<\/div>\n<div id=\"element-body-8\" class=\"sc-a7166897-0 eoLsBE\" readability=\"31\">\n<section readability=\"2\"><picture><img alt=\"Cu\u00e1ntas veces Franco Colapinto avanz\u00f3 a la Q3 en la F\u00f3rmula 1\" loading=\"lazy\" width=\"290\" height=\"290\" decoding=\"async\" data-nimg=\"1\" src=\"http:\/\/cordobadirecto.com\/wp-content\/uploads\/2026\/05\/que-pasa-con-la-amenaza-de-tormenta-del-domingo-para-el-gp-de-miami-de-la-formula-1-2.jpg\"><\/picture>\n<p><span>Mir\u00e1 tambi\u00e9n<\/span><\/p>\n<hr>\n<h3>Cu\u00e1ntas veces Franco Colapinto avanz\u00f3 a la Q3 en la F\u00f3rmula 1<\/h3>\n<\/p>\n<\/section>\n<\/div>\n<div id=\"element-body-9\" class=\"sc-a7166897-0 eoLsBE\" readability=\"31.5\">\n<section readability=\"3\"><picture><img alt=\"Franco Colapinto va por la revancha en Miami: largar\u00e1 8\u00b0 en una clasificaci\u00f3n abierta y con amenaza de lluvia\" loading=\"lazy\" width=\"290\" height=\"290\" decoding=\"async\" data-nimg=\"1\" src=\"http:\/\/cordobadirecto.com\/wp-content\/uploads\/2026\/05\/que-pasa-con-la-amenaza-de-tormenta-del-domingo-para-el-gp-de-miami-de-la-formula-1-3.jpg\"><\/picture>\n<p><span>Mir\u00e1 tambi\u00e9n<\/span><\/p>\n<hr>\n<h3>Franco Colapinto va por la revancha en Miami: largar\u00e1 8\u00b0 en una clasificaci\u00f3n abierta y con amenaza de lluvia<\/h3>\n<\/p>\n<\/section>\n<\/div>\n<\/div>\n","protected":false},"excerpt":{"rendered":"<p>02\/05\/2026 20:27hs. Pas\u00f3 el Sprint. Pas\u00f3 una nueva Qualy, d onde Franco Colapinto volvi\u00f3 a tener una gran actuaci\u00f3n a bordo del Alpine. Lleg\u00f3 nuevamente hasta la Q3 y culmin\u00f3 en el octavo lugar. As\u00ed, partir\u00e1 desde la cuarta fila en la carrera de este domingo en el GP de Miami, que se disputar\u00e1 a [&hellip;]<\/p>\n","protected":false},"author":1,"featured_media":197093,"comment_status":"closed","ping_status":"closed","sticky":false,"template":"","format":"standard","meta":[],"categories":[21],"tags":[],"_links":{"self":[{"href":"http:\/\/cordobadirecto.com\/index.php\/wp-json\/wp\/v2\/posts\/197092"}],"collection":[{"href":"http:\/\/cordobadirecto.com\/index.php\/wp-json\/wp\/v2\/posts"}],"about":[{"href":"http:\/\/cordobadirecto.com\/index.php\/wp-json\/wp\/v2\/types\/post"}],"author":[{"embeddable":true,"href":"http:\/\/cordobadirecto.com\/index.php\/wp-json\/wp\/v2\/users\/1"}],"replies":[{"embeddable":true,"href":"http:\/\/cordobadirecto.com\/index.php\/wp-json\/wp\/v2\/comments?post=197092"}],"version-history":[{"count":0,"href":"http:\/\/cordobadirecto.com\/index.php\/wp-json\/wp\/v2\/posts\/197092\/revisions"}],"wp:featuredmedia":[{"embeddable":true,"href":"http:\/\/cordobadirecto.com\/index.php\/wp-json\/wp\/v2\/media\/197093"}],"wp:attachment":[{"href":"http:\/\/cordobadirecto.com\/index.php\/wp-json\/wp\/v2\/media?parent=197092"}],"wp:term":[{"taxonomy":"category","embeddable":true,"href":"http:\/\/cordobadirecto.com\/index.php\/wp-json\/wp\/v2\/categories?post=197092"},{"taxonomy":"post_tag","embeddable":true,"href":"http:\/\/cordobadirecto.com\/index.php\/wp-json\/wp\/v2\/tags?post=197092"}],"curies":[{"name":"wp","href":"https:\/\/api.w.org\/{rel}","templated":true}]}}