{"id":197108,"date":"2026-05-03T12:43:28","date_gmt":"2026-05-03T12:43:28","guid":{"rendered":"http:\/\/cordobadirecto.com\/index.php\/2026\/05\/03\/el-gobierno-nacional-encara-un-mes-clave-con-69-billones-en-deuda-y-foco-en-2028-2029\/"},"modified":"2026-05-03T12:43:28","modified_gmt":"2026-05-03T12:43:28","slug":"el-gobierno-nacional-encara-un-mes-clave-con-69-billones-en-deuda-y-foco-en-2028-2029","status":"publish","type":"post","link":"http:\/\/cordobadirecto.com\/index.php\/2026\/05\/03\/el-gobierno-nacional-encara-un-mes-clave-con-69-billones-en-deuda-y-foco-en-2028-2029\/","title":{"rendered":"El Gobierno Nacional encara un mes clave con $6,9 billones en deuda y foco en 2028-2029"},"content":{"rendered":"<p><b>Cordoba<\/b>, Godoy Cruz, Guaymall\u00e9n, Las Heras, Luj\u00e1n de Cuyo, Maip\u00fa, San &#8230; Una <b>nueva<\/b>&nbsp;&#8230; <\/p>\n","protected":false},"excerpt":{"rendered":"<p>Cordoba, Godoy Cruz, Guaymall\u00e9n, Las Heras, Luj\u00e1n de Cuyo, Maip\u00fa, San &#8230; Una nueva&nbsp;&#8230;<\/p>\n","protected":false},"author":1,"featured_media":0,"comment_status":"closed","ping_status":"closed","sticky":false,"template":"","format":"standard","meta":[],"categories":[40],"tags":[],"_links":{"self":[{"href":"http:\/\/cordobadirecto.com\/index.php\/wp-json\/wp\/v2\/posts\/197108"}],"collection":[{"href":"http:\/\/cordobadirecto.com\/index.php\/wp-json\/wp\/v2\/posts"}],"about":[{"href":"http:\/\/cordobadirecto.com\/index.php\/wp-json\/wp\/v2\/types\/post"}],"author":[{"embeddable":true,"href":"http:\/\/cordobadirecto.com\/index.php\/wp-json\/wp\/v2\/users\/1"}],"replies":[{"embeddable":true,"href":"http:\/\/cordobadirecto.com\/index.php\/wp-json\/wp\/v2\/comments?post=197108"}],"version-history":[{"count":0,"href":"http:\/\/cordobadirecto.com\/index.php\/wp-json\/wp\/v2\/posts\/197108\/revisions"}],"wp:attachment":[{"href":"http:\/\/cordobadirecto.com\/index.php\/wp-json\/wp\/v2\/media?parent=197108"}],"wp:term":[{"taxonomy":"category","embeddable":true,"href":"http:\/\/cordobadirecto.com\/index.php\/wp-json\/wp\/v2\/categories?post=197108"},{"taxonomy":"post_tag","embeddable":true,"href":"http:\/\/cordobadirecto.com\/index.php\/wp-json\/wp\/v2\/tags?post=197108"}],"curies":[{"name":"wp","href":"https:\/\/api.w.org\/{rel}","templated":true}]}}