{"id":19983,"date":"2021-09-24T14:31:00","date_gmt":"2021-09-24T14:31:00","guid":{"rendered":"http:\/\/cordobadirecto.com\/index.php\/2021\/09\/24\/laschet-el-candidato-conservador-que-no-logra-heredar-la-popularidad-de-merkel\/"},"modified":"2021-09-24T14:31:00","modified_gmt":"2021-09-24T14:31:00","slug":"laschet-el-candidato-conservador-que-no-logra-heredar-la-popularidad-de-merkel","status":"publish","type":"post","link":"http:\/\/cordobadirecto.com\/index.php\/2021\/09\/24\/laschet-el-candidato-conservador-que-no-logra-heredar-la-popularidad-de-merkel\/","title":{"rendered":"Laschet: el candidato conservador que no logra heredar la popularidad de Merkel"},"content":{"rendered":"<div class=\"image\" id=\"image\" readability=\"7\"> <img src=\"http:\/\/cordobadirecto.com\/wp-content\/uploads\/2021\/09\/laschet-el-candidato-conservador-que-no-logra-heredar-la-popularidad-de-merkel.jpg\" alt=\"Laschet es considerado un hombre de consensos. Foto: AFP.\" title=\"Laschet es considerado un hombre de consensos. Foto: AFP.\"><\/p>\n<p>Laschet es considerado un hombre de consensos. Foto: AFP.<\/p>\n<\/div>\n<p>Armin Laschet, el hombre del consenso de la conservadora Uni\u00f3n Dem\u00f3crata Cristiana (CDU), quiere coronarse como el sucesor de Angela Merkel en las elecciones federales de Alemania del pr\u00f3ximo domingo, pero, aunque lo intenta, sigue sin encontrar la forma de heredar la popularidad que supo cultivar la canciller.<\/p>\n<p>Franc\u00f3fono y europe\u00edsta, <strong>Laschet es considerado un hombre de consensos y en l\u00ednea con el legado pol\u00edtico de Merkel. &#8220;Una ruptura con Angela Merkel ser\u00eda exactamente una mala se\u00f1al&#8221;<\/strong>, reiter\u00f3 en varias ocasiones. en un intento por captar algo de la popularidad de la canciller.<\/p>\n<p>Gran defensor de las pol\u00edticas de inmigraci\u00f3n e integraci\u00f3n, fue uno de los pocos que apoy\u00f3 a la canciller en su decisi\u00f3n de recibir a cientos de miles de migrantes de Siria y Afganist\u00e1n en 2015, convicci\u00f3n que se remonta, al menos, a 2009, cuando declar\u00f3 que la diversidad \u00e9tnica no era &#8220;una amenaza, sino un reto y una oportunidad&#8221;, record\u00f3 la agencia de noticias AFP.<\/p>\n<p><strong>El candidato de la CDU, gobernador desde 2017 de Renania del Norte-Westfalia, el estado m\u00e1s poblado del pa\u00eds, naci\u00f3 en 1961 en Aquisgr\u00e1n, una ciudad ubicada en la frontera con B\u00e9lgica y Pa\u00edses Bajos<\/strong>, donde fue criado en el seno de una familia cat\u00f3lica practicante. Su padre trabajaba como minero.<\/p>\n<p>Si bien su programa electoral a d\u00edas de los comicios no est\u00e1 completamente definido, prefiere no hacer experimentos durante la campa\u00f1a, algo que parece haber aprendido de Merkel.<\/p>\n<p>Esta forma m\u00e1s cautelosa, que no da espacio a la espontaneidad, supone un esfuerzo para generar una mayor aceptaci\u00f3n de su figura y conquistar a la opini\u00f3n p\u00fablica, luego de los tropiezos que en los \u00faltimos meses le valieron varias cr\u00edticas a su derrotero.<\/p>\n<p><strong>Laschet carece de enemigos declarados, pero se lo tild\u00f3 de &#8220;indeciso&#8221; que act\u00faa a veces &#8220;sin reflexionar&#8221; cuando al principio de la pandemia rechaz\u00f3 las medidas estrictas<\/strong> y luego impuso el primer confinamiento local del pa\u00eds tras un brote en un matadero. Tambi\u00e9n debi\u00f3 disculparse por afirmar que los trabajadores del este de Europa de esa empresa hab\u00edan tra\u00eddo el virus.<\/p>\n<p>Tambi\u00e9n se lo acus\u00f3 de &#8220;nepotismo&#8221; cuando compr\u00f3 barbijos a una empresa vinculada con su hijo, y se le cr\u00edtico su gesti\u00f3n de las inundaciones de julio que dejaron 90 muertes y su torpeza al re\u00edrse en una ceremonia de homenaje a las v\u00edctimas.<\/p>\n<p>Sin embargo, <strong>una de sus principales virtudes es su capacidad de reconciliar posiciones encontradas, un don central en un partido, parlamento y continente marcados por las tensiones internas.<\/strong><\/p>\n<p>&#8220;Algunos dicen que hay que poder polarizar. Y yo digo que no. Polarizar es f\u00e1cil, lo puede hacer cualquiera. La receta es conocida: tomar el veneno y esparcirlo digitalmente por todos lados. Tenemos que poder integrar, mantener cohesionada a la sociedad y unir en ella a personas muy diferentes. Eso es un trabajo duro&#8221;, sostuvo en enero pasado, durante el congreso en el que fue elegido presidente del su partido.<\/p>\n<p>Estudi\u00f3 Derecho y Ciencias Pol\u00edticas en las universidades de M\u00fanich y Bonn, pero <strong>a mediados de los 80 opt\u00f3 por dedicarse al periodismo. En aquellos a\u00f1os tambi\u00e9n se cas\u00f3 con Susanne Malangr\u00e9<\/strong>, a quien conoci\u00f3 durante su infancia en un coro de ni\u00f1os cat\u00f3licos y con quien actualmente tiene tres hijos.<\/p>\n<p>Laschet proyecta la imagen de persona apegada a la familia y a los placeres sencillos, se declara seguidor de la popular serie policiaca &#8220;Tatort&#8221;, un cl\u00e1sico de la televisi\u00f3n alemana, y se disfraza en los t\u00edpicos carnavales renanos, seg\u00fan describi\u00f3 recientemente el diario La Vanguardia.<\/p>\n<p><strong>En la primera mitad de los 90 fue editor del peri\u00f3dico cat\u00f3lico KirchenZeitung Aachen y entre 1995 y 1999, mientras se desempe\u00f1aba como miembro del Parlamento<\/strong>, fue director general de la editorial cat\u00f3lica Einhard-Verlag.<\/p>\n<p>El candidato a suceder a Merkel, de 60 a\u00f1os, conoce cada recoveco de la estructura de la CDU y construy\u00f3 su carrera pol\u00edtica sin saltarse ni una sola instancia.<\/p>\n<p>&#8220;He visto a Armin Laschet durante todos estos a\u00f1os como una persona y un pol\u00edtico para el que la &#8216;C&#8217; (de cristiano) del nombre de nuestro partido no es una letra cualquiera, sino la br\u00fajula en todo lo que ha hecho&#8221;, confi\u00f3 Merkel sobre quien podr\u00eda terminar siendo su delf\u00edn durante el primer acto de campa\u00f1a.<\/p>\n<p><strong>En los \u00faltimos 27 a\u00f1os, fue legislador en Alemania y en el Parlamento Europeo, encabez\u00f3 diferentes ministerios de Gobiernos locales<\/strong> hasta que en 2017 su imagen despunt\u00f3 y se convirti\u00f3 en gobernador de Renania del Norte-Westfalia.<\/p>\n<p>Su victoria signific\u00f3 un cambio de signo pol\u00edtico en esta regi\u00f3n que hab\u00eda sido gobernada por los socialdem\u00f3cratas y fue una plataforma exitosa para conseguir el apoyo de sus correligionarios a principio de a\u00f1o y convertirse en el presidente de la CDU.<\/p>\n<p>Le gan\u00f3 en segunda vuelta a Friedrich Merz, un dirigente que promet\u00eda un giro a la derecha.<\/p>\n<p><strong>&#8220;Tal vez no sea el hombre de la escenificaci\u00f3n perfecta, pero soy Armin Laschet y en ello pueden confiar&#8221;<\/strong>, fue una de las \u00faltimas frases que pronunci\u00f3 para conseguir el apoyo de su partido y convertirse en el candidato de la continuidad de la era Merkel.<\/p>\n","protected":false},"excerpt":{"rendered":"<p>Laschet es considerado un hombre de consensos. Foto: AFP. Armin Laschet, el hombre del consenso de la conservadora Uni\u00f3n Dem\u00f3crata Cristiana (CDU), quiere coronarse como el sucesor de Angela Merkel en las elecciones federales de Alemania del pr\u00f3ximo domingo, pero, aunque lo intenta, sigue sin encontrar la forma de heredar la popularidad que supo cultivar [&hellip;]<\/p>\n","protected":false},"author":1,"featured_media":19984,"comment_status":"closed","ping_status":"closed","sticky":false,"template":"","format":"standard","meta":[],"categories":[24],"tags":[],"_links":{"self":[{"href":"http:\/\/cordobadirecto.com\/index.php\/wp-json\/wp\/v2\/posts\/19983"}],"collection":[{"href":"http:\/\/cordobadirecto.com\/index.php\/wp-json\/wp\/v2\/posts"}],"about":[{"href":"http:\/\/cordobadirecto.com\/index.php\/wp-json\/wp\/v2\/types\/post"}],"author":[{"embeddable":true,"href":"http:\/\/cordobadirecto.com\/index.php\/wp-json\/wp\/v2\/users\/1"}],"replies":[{"embeddable":true,"href":"http:\/\/cordobadirecto.com\/index.php\/wp-json\/wp\/v2\/comments?post=19983"}],"version-history":[{"count":0,"href":"http:\/\/cordobadirecto.com\/index.php\/wp-json\/wp\/v2\/posts\/19983\/revisions"}],"wp:featuredmedia":[{"embeddable":true,"href":"http:\/\/cordobadirecto.com\/index.php\/wp-json\/wp\/v2\/media\/19984"}],"wp:attachment":[{"href":"http:\/\/cordobadirecto.com\/index.php\/wp-json\/wp\/v2\/media?parent=19983"}],"wp:term":[{"taxonomy":"category","embeddable":true,"href":"http:\/\/cordobadirecto.com\/index.php\/wp-json\/wp\/v2\/categories?post=19983"},{"taxonomy":"post_tag","embeddable":true,"href":"http:\/\/cordobadirecto.com\/index.php\/wp-json\/wp\/v2\/tags?post=19983"}],"curies":[{"name":"wp","href":"https:\/\/api.w.org\/{rel}","templated":true}]}}