{"id":1999,"date":"2021-02-23T00:03:35","date_gmt":"2021-02-23T00:03:35","guid":{"rendered":"https:\/\/es.digitaltrends.com\/?p=788926"},"modified":"2021-02-23T00:03:35","modified_gmt":"2021-02-23T00:03:35","slug":"asi-era-la-tecnologia-de-los-miticos-cascos-de-daft-punk","status":"publish","type":"post","link":"http:\/\/cordobadirecto.com\/index.php\/2021\/02\/23\/asi-era-la-tecnologia-de-los-miticos-cascos-de-daft-punk\/","title":{"rendered":"As\u00ed era la tecnolog\u00eda de los m\u00edticos cascos de Daft Punk"},"content":{"rendered":"<p><span>La despedida del d\u00fao franc\u00e9s de m\u00fasica electr\u00f3nica Daft Punk no pudo ser m\u00e1s emotiva. Luego de 28 a\u00f1os de carrera, el grupo de los m\u00fasicos Guy-Manuel de Homem-Christo y Thomas Bangalter lleg\u00f3 a su fin, pero dej\u00f3 un extraordinario repertorio de canciones y, tal vez ahora comparable con las presentaciones de Kraftwerk, <a href=\"https:\/\/es.digitaltrends.com\/salud\/mascara-proteccion-extrema-covid-daft-punk\/\">la caracter\u00edstica apariencia rob\u00f3tica<\/a> que sus fan\u00e1ticos siempre trataron de igualar a modo de tributo en cada una de sus presentaciones.<\/span><\/p>\n<figure id=\"attachment_788939\" aria-describedby=\"caption-attachment-788939\" class=\"wp-caption aligncenter\"><img src=\"http:\/\/cordobadirecto.com\/wp-content\/uploads\/2021\/02\/asi-era-la-tecnologia-de-los-miticos-cascos-de-daft-punk.gif\" data-dt-lazy-src=\"https:\/\/icdn6.digitaltrends.com\/image\/digitaltrends_es\/lo-zoo-di-105-concert-720x720.jpg\" onerror=\"dti_load_error(this)\" class=\"size-large wp-image-788939 dt-lazy-load dt-lazy-pending\" alt=\"Una imagen del dueto franc\u00e9s de m\u00fasica electr\u00f3nica Daft Punk\"><figcaption id=\"caption-attachment-788939\" class=\"wp-caption-text\"><span class=\"text\">El grupo musical franc\u00e9s Daft Punk durante el concierto de los 20 a\u00f1os de Lo Zoo di 105 en el Hip\u00f3dromo. Mil\u00e1n (Italia), 8 de julio de 2019 (Foto de Marco Piraccini\/Archivio Marco Piraccini\/Mondadori v\u00eda Getty Images).<\/span><\/figcaption><\/figure>\n<p><span>Curiosamente, la m\u00edtica apariencia del grupo no llegar\u00eda sino hasta la \u00e9poca de su segundo material de estudio <\/span><i><span>Discovery<\/span><\/i><span>, con el que el d\u00fao dar\u00eda la bienvenida a la que ser\u00eda su imagen hasta el \u00faltimo de sus d\u00edas. Esa apariencia fue ideada por Thomas Bangalter y el dise\u00f1ador de efectos especiales y maquillista Tony Gardner, quienes vieron en los robots de la pel\u00edcula de 1951 <\/span><i><span>The Day the Earth Stood Still <\/span><\/i><span>(<\/span><i><span>El D\u00eda que la Tierra se detuvo <\/span><\/i><span>en Am\u00e9rica Latina y <\/span><i><span>Ultim\u00e1tum a la Tierra <\/span><\/i><span>en Espa\u00f1a) el punto de partida para los aclamados cascos.<\/span><\/p>\n<p><span>En una entrevista publicada por la revista <\/span><i><span>Mixmag<\/span><\/i><span>, Gardner \u2014cuyo trabajo se extendi\u00f3 por toda la carrera de Daft Punk\u2014 cuenta que los primeros bocetos incluso conceptualizaban un rostro rob\u00f3tico cubierto de cabello, al estilo de los c\u00edborgs del anime japon\u00e9s. <\/span><\/p>\n<p><span>En sus memorias tambi\u00e9n est\u00e1 que, desde un inicio, Thomas quiso que la pantalla de su caso mostrara mensajes para responder al p\u00fablico, una caracter\u00edsticas que se antoja sencill\u00edsima con las microcomputadoras arduino, pero que en 1999 representaba un logro t\u00e9cnico solo posible al ocultar un cabler\u00edo en la espalda del m\u00fasico.<\/span><\/p>\n<p><iframe src=\"https:\/\/www.youtube.com\/embed\/XtjucCWeOf4\" width=\"560\" height=\"315\" frameborder=\"0\" allowfullscreen=\"allowfullscreen\">[embedded content]<\/iframe><\/p>\n<p><span>El genio de musical de los franceses marc\u00f3 a una generaci\u00f3n de j\u00f3venes que creci\u00f3 con Internet \u2014difusor por excelencia del h\u00e1galo usted mismo\u2014, por lo que en la actualidad, cientos de integrantes de la cultura <\/span><i><span>maker<\/span><\/i><span> muestran <a href=\"https:\/\/www.youtube.com\/watch?v=SSmlWDFfArE&amp;ab_channel=WildcatChannel\" target=\"_blank\" rel=\"noopener noreferrer\">tutoriales sobre c\u00f3mo construir estos cascos<\/a>.<\/span><\/p>\n<p><span>Sobre decirlo, no es tarea f\u00e1cil, pues se requieren habilidades en artes pl\u00e1sticas y una pizca de programaci\u00f3n para las luces en los cascos. <\/span><\/p>\n<h4 class=\"h-editors-recs-title\"> Recomendaciones del editor\t<\/h4>\n<p> <span id=\"publisher-md\" itemprop=\"publisher\" itemscope itemtype=\"https:\/\/schema.org\/Organization\"> <span itemprop=\"url\" itemtype=\"https:\/\/schema.org\/Url\" content=\"https:\/\/es.digitaltrends.com\"> <span itemprop=\"logo\" itemscope itemtype=\"https:\/\/schema.org\/ImageObject\"> <meta itemprop=\"url\" content=\"https:\/\/cdn.dtcn.com\/dt\/dt-logo-small.png\"> <meta itemprop=\"width\" content=\"0\"> <meta itemprop=\"height\" content=\"0\"> <\/span> <meta itemprop=\"name\" content=\"Digital Trends Espa\u00f1ol\"> <\/span> <span itemprop=\"image\" itemscope itemtype=\"https:\/\/schema.org\/ImageObject\"> <meta itemprop=\"url\" content=\"https:\/\/icdn2.digitaltrends.com\/image\/digitaltrends_es\/lo-zoo-di-105-concert.jpg\"> <\/span> <\/span><\/p>\n","protected":false},"excerpt":{"rendered":"<p>La despedida del d\u00fao franc\u00e9s de m\u00fasica electr\u00f3nica Daft Punk no pudo ser m\u00e1s emotiva. Luego de 28 a\u00f1os de carrera, el grupo de los m\u00fasicos Guy-Manuel de Homem-Christo y Thomas Bangalter lleg\u00f3 a su fin, pero dej\u00f3 un extraordinario repertorio de canciones y, tal vez ahora comparable con las presentaciones de Kraftwerk, la caracter\u00edstica [&hellip;]<\/p>\n","protected":false},"author":1,"featured_media":2000,"comment_status":"closed","ping_status":"closed","sticky":false,"template":"","format":"standard","meta":[],"categories":[19,18],"tags":[],"_links":{"self":[{"href":"http:\/\/cordobadirecto.com\/index.php\/wp-json\/wp\/v2\/posts\/1999"}],"collection":[{"href":"http:\/\/cordobadirecto.com\/index.php\/wp-json\/wp\/v2\/posts"}],"about":[{"href":"http:\/\/cordobadirecto.com\/index.php\/wp-json\/wp\/v2\/types\/post"}],"author":[{"embeddable":true,"href":"http:\/\/cordobadirecto.com\/index.php\/wp-json\/wp\/v2\/users\/1"}],"replies":[{"embeddable":true,"href":"http:\/\/cordobadirecto.com\/index.php\/wp-json\/wp\/v2\/comments?post=1999"}],"version-history":[{"count":0,"href":"http:\/\/cordobadirecto.com\/index.php\/wp-json\/wp\/v2\/posts\/1999\/revisions"}],"wp:featuredmedia":[{"embeddable":true,"href":"http:\/\/cordobadirecto.com\/index.php\/wp-json\/wp\/v2\/media\/2000"}],"wp:attachment":[{"href":"http:\/\/cordobadirecto.com\/index.php\/wp-json\/wp\/v2\/media?parent=1999"}],"wp:term":[{"taxonomy":"category","embeddable":true,"href":"http:\/\/cordobadirecto.com\/index.php\/wp-json\/wp\/v2\/categories?post=1999"},{"taxonomy":"post_tag","embeddable":true,"href":"http:\/\/cordobadirecto.com\/index.php\/wp-json\/wp\/v2\/tags?post=1999"}],"curies":[{"name":"wp","href":"https:\/\/api.w.org\/{rel}","templated":true}]}}