{"id":19992,"date":"2021-09-24T19:05:19","date_gmt":"2021-09-24T19:05:19","guid":{"rendered":"https:\/\/puntoapunto.com.ar\/?p=316805"},"modified":"2021-09-24T19:05:19","modified_gmt":"2021-09-24T19:05:19","slug":"baja-la-desocupacion-estos-son-los-numeros-del-segundo-trimestre","status":"publish","type":"post","link":"http:\/\/cordobadirecto.com\/index.php\/2021\/09\/24\/baja-la-desocupacion-estos-son-los-numeros-del-segundo-trimestre\/","title":{"rendered":"Baja la desocupaci\u00f3n: estos son los n\u00fameros del segundo trimestre"},"content":{"rendered":"<div class=\"td-post-featured-image\"><a href=\"http:\/\/cordobadirecto.com\/wp-content\/uploads\/2021\/09\/baja-la-desocupacion-estos-son-los-numeros-del-segundo-trimestre-8.jpg\" data-caption><img loading=\"lazy\" width=\"696\" height=\"464\" class=\"entry-thumb td-modal-image\" src=\"http:\/\/cordobadirecto.com\/wp-content\/uploads\/2021\/09\/baja-la-desocupacion-estos-son-los-numeros-del-segundo-trimestre.jpg\" srcset=\"http:\/\/cordobadirecto.com\/wp-content\/uploads\/2021\/09\/baja-la-desocupacion-estos-son-los-numeros-del-segundo-trimestre.jpg 696w, http:\/\/cordobadirecto.com\/wp-content\/uploads\/2021\/09\/baja-la-desocupacion-estos-son-los-numeros-del-segundo-trimestre-2.jpg 300w, http:\/\/cordobadirecto.com\/wp-content\/uploads\/2021\/09\/baja-la-desocupacion-estos-son-los-numeros-del-segundo-trimestre-3.jpg 1024w, http:\/\/cordobadirecto.com\/wp-content\/uploads\/2021\/09\/baja-la-desocupacion-estos-son-los-numeros-del-segundo-trimestre-4.jpg 768w, http:\/\/cordobadirecto.com\/wp-content\/uploads\/2021\/09\/baja-la-desocupacion-estos-son-los-numeros-del-segundo-trimestre-5.jpg 150w, http:\/\/cordobadirecto.com\/wp-content\/uploads\/2021\/09\/baja-la-desocupacion-estos-son-los-numeros-del-segundo-trimestre-6.jpg 1068w, http:\/\/cordobadirecto.com\/wp-content\/uploads\/2021\/09\/baja-la-desocupacion-estos-son-los-numeros-del-segundo-trimestre-7.jpg 630w, http:\/\/cordobadirecto.com\/wp-content\/uploads\/2021\/09\/baja-la-desocupacion-estos-son-los-numeros-del-segundo-trimestre-8.jpg 1280w\" sizes=\"(max-width: 696px) 100vw, 696px\" alt title=\"DESEMPLEO\"><\/a><\/div>\n<p>En el cierre del segundo trimestre del a\u00f1o<strong>, la desocupaci\u00f3n baj\u00f3 al 9,6%<\/strong> seg\u00fan los datos oficiales del&nbsp;INDEC. La cifra se ubica por debajo del<strong> 13,1%<\/strong> de igual per\u00edodo del 2020, y del <strong>10,2%<\/strong> del primer trimestre de este a\u00f1o.<\/p>\n<p>La sub ocupaci\u00f3n demandante, que comprende a la gente que trabaja menos de 35 horas semanales, aument\u00f3 al 8,5% contra el 5% del segundo trimestre del a\u00f1o pasado, mientras que los \u201cno demandantes\u201d baj\u00f3 al 3,9%, contra el 4,6% de igual lapso anterior.<\/p>\n<p>El rubro Construcci\u00f3n aument\u00f3 su participaci\u00f3n en 1,6% (de 6,9% a 8,5%); Transporte, almacenamiento y comunicaciones, en 0,7% (de 7,3% a 8,0%), Otros servicios comunitarios, sociales y personales en 0,7% (de 4,8% a 5,5%) y <a href=\"https:\/\/puntoapunto.com.ar\/crece-la-actividad-hotelera-cordoba-entre-las-provincias-con-mas-afluencia\/\" target=\"_blank\" rel=\"noopener\">Hoteles<\/a> y <a href=\"https:\/\/puntoapunto.com.ar\/inauguro-ida-el-restaurante-que-ofrece-gastronomia-del-mundo-y-cocteleria-premium\/\" target=\"_blank\" rel=\"noopener\">restaurantes<\/a>, en 0,6% (de 2,8% a 3,4%).<\/p>\n<p>El informe del Indec precis\u00f3 tambi\u00e9n que en el segundo trimestre de 2021, la<strong> tasa de actividad<\/strong> (TA) -que mide la poblaci\u00f3n econ\u00f3micamente activa (PEA) sobre el total de la poblaci\u00f3n- alcanz\u00f3 el<strong> 45,9%<\/strong>; mientras que la tasa de empleo (TE) -que mide la proporci\u00f3n de personas ocupadas con relaci\u00f3n a la poblaci\u00f3n total- se ubic\u00f3 en <strong>41,5%<\/strong>; y la<strong> tasa de desocupaci\u00f3n<\/strong> (TD) -personas que no tienen ocupaci\u00f3n, est\u00e1n disponibles para trabajar y buscan empleo activamente, como proporci\u00f3n de la PEA- se ubic\u00f3 en <strong>9,6%<\/strong>.<\/p>\n<p>En base a estos n\u00fameros, Indec estima que la cantidad de <strong>desocupados<\/strong> fue de alrededor de<strong> 1.273.000 personas en el segundo trimestre<\/strong>, frente a una poblaci\u00f3n econ\u00f3micamente activa de 13.254.000 en condiciones de trabajar en los principales centros urbanos.<\/p>\n<p>Los niveles de mayor desocupaci\u00f3n se anotaron en Santa Rosa, la capital de La Pampa, con el 13,3%; seguido por Tucum\u00e1n, y <strong>C\u00f3rdoba<\/strong>, ambas con el<strong> 12,4%<\/strong>; Rosario, 11,8%; Mar del Plata 11,6%; Rawson-Trelew, 10,7%; Salta 10,4%; y el Gran Buenos Aires, donde se concentra casi un tercio de la poblaci\u00f3n del pa\u00eds, con el 10,2%.<\/p>\n<div class=\"saboxplugin-wrap\" itemtype=\"http:\/\/schema.org\/Person\" itemscope itemprop=\"author\">\n<div class=\"saboxplugin-tab\">\n<div class=\"saboxplugin-gravatar\"><img alt src=\"http:\/\/cordobadirecto.com\/wp-content\/uploads\/2021\/09\/baja-la-desocupacion-estos-son-los-numeros-del-segundo-trimestre-1.jpg\" srcset=\"http:\/\/cordobadirecto.com\/wp-content\/uploads\/2021\/09\/baja-la-desocupacion-estos-son-los-numeros-del-segundo-trimestre-9.jpg 2x\" class=\"avatar avatar-100 photo\" height=\"100\" width=\"100\" itemprop=\"image\" loading=\"lazy\"><\/div>\n<div class=\"saboxplugin-desc\" readability=\"6.5\">\n<div itemprop=\"description\" readability=\"8\">\n<p>Este articulo fue escrito por la redacci\u00f3n de Punto a Punto. Seguinos en todas nuestras redes sociales<\/p>\n<\/div>\n<\/div>\n<\/div>\n<\/div>\n","protected":false},"excerpt":{"rendered":"<p>En el cierre del segundo trimestre del a\u00f1o, la desocupaci\u00f3n baj\u00f3 al 9,6% seg\u00fan los datos oficiales del&nbsp;INDEC. La cifra se ubica por debajo del 13,1% de igual per\u00edodo del 2020, y del 10,2% del primer trimestre de este a\u00f1o. La sub ocupaci\u00f3n demandante, que comprende a la gente que trabaja menos de 35 horas [&hellip;]<\/p>\n","protected":false},"author":1,"featured_media":19993,"comment_status":"closed","ping_status":"closed","sticky":false,"template":"","format":"standard","meta":[],"categories":[25],"tags":[],"_links":{"self":[{"href":"http:\/\/cordobadirecto.com\/index.php\/wp-json\/wp\/v2\/posts\/19992"}],"collection":[{"href":"http:\/\/cordobadirecto.com\/index.php\/wp-json\/wp\/v2\/posts"}],"about":[{"href":"http:\/\/cordobadirecto.com\/index.php\/wp-json\/wp\/v2\/types\/post"}],"author":[{"embeddable":true,"href":"http:\/\/cordobadirecto.com\/index.php\/wp-json\/wp\/v2\/users\/1"}],"replies":[{"embeddable":true,"href":"http:\/\/cordobadirecto.com\/index.php\/wp-json\/wp\/v2\/comments?post=19992"}],"version-history":[{"count":0,"href":"http:\/\/cordobadirecto.com\/index.php\/wp-json\/wp\/v2\/posts\/19992\/revisions"}],"wp:featuredmedia":[{"embeddable":true,"href":"http:\/\/cordobadirecto.com\/index.php\/wp-json\/wp\/v2\/media\/19993"}],"wp:attachment":[{"href":"http:\/\/cordobadirecto.com\/index.php\/wp-json\/wp\/v2\/media?parent=19992"}],"wp:term":[{"taxonomy":"category","embeddable":true,"href":"http:\/\/cordobadirecto.com\/index.php\/wp-json\/wp\/v2\/categories?post=19992"},{"taxonomy":"post_tag","embeddable":true,"href":"http:\/\/cordobadirecto.com\/index.php\/wp-json\/wp\/v2\/tags?post=19992"}],"curies":[{"name":"wp","href":"https:\/\/api.w.org\/{rel}","templated":true}]}}